{"id":10898,"date":"2025-02-26T15:03:37","date_gmt":"2025-02-26T14:03:37","guid":{"rendered":"https:\/\/www.kyriad-vannes.fr\/?p=10898"},"modified":"2025-07-23T12:07:02","modified_gmt":"2025-07-23T10:07:02","slug":"entdecken-sie-das-neue-elegante-ambiente-unseres-restaurants-in-limage-sainte-anne-in-vannes","status":"publish","type":"post","link":"https:\/\/www.kyriad-vannes.fr\/de\/actualites\/decouvrez-la-nouvelle-ambiance-elegante-de-notre-restaurant-a-limage-sainte-anne-a-vannes\/","title":{"rendered":"Entdecken Sie das Neue Elegante Ambiente unseres Restaurants \u00c0 l'Image Sainte Anne in Vannes"},"content":{"rendered":"<div data-elementor-type=\"wp-post\" data-elementor-id=\"10898\" class=\"elementor elementor-10898\" data-elementor-post-type=\"post\">\n\t\t\t\t<div class=\"elementor-element elementor-element-e147c34 e-flex e-con-boxed e-con e-parent\" data-id=\"e147c34\" data-element_type=\"container\" data-e-type=\"container\">\n\t\t\t\t\t<div class=\"e-con-inner\">\n\t\t\t\t<div class=\"elementor-element elementor-element-555bff8 elementor-widget elementor-widget-text-editor\" data-id=\"555bff8\" data-element_type=\"widget\" data-e-type=\"widget\" data-widget_type=\"text-editor.default\">\n\t\t\t\t<div class=\"elementor-widget-container\">\n\t\t\t\t\t\t\t\t\t<h2 class=\"content_cms\"><strong>Das Restaurant Vannetais \u00c0 l'Image Sainte-Anne durchl\u00e4uft die Epochen...<\/strong><\/h2>\t\t\t\t\t\t\t\t<\/div>\n\t\t\t\t<\/div>\n\t\t<div class=\"elementor-element elementor-element-439104b e-con-full e-flex e-con e-child\" data-id=\"439104b\" data-element_type=\"container\" data-e-type=\"container\">\n\t\t\t\t<div class=\"elementor-element elementor-element-4b3cf14 elementor-widget elementor-widget-image\" data-id=\"4b3cf14\" data-element_type=\"widget\" data-e-type=\"widget\" data-widget_type=\"image.default\">\n\t\t\t\t<div class=\"elementor-widget-container\">\n\t\t\t\t\t\t\t\t\t\t\t\t\t\t\t<img fetchpriority=\"high\" decoding=\"async\" width=\"768\" height=\"512\" src=\"https:\/\/www.kyriad-vannes.fr\/wp-content\/uploads\/2025\/02\/Restaurant-A-l-Image-Sainte-Anne-Vannes-Centre-3-ConvertImage-768x512.jpg\" class=\"attachment-medium_large size-medium_large wp-image-11604\" alt=\"\" srcset=\"https:\/\/www.kyriad-vannes.fr\/wp-content\/uploads\/2025\/02\/Restaurant-A-l-Image-Sainte-Anne-Vannes-Centre-3-ConvertImage-768x512.jpg 768w, https:\/\/www.kyriad-vannes.fr\/wp-content\/uploads\/2025\/02\/Restaurant-A-l-Image-Sainte-Anne-Vannes-Centre-3-ConvertImage-300x200.jpg 300w, https:\/\/www.kyriad-vannes.fr\/wp-content\/uploads\/2025\/02\/Restaurant-A-l-Image-Sainte-Anne-Vannes-Centre-3-ConvertImage-1024x683.jpg 1024w, https:\/\/www.kyriad-vannes.fr\/wp-content\/uploads\/2025\/02\/Restaurant-A-l-Image-Sainte-Anne-Vannes-Centre-3-ConvertImage-18x12.jpg 18w\" sizes=\"(max-width: 768px) 100vw, 768px\" title=\"\">\t\t\t\t\t\t\t\t\t\t\t\t\t\t\t<\/div>\n\t\t\t\t<\/div>\n\t\t\t\t<\/div>\n\t\t\t\t<div class=\"elementor-element elementor-element-b5b55df elementor-widget elementor-widget-text-editor\" data-id=\"b5b55df\" data-element_type=\"widget\" data-e-type=\"widget\" data-widget_type=\"text-editor.default\">\n\t\t\t\t<div class=\"elementor-widget-container\">\n\t\t\t\t\t\t\t\t\t<p>Die<strong>\u00a0<a title=\"site restaurant Vannes\" href=\"https:\/\/www.kyriad-vannes.fr\/de\/restaurant-vannes.html\/\">Restaurant \u00c0 l'Image Sainte-Anne in Vannes<\/a><\/strong>Das seit 1738 bestehende Wahrzeichen der Stadt erscheint nach einer umfassenden Renovierung in einem neuen Licht.\u00a0<strong>Komplettrenovierung<\/strong>. Diese Umwandlung bietet nun eine moderne Dekoration, die die Geschichte und den einzigartigen Charme dieses\u00a0<strong>historisches Restaurant<\/strong>.<\/p><h3 class=\"content_cms\">\u00a0<\/h3><h3 class=\"content_cms\"><strong>Eine Renovierung mit lokalen Handwerkern<\/strong><\/h3><p>Die Renovierung des\u00a0<a title=\"restaurant vannes\" href=\"https:\/\/www.kyriad-vannes.fr\/de\/restaurant-vannes.html\/\"><strong>Restaurant \u00c0 l'Image Sainte-Anne in Vanne<\/strong>s<\/a>\u00a0wurde mithilfe lokaler Talente realisiert, um einen authentischen Touch zu gew\u00e4hrleisten. Laetitia Lepetit von L.Decor in S\u00e9n\u00e9 entwarf ein raffiniertes Ambiente, indem sie das traditionelle Rot durch ein elegantes Nachtblau ersetzte. Diese Farbe sorgt f\u00fcr eine beruhigende Modernit\u00e4t und bewahrt gleichzeitig die zeitlose Eleganz des Ortes.<\/p><p>Die grafische Identit\u00e4t wurde von Accessweb (Plouhinec 56) neu gestaltet, wobei die Schilder und die Glasmalerei von Fabrik'En Pub (Le H\u00e9zo) angefertigt wurden. Die Maler- und Einrichtungsarbeiten wurden vom Handwerker Jean Beguin (Arradon) sorgf\u00e4ltig ausgef\u00fchrt.<\/p>\t\t\t\t\t\t\t\t<\/div>\n\t\t\t\t<\/div>\n\t\t\t\t<div class=\"elementor-element elementor-element-3e41a9c elementor-widget elementor-widget-image\" data-id=\"3e41a9c\" data-element_type=\"widget\" data-e-type=\"widget\" data-widget_type=\"image.default\">\n\t\t\t\t<div class=\"elementor-widget-container\">\n\t\t\t\t\t\t\t\t\t\t\t\t\t\t\t<img decoding=\"async\" width=\"768\" height=\"512\" src=\"https:\/\/www.kyriad-vannes.fr\/wp-content\/uploads\/2025\/02\/Restaurant-A-l-Image-Sainte-Anne-Vannes-Centre-21-ConvertImage-768x512.jpg\" class=\"attachment-medium_large size-medium_large wp-image-11606\" alt=\"\" srcset=\"https:\/\/www.kyriad-vannes.fr\/wp-content\/uploads\/2025\/02\/Restaurant-A-l-Image-Sainte-Anne-Vannes-Centre-21-ConvertImage-768x512.jpg 768w, https:\/\/www.kyriad-vannes.fr\/wp-content\/uploads\/2025\/02\/Restaurant-A-l-Image-Sainte-Anne-Vannes-Centre-21-ConvertImage-300x200.jpg 300w, https:\/\/www.kyriad-vannes.fr\/wp-content\/uploads\/2025\/02\/Restaurant-A-l-Image-Sainte-Anne-Vannes-Centre-21-ConvertImage-1024x683.jpg 1024w, https:\/\/www.kyriad-vannes.fr\/wp-content\/uploads\/2025\/02\/Restaurant-A-l-Image-Sainte-Anne-Vannes-Centre-21-ConvertImage-18x12.jpg 18w\" sizes=\"(max-width: 768px) 100vw, 768px\" title=\"\">\t\t\t\t\t\t\t\t\t\t\t\t\t\t\t<\/div>\n\t\t\t\t<\/div>\n\t\t\t\t<div class=\"elementor-element elementor-element-4edc849 elementor-widget elementor-widget-text-editor\" data-id=\"4edc849\" data-element_type=\"widget\" data-e-type=\"widget\" data-widget_type=\"text-editor.default\">\n\t\t\t\t<div class=\"elementor-widget-container\">\n\t\t\t\t\t\t\t\t\t<h2 class=\"content_cms\"><strong>Eine perfekte Fusion aus Tradition und Moderne f\u00fcr dieses Wahrzeichen von Vannes<\/strong><\/h2><p>In St. Anne's Image,\u00a0<strong>Restaurant in Vannes<\/strong>bietet weiterhin eine\u00a0<strong>bistronomische K\u00fcche<\/strong>\u00a0erfinderisch unter der Leitung des K\u00fcchenchefs Fr\u00e9d\u00e9ric Thebaud. Seit seiner\u00a0<strong>Labelisierung Ma\u00eetre Restaurateur\u00a0<\/strong>im Jahr 2013 zeichnet sich unsere Einrichtung dadurch aus, dass sie die bretonischen kulinarischen Traditionen respektiert und gleichzeitig mit hausgemachten Gerichten innovativ ist. Diese<a title=\"maitre restaurateur kyriad\" href=\"https:\/\/www.kyriad-vannes.fr\/de\/actus\/restaurant-vannes-maitre-restaurateur-a-l-image-sainte-anne-34.html\/\">\u00a0<strong>Titel von<\/strong>\u00a0<strong>Ma\u00eetre Restaurateur<\/strong>\u00a0<\/a>verk\u00f6rpert die Exzellenz der gro\u00dfen Fachleute der traditionellen Gastronomie, indem sie ihr Know-how und ihr Engagement f\u00fcr eine einwandfreie Qualit\u00e4t hervorhebt.<\/p><p>\u00a0<\/p><p>N\u00e4mlich, dass wenn die visuelle Identit\u00e4t des<strong>\u00a0<a title=\"site restaurant Vannes\" href=\"https:\/\/www.kyriad-vannes.fr\/de\/restaurant-vannes.html\/\">Restaurant \u00c0 l'Image Sainte-Anne in Vannes<\/a><\/strong> hat sich mit einer moderneren Dekoration weiterentwickelt, die Seele seiner K\u00fcche, die sich auf hausgemachte Gerichte und lokale Produkte konzentriert, ist jedoch unver\u00e4ndert geblieben.<\/p><p>\u00a0<\/p><p>Die\u00a0<strong>neue Dekoration<\/strong>\u00a0Nachtblau schafft eine ruhige und elegante Atmosph\u00e4re, die perfekt ist, um eine gro\u00dfz\u00fcgige und raffinierte K\u00fcche in einer modernisierten Umgebung zu genie\u00dfen.<\/p><h3 class=\"content_cms\">\u00a0<\/h3><h3 class=\"content_cms\"><strong>Ein idealer Rahmen f\u00fcr Ihren Gourmet-Ausflug nach Vannes<\/strong><\/h3><p>Unser\u00a0<strong>Restaurant in Vannes<\/strong>Das Haus, das sich am Place de la Lib\u00e9ration befindet und an den<strong><a title=\"hotelseite vannes Kyriad\" href=\"https:\/\/www.kyriad-vannes.fr\/de\/hotel-vannes.html\/\">Hotel Kyriad Vannes Centre-ville<\/a><\/strong>l\u00e4dt Sie ein, sein neues Ambiente zu entdecken. Ob f\u00fcr einen gastronomischen Abend oder f\u00fcr einen Aufenthalt, der Komfort und Entdeckungen verbindet, dieses renovierte Lokal bietet Ihnen ein unvergessliches kulinarisches Erlebnis.<\/p>\t\t\t\t\t\t\t\t<\/div>\n\t\t\t\t<\/div>\n\t\t<div class=\"elementor-element elementor-element-068595e e-con-full e-flex e-con e-child\" data-id=\"068595e\" data-element_type=\"container\" data-e-type=\"container\">\n\t\t\t\t<div class=\"elementor-element elementor-element-25cb529 elementor-widget elementor-widget-image\" data-id=\"25cb529\" data-element_type=\"widget\" data-e-type=\"widget\" data-widget_type=\"image.default\">\n\t\t\t\t<div class=\"elementor-widget-container\">\n\t\t\t\t\t\t\t\t\t\t\t\t\t\t\t<img decoding=\"async\" width=\"768\" height=\"545\" src=\"https:\/\/www.kyriad-vannes.fr\/wp-content\/uploads\/2025\/02\/Vignette-rectangle-KY-11-768x545.png\" class=\"attachment-medium_large size-medium_large wp-image-11596\" alt=\"\" srcset=\"https:\/\/www.kyriad-vannes.fr\/wp-content\/uploads\/2025\/02\/Vignette-rectangle-KY-11-768x545.png 768w, https:\/\/www.kyriad-vannes.fr\/wp-content\/uploads\/2025\/02\/Vignette-rectangle-KY-11-300x213.png 300w, https:\/\/www.kyriad-vannes.fr\/wp-content\/uploads\/2025\/02\/Vignette-rectangle-KY-11-1024x726.png 1024w, https:\/\/www.kyriad-vannes.fr\/wp-content\/uploads\/2025\/02\/Vignette-rectangle-KY-11-1536x1090.png 1536w, https:\/\/www.kyriad-vannes.fr\/wp-content\/uploads\/2025\/02\/Vignette-rectangle-KY-11-2048x1453.png 2048w, https:\/\/www.kyriad-vannes.fr\/wp-content\/uploads\/2025\/02\/Vignette-rectangle-KY-11-18x12.png 18w\" sizes=\"(max-width: 768px) 100vw, 768px\" title=\"\">\t\t\t\t\t\t\t\t\t\t\t\t\t\t\t<\/div>\n\t\t\t\t<\/div>\n\t\t\t\t<\/div>\n\t\t\t\t<div class=\"elementor-element elementor-element-b23f281 elementor-widget elementor-widget-text-editor\" data-id=\"b23f281\" data-element_type=\"widget\" data-e-type=\"widget\" data-widget_type=\"text-editor.default\">\n\t\t\t\t<div class=\"elementor-widget-container\">\n\t\t\t\t\t\t\t\t\t<p>Ideal gelegen in der N\u00e4he des Jachthafens und der Altstadt von Vannes, ist dieses\u00a0<strong>historische Einrichtung\u00a0<\/strong>genie\u00dft eine privilegierte Lage. Es ist leicht zu erreichen und bietet verschiedene Annehmlichkeiten, darunter sorgf\u00e4ltig und komfortabel eingerichtete Zimmer, Zimmerservice, eine 24-Stunden-Rezeption sowie Memory-Kissen f\u00fcr ein noch angenehmeres Erlebnis.<\/p><p>Finden Sie alle Fotos und Informationen von unserem\u00a0<strong>hotel-restaurant in Vannes<\/strong>\u00a0in unseren sozialen Netzwerken, wie\u00a0<a title=\"facebook ISA\" href=\"https:\/\/www.facebook.com\/KyriadVannesCentre\/\" rel=\"nofollow noopener\" target=\"_blank\">Facebook<\/a>\u00a0und\u00a0<a title=\"instagram ISA\" href=\"https:\/\/www.instagram.com\/restaurant_a_image_sainte_anne\/?hl=fr\" rel=\"nofollow noopener\" target=\"_blank\">Instagram<\/a><\/p>\t\t\t\t\t\t\t\t<\/div>\n\t\t\t\t<\/div>\n\t\t\t\t\t<\/div>\n\t\t\t\t<\/div>\n\t\t\t\t<\/div>","protected":false},"excerpt":{"rendered":"<p>Le Restaurant Vannetais \u00c0 l&rsquo;Image Sainte-Anne traverse les \u00e9poques\u2026 Le\u00a0restaurant \u00c0 l&rsquo;Image Sainte-Anne \u00e0 Vannes, un \u00e9tablissement embl\u00e9matique depuis 1738, se d\u00e9voile sous un nouveau jour apr\u00e8s une\u00a0r\u00e9novation compl\u00e8te. Cette transformation offre d\u00e9sormais une d\u00e9coration moderne qui sublime l&rsquo;histoire et le charme unique de ce\u00a0restaurant historique. \u00a0 Une R\u00e9novation Sign\u00e9e par des Artisans Locaux La [&hellip;]<\/p>\n","protected":false},"author":7,"featured_media":11022,"comment_status":"closed","ping_status":"open","sticky":false,"template":"","format":"standard","meta":{"_acf_changed":false,"inline_featured_image":false,"footnotes":""},"categories":[16],"tags":[],"class_list":["post-10898","post","type-post","status-publish","format-standard","has-post-thumbnail","hentry","category-actualites"],"acf":[],"_links":{"self":[{"href":"https:\/\/www.kyriad-vannes.fr\/de\/wp-json\/wp\/v2\/posts\/10898","targetHints":{"allow":["GET"]}}],"collection":[{"href":"https:\/\/www.kyriad-vannes.fr\/de\/wp-json\/wp\/v2\/posts"}],"about":[{"href":"https:\/\/www.kyriad-vannes.fr\/de\/wp-json\/wp\/v2\/types\/post"}],"author":[{"embeddable":true,"href":"https:\/\/www.kyriad-vannes.fr\/de\/wp-json\/wp\/v2\/users\/7"}],"replies":[{"embeddable":true,"href":"https:\/\/www.kyriad-vannes.fr\/de\/wp-json\/wp\/v2\/comments?post=10898"}],"version-history":[{"count":19,"href":"https:\/\/www.kyriad-vannes.fr\/de\/wp-json\/wp\/v2\/posts\/10898\/revisions"}],"predecessor-version":[{"id":11609,"href":"https:\/\/www.kyriad-vannes.fr\/de\/wp-json\/wp\/v2\/posts\/10898\/revisions\/11609"}],"wp:featuredmedia":[{"embeddable":true,"href":"https:\/\/www.kyriad-vannes.fr\/de\/wp-json\/wp\/v2\/media\/11022"}],"wp:attachment":[{"href":"https:\/\/www.kyriad-vannes.fr\/de\/wp-json\/wp\/v2\/media?parent=10898"}],"wp:term":[{"taxonomy":"category","embeddable":true,"href":"https:\/\/www.kyriad-vannes.fr\/de\/wp-json\/wp\/v2\/categories?post=10898"},{"taxonomy":"post_tag","embeddable":true,"href":"https:\/\/www.kyriad-vannes.fr\/de\/wp-json\/wp\/v2\/tags?post=10898"}],"curies":[{"name":"wp","href":"https:\/\/api.w.org\/{rel}","templated":true}]}}