{"id":11345,"date":"2025-06-14T16:14:11","date_gmt":"2025-06-14T14:14:11","guid":{"rendered":"https:\/\/www.kyriad-vannes.fr\/?p=11345"},"modified":"2026-01-09T14:21:22","modified_gmt":"2026-01-09T13:21:22","slug":"ein-hauch-von-dete-in-vannes-neuer-dambiance-duft-kyriad","status":"publish","type":"post","link":"https:\/\/www.kyriad-vannes.fr\/de\/actualites\/un-souffle-dete-a-vannes-nouveau-parfum-dambiance-kyriad\/","title":{"rendered":"EIN HAUCH VON SOMMER IN VANNES: NEUER KYRIAD-STIMMUNGSDUFT"},"content":{"rendered":"<div data-elementor-type=\"wp-post\" data-elementor-id=\"11345\" class=\"elementor elementor-11345\" data-elementor-post-type=\"post\">\n\t\t\t\t<div class=\"elementor-element elementor-element-533d5549 e-flex e-con-boxed e-con e-parent\" data-id=\"533d5549\" data-element_type=\"container\" data-e-type=\"container\">\n\t\t\t\t\t<div class=\"e-con-inner\">\n\t\t\t\t<div class=\"elementor-element elementor-element-a10f0ce elementor-widget elementor-widget-text-editor\" data-id=\"a10f0ce\" data-element_type=\"widget\" data-e-type=\"widget\" data-widget_type=\"text-editor.default\">\n\t\t\t\t<div class=\"elementor-widget-container\">\n\t\t\t\t\t\t\t\t\t<p><\/p>\n<h2 class=\"wp-block-heading\"><strong>Verl\u00e4ngern Sie Ihren Aufenthalt in Vannes mit dem Kyriad-Raumduft<\/strong><\/h2>\n<p><\/p>\n<p>Ihr Aufenthalt im <strong>Kyriad Vannes Stadtzentrum <\/strong>ist nicht auf eine Hotel\u00fcbernachtung beschr\u00e4nkt, sondern ein umfassendes Erlebnis, bei dem jedes Detail z\u00e4hlt. Wie w\u00e4re es, wenn Sie diese herzerw\u00e4rmende Atmosph\u00e4re aus Ihren <strong>Sommerferien in der Bretagne<\/strong> ?<\/p>\n<p>\u00a0<\/p>\n<p>Das ist jetzt m\u00f6glich mit unserem <strong>Kyriad Raumduft \"Souffle d'\u00c9t\u00e9<\/strong>\", die an der Rezeption erh\u00e4ltlich sind.<\/p>\n<p>\u00a0<\/p>\n<p>\u00a0<\/p>\n<p><\/p>\n<figure class=\"wp-block-image size-full is-resized\"><img fetchpriority=\"high\" decoding=\"async\" class=\"aligncenter wp-image-11361\" src=\"https:\/\/www.kyriad-vannes.fr\/wp-content\/uploads\/2025\/06\/parfum-d-ambiance-KY-2-ConvertImage-1024x726.jpg\" alt=\"stimmungsvoller Duft Kyriad Atem des Sommers\" width=\"600\" height=\"426\" title=\"\" srcset=\"https:\/\/www.kyriad-vannes.fr\/wp-content\/uploads\/2025\/06\/parfum-d-ambiance-KY-2-ConvertImage-1024x726.jpg 1024w, https:\/\/www.kyriad-vannes.fr\/wp-content\/uploads\/2025\/06\/parfum-d-ambiance-KY-2-ConvertImage-300x213.jpg 300w, https:\/\/www.kyriad-vannes.fr\/wp-content\/uploads\/2025\/06\/parfum-d-ambiance-KY-2-ConvertImage-768x545.jpg 768w, https:\/\/www.kyriad-vannes.fr\/wp-content\/uploads\/2025\/06\/parfum-d-ambiance-KY-2-ConvertImage-1536x1090.jpg 1536w, https:\/\/www.kyriad-vannes.fr\/wp-content\/uploads\/2025\/06\/parfum-d-ambiance-KY-2-ConvertImage-18x12.jpg 18w, https:\/\/www.kyriad-vannes.fr\/wp-content\/uploads\/2025\/06\/parfum-d-ambiance-KY-2-ConvertImage.jpg 1748w\" sizes=\"(max-width: 600px) 100vw, 600px\" \/><\/figure>\n<p><\/p>\n<div class=\"wp-block-spacer\" style=\"height: 31px;\" aria-hidden=\"true\">\u00a0<\/div>\n<p><\/p>\n<h2 class=\"wp-block-heading\"><strong>Ein Souvenir, das Sie von Ihrem Aufenthalt in der S\u00fcdbretagne mit nach Hause nehmen k\u00f6nnen<\/strong><\/h2>\n<p><\/p>\n<p>Dieser Duft wurde in Zusammenarbeit mit Parf\u00fcmeuren aus Grasse entwickelt. <strong>Sommerhauch Kyriad<\/strong> wurde so gestaltet, dass sie die W\u00e4rme und Sanftheit eines <strong>Sommeraufenthalt in Vannes<\/strong>. Nach Ihrer Ankunft in unserem <strong>Hotel in der Bretagne<\/strong>Wenn Sie sich in einer anderen Sprache ausdr\u00fccken, umh\u00fcllt und begleitet sie Sie w\u00e4hrend Ihrer gesamten Erfahrung.<\/p>\n<p>\u00a0<\/p>\n<p>Diese <strong>Kyriad-Raumduft<\/strong> mit Noten von Eisenkraut, Orangenbl\u00fcte, Iris und Moschus erinnert an das Gef\u00fchl eines Sonnenstrahls auf der Haut und an die Frische von Sommern\u00e4chten am Strand. <a href=\"https:\/\/morbihan.com\/decouvrir\/sauvage-mythique\/un-littoral-dexception\/les-plus-belles-plages-du-morbihan\/\" rel=\"nofollow noopener\" target=\"_blank\">Str\u00e4nde in Morbihan<\/a>.<\/p>\n<p>\u00a0<\/p>\n<p>Die <strong>Kyriad-Raumduft<\/strong> wird in einer 100-ml-Flasche mit St\u00e4bchen-Diffusor angeboten. Es ist eine gute Geschenkidee, die Sie von Ihrem <strong>Aufenthalt in der Bretagne<\/strong>. \u00c4sthetisch und sensorisch zugleich, f\u00fcgt er sich leicht in jede Einrichtung ein und erinnert mit jedem Atemzug an die sch\u00f6nen Momente, die man beim Entdecken der <a href=\"https:\/\/www.kyriad-vannes.fr\/de\/aktuelle-nachrichten\/decouvrir-vannes-et-ses-alentours-en-bretagne-sud\/\">Vannes und die s\u00fcdliche Bretagne - ein Muss!<\/a><\/p>\n<p>\u00a0<\/p>\n<p><em>Zum Verkauf erh\u00e4ltlich in der Rezeption - 19,90 \u20ac inkl. MwSt.<\/em><\/p>\n<p><\/p>\n<h2 class=\"wp-block-heading\">\u00a0<\/h2>\n<h2 class=\"wp-block-heading\"><strong>Ein Hotel im Herzen von Vannes, um die Bretagne in vollen Z\u00fcgen zu erleben<\/strong><\/h2>\n<p><\/p>\n<p>Unser Hotel <strong>Kyriad Vannes Stadtzentrum<\/strong> ist ideal vor den Toren der mittelalterlichen Stadt gelegen, in unmittelbarer N\u00e4he der Einkaufsstra\u00dfen, des Hafens und der kulturellen Veranstaltungen. Dank dieser zentralen Lage k\u00f6nnen Sie problemlos das <strong>Golf von Morbihan<\/strong>Die Stadt ist ein Ort, an dem man sich wohlf\u00fchlen kann, wenn man die M\u00e4rkte, die Stadtmauern oder die zahlreichen Veranstaltungen, die das ganze Jahr \u00fcber stattfinden, besucht.<\/p>\n<p>\u00a0<\/p>\n<p>Genie\u00dfen Sie die warme Atmosph\u00e4re unserer sorgf\u00e4ltig eingerichteten Zimmer und schlemmen Sie im <a href=\"https:\/\/www.kyriad-vannes.fr\/de\/aktuelle-nachrichten\/das-restaurant-a-limage-sainte-anne-in-vannes-zertifiziert-maitre-restaurateur\/\"><strong>Restaurant \u00c0 l'Image Sainte-Anne<\/strong><\/a>Er bietet Ihnen eine qualitativ hochwertige K\u00fcche, die vom bretonischen Terroir inspiriert ist.<\/p>\n<p>\u00a0<\/p>\n<p>Und f\u00fcr einen noch komfortableren Aufenthalt bietet unser <strong>3-Sterne-Hotel in<\/strong> <strong>Ventile<\/strong> verf\u00fcgt \u00fcber einen <strong>Privatparkplatz <\/strong>die Ihnen das Reisen in aller Ruhe erleichtert (kostenpflichtiger Parkplatz mit Reservierung, begrenzte Pl\u00e4tze).<\/p>\n<p>\u00a0<\/p>\n<p>Entdecken Sie schnell diesen <strong>Kyriad-Raumduft<\/strong> der wie ein Hauch von Sommer zu Ihrer Lieblingsstimmung wird... Sie werden diesen Geruch, der Sie an die <strong>Urlaub in der Bretagne<\/strong>\u00a0!<\/p>\n<p><\/p>\t\t\t\t\t\t\t\t<\/div>\n\t\t\t\t<\/div>\n\t\t\t\t\t<\/div>\n\t\t\t\t<\/div>\n\t\t\t\t<\/div>","protected":false},"excerpt":{"rendered":"<p>Prolongez votre s\u00e9jour \u00e0 Vannes avec le parfum d\u2019ambiance Kyriad Votre s\u00e9jour au Kyriad Vannes Centre-Ville ne se limite pas \u00e0 une nuit d\u2019h\u00f4tel, c\u2019est une exp\u00e9rience compl\u00e8te, o\u00f9 chaque d\u00e9tail compte. Et si vous pouviez emporter chez vous cette ambiance r\u00e9confortante de vos vacances d&rsquo;\u00e9t\u00e9 en Bretagne ? \u00a0 C\u2019est d\u00e9sormais possible avec notre [&hellip;]<\/p>\n","protected":false},"author":18,"featured_media":11352,"comment_status":"closed","ping_status":"open","sticky":false,"template":"","format":"standard","meta":{"_acf_changed":false,"inline_featured_image":false,"footnotes":""},"categories":[16],"tags":[],"class_list":["post-11345","post","type-post","status-publish","format-standard","has-post-thumbnail","hentry","category-actualites"],"acf":[],"_links":{"self":[{"href":"https:\/\/www.kyriad-vannes.fr\/de\/wp-json\/wp\/v2\/posts\/11345","targetHints":{"allow":["GET"]}}],"collection":[{"href":"https:\/\/www.kyriad-vannes.fr\/de\/wp-json\/wp\/v2\/posts"}],"about":[{"href":"https:\/\/www.kyriad-vannes.fr\/de\/wp-json\/wp\/v2\/types\/post"}],"author":[{"embeddable":true,"href":"https:\/\/www.kyriad-vannes.fr\/de\/wp-json\/wp\/v2\/users\/18"}],"replies":[{"embeddable":true,"href":"https:\/\/www.kyriad-vannes.fr\/de\/wp-json\/wp\/v2\/comments?post=11345"}],"version-history":[{"count":13,"href":"https:\/\/www.kyriad-vannes.fr\/de\/wp-json\/wp\/v2\/posts\/11345\/revisions"}],"predecessor-version":[{"id":11406,"href":"https:\/\/www.kyriad-vannes.fr\/de\/wp-json\/wp\/v2\/posts\/11345\/revisions\/11406"}],"wp:featuredmedia":[{"embeddable":true,"href":"https:\/\/www.kyriad-vannes.fr\/de\/wp-json\/wp\/v2\/media\/11352"}],"wp:attachment":[{"href":"https:\/\/www.kyriad-vannes.fr\/de\/wp-json\/wp\/v2\/media?parent=11345"}],"wp:term":[{"taxonomy":"category","embeddable":true,"href":"https:\/\/www.kyriad-vannes.fr\/de\/wp-json\/wp\/v2\/categories?post=11345"},{"taxonomy":"post_tag","embeddable":true,"href":"https:\/\/www.kyriad-vannes.fr\/de\/wp-json\/wp\/v2\/tags?post=11345"}],"curies":[{"name":"wp","href":"https:\/\/api.w.org\/{rel}","templated":true}]}}