{"id":2751,"date":"2022-11-09T16:59:39","date_gmt":"2022-11-09T15:59:39","guid":{"rendered":"https:\/\/www.kyriad-vannes.fr\/?p=2751"},"modified":"2025-10-06T13:59:57","modified_gmt":"2025-10-06T11:59:57","slug":"neue-traumhafte-bettwasche","status":"publish","type":"post","link":"https:\/\/www.kyriad-vannes.fr\/de\/actualites\/nouvelle-literie-de-reve\/","title":{"rendered":"Traumhafte neue Bettw\u00e4sche in Ihrem 3-Sterne-Hotel in Vannes"},"content":{"rendered":"<div data-elementor-type=\"wp-post\" data-elementor-id=\"2751\" class=\"elementor elementor-2751\" data-elementor-post-type=\"post\">\n\t\t\t\t<div class=\"elementor-element elementor-element-41130d9c e-flex e-con-boxed e-con e-parent\" data-id=\"41130d9c\" data-element_type=\"container\" data-e-type=\"container\">\n\t\t\t\t\t<div class=\"e-con-inner\">\n\t\t\t\t<div class=\"elementor-element elementor-element-624ba7d9 elementor-widget elementor-widget-text-editor\" data-id=\"624ba7d9\" data-element_type=\"widget\" data-e-type=\"widget\" data-widget_type=\"text-editor.default\">\n\t\t\t\t<div class=\"elementor-widget-container\">\n\t\t\t\t\t\t\t\t\t<div class=\"wp-block-spacer\" style=\"height: 50px;\" aria-hidden=\"true\">\u00a0<\/div>\n<p><!-- \/wp:spacer --><\/p>\n<p><!-- wp:heading {\"level\":3} --><\/p>\n<h3 class=\"wp-block-heading\"><strong>Eine Hotelys-Bettw\u00e4sche: Der franz\u00f6sische Hersteller von ma\u00dfgefertigten Bettwaren landet bei uns!<\/strong><\/h3>\n<p><!-- \/wp:heading --><\/p>\n<p><!-- wp:spacer {\"height\":\"35px\"} --><\/p>\n<div class=\"wp-block-spacer\" style=\"height: 35px;\" aria-hidden=\"true\">\u00a0<\/div>\n<p><!-- \/wp:spacer --><\/p>\n<p><!-- wp:paragraph --><\/p>\n<p>Entdecken Sie im Jahr 2024 den unvergleichlichen Komfort einer\u00a0<strong>gutes Bettzeug<\/strong>\u00a0in Ihrem Hotel Kyriad Vannes Centre-ville.<\/p>\n<p><!-- \/wp:paragraph --><\/p>\n<p><!-- wp:paragraph --><\/p>\n<p>Unsere\u00a0<strong>Hotelzimmer mit neuer Bettw\u00e4sche<\/strong>warten auf Sie! Wir haben das Beste f\u00fcr Sie ausgew\u00e4hlt!<\/p>\n<p><!-- \/wp:paragraph --><\/p>\n<p><!-- wp:paragraph --><\/p>\n<p>Entdecken Sie \"\u00a0<a href=\"https:\/\/www.hotelys.com\/fr\/\" rel=\"nofollow noopener\" target=\"_blank\">Hotelys<\/a>\u00a0\" und seine 50-j\u00e4hrige Expertise.\u00a0<strong>Unser 3-Sterne-Hotel<\/strong>\u00a0hat den besten Komfort gew\u00e4hlt, damit Sie wunderbare N\u00e4chte in Morbihan verbringen k\u00f6nnen,\u00a0<strong>im Herzen von Vannes<\/strong>.<\/p>\n<p><!-- \/wp:paragraph --><\/p>\n<p><!-- wp:spacer {\"height\":\"50px\"} --><\/p>\n<div class=\"wp-block-spacer\" style=\"height: 50px;\" aria-hidden=\"true\">\u00a0<\/div>\n<p><!-- \/wp:spacer --><\/p>\n<p><!-- wp:heading {\"level\":3} --><\/p>\n<h3 class=\"wp-block-heading\"><strong>Traumhafte Bettw\u00e4sche in Vannes by Hotelys<\/strong><\/h3>\n<p><!-- \/wp:heading --><\/p>\n<p><!-- wp:spacer {\"height\":\"35px\"} --><\/p>\n<div class=\"wp-block-spacer\" style=\"height: 35px;\" aria-hidden=\"true\">\u00a0<\/div>\n<p><!-- \/wp:spacer --><\/p>\n<p><!-- wp:paragraph --><\/p>\n<p>Dies stellt diese<strong>\u00a0Traumbettw\u00e4sche<\/strong>\u00a0die Sie bei uns w\u00e4hrend Ihres Aufenthalts in Vannes finden werden...<\/p>\n<p><!-- \/wp:paragraph --><\/p>\n<p><!-- wp:paragraph --><\/p>\n<p>Eine Zusammenarbeit zwischen dem Kyriad Vannes Centre-Ville und Hotelys. Wir m\u00f6chten, dass unsere G\u00e4ste t\u00e4glich von einer\u00a0<strong>Hochwertige Bettw\u00e4sche, die Komfort, Eleganz und Wohlbefinden bietet.<\/strong>\u00a0\u00a0Deshalb haben wir beschlossen, uns mit einem\u00a0<strong>Bettwarenhersteller<\/strong>\u00a0der die gleichen Werte wie wir teilt. Das Fachwissen, die franz\u00f6sische Qualit\u00e4t, die<a href=\"https:\/\/www.kyriad-vannes.fr\/de\/FR\/actus\/ioz-eau-une-eau-pure-et-locale-dans-notre-restaurant-a-vannes-206.html\/\"><u>\u00f6kologisches Engagement<\/u><\/a>Die Sch\u00fclerinnen und Sch\u00fcler m\u00fcssen in der Lage sein, ihre F\u00e4higkeiten, wie z. B. Agilit\u00e4t, Zuh\u00f6ren und Fachwissen, zu verbessern.<\/p>\n<p><!-- \/wp:paragraph --><\/p>\n<p><!-- wp:spacer {\"height\":\"35px\"} --><\/p>\n<div class=\"wp-block-spacer\" style=\"height: 35px;\" aria-hidden=\"true\">\u00a0<\/div>\n<p><!-- \/wp:spacer --><\/p>\n<p><!-- wp:paragraph --><\/p>\n<p><strong>Die Pluspunkte dieser Bettw\u00e4sche :<\/strong><\/p>\n<p><!-- \/wp:paragraph --><\/p>\n<p><!-- wp:paragraph --><\/p>\n<p>- Bretonisches Savoir-faire<\/p>\n<p><!-- \/wp:paragraph --><\/p>\n<p><!-- wp:paragraph --><\/p>\n<p>- Ausgezeichnete Unterst\u00fctzung<\/p>\n<p><!-- \/wp:paragraph --><\/p>\n<p><!-- wp:paragraph --><\/p>\n<p>- Umweltfreundlich<\/p>\n<p><!-- \/wp:paragraph --><\/p>\n<p><!-- wp:paragraph --><\/p>\n<p>- Stabilit\u00e4t, Haltbarkeit und Anti-Abstumpfung des Produkts<\/p>\n<p><!-- \/wp:paragraph --><\/p>\n<p><!-- wp:spacer {\"height\":\"50px\"} --><\/p>\n<div class=\"wp-block-spacer\" style=\"height: 50px;\" aria-hidden=\"true\">\u00a0<\/div>\n<div aria-hidden=\"true\"><img fetchpriority=\"high\" decoding=\"async\" class=\"wp-image-8212 size-full aligncenter\" src=\"https:\/\/www.kyriad-vannes.fr\/wp-content\/uploads\/2024\/08\/Visuel_dans_article_KY_1.png\" alt=\"\" width=\"600\" height=\"200\" title=\"\" srcset=\"https:\/\/www.kyriad-vannes.fr\/wp-content\/uploads\/2024\/08\/Visuel_dans_article_KY_1.png 600w, https:\/\/www.kyriad-vannes.fr\/wp-content\/uploads\/2024\/08\/Visuel_dans_article_KY_1-300x100.png 300w, https:\/\/www.kyriad-vannes.fr\/wp-content\/uploads\/2024\/08\/Visuel_dans_article_KY_1-18x6.png 18w\" sizes=\"(max-width: 600px) 100vw, 600px\" \/><\/div>\n<div class=\"wp-block-group\">\n<p><!-- \/wp:image --><\/p>\n<\/div>\n<p><!-- \/wp:group --><\/p>\n<p><!-- wp:spacer {\"height\":\"35px\"} --><\/p>\n<div class=\"wp-block-spacer\" style=\"height: 35px;\" aria-hidden=\"true\">\u00a0<\/div>\n<div aria-hidden=\"true\">\u00a0<\/div>\n<p><!-- \/wp:spacer --><\/p>\n<p><!-- wp:heading {\"level\":3} --><\/p>\n<h3 class=\"wp-block-heading\"><strong>Hochwertige Bettw\u00e4sche in Ihrem 3-Sterne-Hotel in Vannes<\/strong><\/h3>\n<p><!-- \/wp:heading --><\/p>\n<p><!-- wp:paragraph --><\/p>\n<p>Ihr Wohlbefinden ist unsere Priorit\u00e4t, deshalb bieten wir Ihnen Folgendes an\u00a0<strong>neue Bettw\u00e4sche<\/strong>\u00a0komplett f\u00fcr eine erholsame Nacht in Vannes!<\/p>\n<p><!-- \/wp:paragraph --><\/p>\n<p><!-- wp:paragraph --><\/p>\n<p>Wir haben beschlossen, alles zu \u00e4ndern, nur f\u00fcr Sie. Ihr Schlaf und Ihr Komfort haben im Kyriad Vannes Centre-Ville keinen Preis. Gute und erholsame N\u00e4chte sind wichtig, um gesund zu bleiben, also ist nichts zu sch\u00f6n f\u00fcr Sie in\u00a0<strong>unser 3-Sterne-Hotel in Vannes.<\/strong><\/p>\n<p><!-- \/wp:paragraph --><\/p>\n<p><!-- wp:spacer {\"height\":\"35px\"} --><\/p>\n<div class=\"wp-block-spacer\" style=\"height: 35px;\" aria-hidden=\"true\">\u00a0<\/div>\n<p><!-- \/wp:spacer --><\/p>\n<p><!-- wp:paragraph --><\/p>\n<p>Um Sie durch die N\u00e4chte zu begleiten, haben wir Hotelys und seine\u00a0<strong>bretonische Qualit\u00e4t<\/strong>\u00a0:<\/p>\n<p><!-- \/wp:paragraph --><\/p>\n<p><!-- wp:paragraph --><\/p>\n<p>Die Matratze: Diese Matratze besteht aus 100% Taschenfedern, die in 90 % recyceltem Stahl angeordnet sind und eine H\u00f6he von 30 Zentimetern haben. Dadurch wird eine perfekte, definierte und passende Unterst\u00fctzung f\u00fcr jede Art von Morphologie geboten.<\/p>\n<p><!-- \/wp:paragraph --><\/p>\n<p><!-- wp:paragraph --><\/p>\n<p>Der Lattenrost: Dieser Lattenrost wird sich perfekt an die Matratze aus dem Hotelys Brillant 30-Sortiment anpassen.\u00a0<\/p>\n<p>Seine Filzf\u00fcllung sorgt f\u00fcr eine perfekte Isolierung und verbessert den Kontakt mit der Matratze.<\/p>\n<p>\u00a0<\/p>\n<p><!-- \/wp:paragraph --><\/p>\n<p><!-- wp:paragraph --><\/p>\n<p>Und, bringt Sie das schon zum Tr\u00e4umen?<\/p>\n<p><!-- \/wp:paragraph --><\/p>\n<p><!-- wp:spacer {\"height\":\"35px\"} --><\/p>\n<div class=\"wp-block-spacer\" style=\"height: 35px;\" aria-hidden=\"true\">\u00a0<\/div>\n<p><!-- \/wp:spacer --><\/p>\n<p><!-- wp:heading {\"level\":3} --><\/p>\n<h3 class=\"wp-block-heading\"><strong>Komfort- und Wellness-Eskapade im Zentrum von Vannes<\/strong><\/h3>\n<p><!-- \/wp:heading --><\/p>\n<p><!-- wp:paragraph --><\/p>\n<p>F\u00fcr einen erholsamen Aufenthalt im Morbihan w\u00e4hlen Sie\u00a0<strong>unser Hotel<\/strong>\u00a0und seine verschiedenen Vorteile!<\/p>\n<p><!-- \/wp:paragraph --><\/p>\n<p><!-- wp:paragraph --><\/p>\n<p>Tr\u00e4umen Sie von kleinen Boni w\u00e4hrend Ihres Aufenthalts in Vannes? Ob gesch\u00e4ftlich oder touristisch, es ist immer ein Vergn\u00fcgen, von bestimmten Vorteilen zu profitieren...<\/p>\n<p><!-- \/wp:paragraph --><\/p>\n<p><!-- wp:paragraph --><\/p>\n<p>Im Kyriad Vannes Centre-ville sind Sie nur wenige Schritte vom\u00a0<a href=\"https:\/\/www.golfedumorbihan.bzh\/citybreak\/week-end-a-vannes\/\" rel=\"nofollow noopener\" target=\"_blank\">historisches Zentrum von Vannes<\/a>\u00a0mit allem Komfort: ein\u00a0<a href=\"https:\/\/www.kyriad-vannes.fr\/de\/actus\/l-histoire-de-notre-etablissement-hotel-restaurant-a-vannes-102.html\/\">bistronomisches Restaurant<\/a>Eine Bar, Personal, das sich um Sie k\u00fcmmert, Tipps f\u00fcr Ihre Ausfl\u00fcge und Entdeckungen, ein gesicherter Parkplatz (kostenpflichtig) mit Ladestation, Ihr Zimmer mit H\u00f6flichkeitstablett (Kaffee, Tee, lokale Kekse, etc.), Gesch\u00e4fte und Sehensw\u00fcrdigkeiten in der N\u00e4he, Bus unten am Hotel...<\/p>\n<p><!-- \/wp:paragraph --><\/p>\n<p><!-- wp:paragraph --><\/p>\n<p>Die Superior-Zimmer mit Verbindungst\u00fcr, die jeweils mindestens 17 m\u00b2 gro\u00df sind, eignen sich ideal f\u00fcr einen Aufenthalt mit Kindern in Vannes.<\/p>\n<p><!-- \/wp:paragraph --><\/p>\n<p><!-- wp:spacer {\"height\":\"35px\"} --><\/p>\n<div class=\"wp-block-spacer\" style=\"height: 35px;\" aria-hidden=\"true\">\u00a0<\/div>\n<p><!-- \/wp:spacer --><\/p>\n<p><!-- wp:paragraph --><\/p>\n<p>Die\u00a0<strong>neue Hotelys-Bettw\u00e4sche<\/strong>\u00a0ist seit Anfang 2024 in Ihrem\u00a0<strong>3-Sterne-Hotel in Vannes.<\/strong><\/p>\n<p><!-- \/wp:paragraph --><\/p>\n<p><!-- wp:paragraph --><\/p>\n<p>F\u00fcr eine\u00a0<strong>Ausflug nach Vannes<\/strong>\u00a0erfolgreich ist, ist es ideal. Z\u00f6gern Sie nicht, sie zu testen!<\/p>\n<p><!-- \/wp:paragraph --><\/p>\n<p><!-- wp:paragraph --><\/p>\n<p>Extremer Komfort garantiert!<\/p>\n<p>\u00a0<\/p>\n<p>\u00a0<\/p>\n<p><!-- \/wp:paragraph --><\/p>\n<p><!-- wp:paragraph --><\/p>\n<p>| Besuchen Sie unser Konto\u00a0<a href=\"https:\/\/www.instagram.com\/kyriad_vannes_centre\/\" rel=\"nofollow noopener\" target=\"_blank\">Instagram<\/a>\u00a0um unsere Neuheiten und Aktualit\u00e4ten zu erfahren.<\/p>\n<p><!-- \/wp:paragraph --><\/p>\n<p><!-- wp:paragraph --><\/p>\n<p>F\u00fcr Reservierungen kontaktieren Sie uns unter 02 97 63 27 36.<\/p>\n<p><!-- \/wp:paragraph --><\/p>\t\t\t\t\t\t\t\t<\/div>\n\t\t\t\t<\/div>\n\t\t\t\t\t<\/div>\n\t\t\t\t<\/div>\n\t\t\t\t<\/div>","protected":false},"excerpt":{"rendered":"<p>\u00a0 Une literie Hotelys : le fabricant fran\u00e7ais de literie sur mesure d\u00e9barque chez nous ! \u00a0 En 2024, red\u00e9couvrez le confort in\u00e9gal\u00e9 d&rsquo;une\u00a0bonne literie\u00a0dans votre h\u00f4tel Kyriad Vannes Centre-ville. Nos\u00a0chambres d&rsquo;h\u00f4tel avec literie neuve, vous attendent\u00a0! Nous avons s\u00e9lectionn\u00e9 ce qui se fait de meilleur rien que pour vous ! D\u00e9couvrez \u00ab\u00a0Hotelys\u00a0\u00bb et ses [&hellip;]<\/p>\n","protected":false},"author":4,"featured_media":8054,"comment_status":"closed","ping_status":"open","sticky":false,"template":"","format":"standard","meta":{"_acf_changed":false,"inline_featured_image":false,"footnotes":""},"categories":[16],"tags":[],"class_list":["post-2751","post","type-post","status-publish","format-standard","has-post-thumbnail","hentry","category-actualites"],"acf":[],"_links":{"self":[{"href":"https:\/\/www.kyriad-vannes.fr\/de\/wp-json\/wp\/v2\/posts\/2751","targetHints":{"allow":["GET"]}}],"collection":[{"href":"https:\/\/www.kyriad-vannes.fr\/de\/wp-json\/wp\/v2\/posts"}],"about":[{"href":"https:\/\/www.kyriad-vannes.fr\/de\/wp-json\/wp\/v2\/types\/post"}],"author":[{"embeddable":true,"href":"https:\/\/www.kyriad-vannes.fr\/de\/wp-json\/wp\/v2\/users\/4"}],"replies":[{"embeddable":true,"href":"https:\/\/www.kyriad-vannes.fr\/de\/wp-json\/wp\/v2\/comments?post=2751"}],"version-history":[{"count":20,"href":"https:\/\/www.kyriad-vannes.fr\/de\/wp-json\/wp\/v2\/posts\/2751\/revisions"}],"predecessor-version":[{"id":11722,"href":"https:\/\/www.kyriad-vannes.fr\/de\/wp-json\/wp\/v2\/posts\/2751\/revisions\/11722"}],"wp:featuredmedia":[{"embeddable":true,"href":"https:\/\/www.kyriad-vannes.fr\/de\/wp-json\/wp\/v2\/media\/8054"}],"wp:attachment":[{"href":"https:\/\/www.kyriad-vannes.fr\/de\/wp-json\/wp\/v2\/media?parent=2751"}],"wp:term":[{"taxonomy":"category","embeddable":true,"href":"https:\/\/www.kyriad-vannes.fr\/de\/wp-json\/wp\/v2\/categories?post=2751"},{"taxonomy":"post_tag","embeddable":true,"href":"https:\/\/www.kyriad-vannes.fr\/de\/wp-json\/wp\/v2\/tags?post=2751"}],"curies":[{"name":"wp","href":"https:\/\/api.w.org\/{rel}","templated":true}]}}