{"id":8263,"date":"2024-08-19T09:51:08","date_gmt":"2024-08-19T07:51:08","guid":{"rendered":"https:\/\/www.kyriad-vannes.fr\/?p=8263"},"modified":"2024-09-09T12:23:56","modified_gmt":"2024-09-09T10:23:56","slug":"decouvrir-auray-und-seine-umgebung-in-der-sudlichen-bretagne","status":"publish","type":"post","link":"https:\/\/www.kyriad-vannes.fr\/de\/actualites\/decouvrez-auray-et-ses-alentours-en-bretagne-sud\/","title":{"rendered":"Entdecken Sie Auray und seine Umgebung in der S\u00fcdbretagne"},"content":{"rendered":"<h3 class=\"wp-block-heading\"><strong>Aufenthalt in der S\u00fcdbretagne - entdecken Sie Auray und seine Umgebung<\/strong><\/h3>\n\n\n\n<p>Machen Sie Urlaub in Morbihan? Nutzen Sie Ihren Aufenthalt, um Auray und seine Umgebung zu besichtigen.<\/p>\n\n\n\n<div style=\"height:60px\" aria-hidden=\"true\" class=\"wp-block-spacer\"><\/div>\n\n\n\n<h3 class=\"wp-block-heading\"><strong>Besuchen Sie Auray und seine Umgebung&nbsp;<\/strong><\/h3>\n\n\n\n<h4 class=\"wp-block-heading\">Auray und der kleine Hafen von Saint-Goustan<\/h4>\n\n\n\n<p>F\u00fcr einen gelungenen Familienurlaub in La&nbsp;<strong>Entdeckung der S\u00fcdbretagne<\/strong>Die mittelalterliche Stadt Auray und ihr historisches Zentrum werden das ganze Jahr \u00fcber von verschiedenen Veranstaltungen belebt, die Sie zu jeder Jahreszeit begeistern werden. Um die lokalen Produkte zu probieren, besuchen Sie den Markt am Montagmorgen und schlendern Sie anschlie\u00dfend durch die h\u00fcbschen, gepflasterten und farbenfrohen Gassen. Nachdem Sie das historische Zentrum dieser h\u00fcbschen Stadt bewundert haben, k\u00f6nnen Sie sich auf den Weg machen.&nbsp;<strong>Stadt der Kunst und Geschichte<\/strong>Gehen Sie durch die Rue du Ch\u00e2teau mit ihren Kunstgalerien hinunter zum ber\u00fchmten&nbsp;<strong>Hafen von Saint-Goustan<\/strong>&nbsp;der sich am Fu\u00dfe der heute nicht mehr existierenden Festung befindet, werden Sie nicht entt\u00e4uscht sein, das verspreche ich Ihnen! Hier k\u00f6nnen Sie am Fluss Loc'h entlanggehen und die charmanten Herrenh\u00e4user bewundern, die sich dort verstecken. Um einen herrlichen Blick auf den Hafen von Saint-Goustan zu erhaschen, sollten Sie sich in die Oberstadt begeben, die \u00fcber dem Hafen liegt. Und f\u00fcr&nbsp;<strong>ein echter Moment der Flucht<\/strong>Sie haben auch die M\u00f6glichkeit<strong>an Bord einer&nbsp;<a href=\"https:\/\/www.kyriad-vannes.fr\/de\/FR\/vannes-hotel-vannes-partenaire-croisiere-dans-le-golf-13.html\/\" target=\"_blank\" rel=\"noreferrer noopener\">Kreuzfahrt durch den Golf von Morbihan<\/a><\/strong>.&nbsp;<\/p>\n\n\n\n<div style=\"height:60px\" aria-hidden=\"true\" class=\"wp-block-spacer\"><\/div>\n\n\n\n<div style=\"height:31px\" aria-hidden=\"true\" class=\"wp-block-spacer\"><\/div>\n\n\n\n<figure class=\"wp-block-image aligncenter size-full is-resized\"><img fetchpriority=\"high\" decoding=\"async\" width=\"1025\" height=\"375\" src=\"https:\/\/www.kyriad-vannes.fr\/wp-content\/uploads\/2024\/08\/Auray_et_le_petit_port_de_Saint-Goustan_1.png\" alt=\"\" class=\"wp-image-8265\" style=\"width:840px;height:auto\" title=\"\" srcset=\"https:\/\/www.kyriad-vannes.fr\/wp-content\/uploads\/2024\/08\/Auray_et_le_petit_port_de_Saint-Goustan_1.png 1025w, https:\/\/www.kyriad-vannes.fr\/wp-content\/uploads\/2024\/08\/Auray_et_le_petit_port_de_Saint-Goustan_1-300x110.png 300w, https:\/\/www.kyriad-vannes.fr\/wp-content\/uploads\/2024\/08\/Auray_et_le_petit_port_de_Saint-Goustan_1-768x281.png 768w, https:\/\/www.kyriad-vannes.fr\/wp-content\/uploads\/2024\/08\/Auray_et_le_petit_port_de_Saint-Goustan_1-18x7.png 18w\" sizes=\"(max-width: 1025px) 100vw, 1025px\" \/><\/figure>\n\n\n\n<div style=\"height:60px\" aria-hidden=\"true\" class=\"wp-block-spacer\"><\/div>\n\n\n\n<p>Sie werden es verstanden haben, Auray und sein kleiner Hafen Saint-Goustan laden Sie zu einer&nbsp;<strong>farbenfroher Ausflug<\/strong>&nbsp;der Ihnen die Augen \u00f6ffnen wird.<\/p>\n\n\n\n<p>Und wenn Sie es nicht eilig haben, warum verl\u00e4ngern Sie den Spaziergang nicht ein wenig, indem Sie bis nach Le Bono fahren? \u00dcberqueren Sie die alte H\u00e4ngebr\u00fccke, die das kleine Dorf Le Bono mit dem Land von Auray verbindet, und genie\u00dfen Sie die herrliche Aussicht auf den Hafen. Werfen Sie zum Abschluss einen Blick auf den Tumulus de Kernours, ein echtes Relikt aus der Jungsteinzeit.&nbsp;<\/p>\n\n\n\n<div style=\"height:60px\" aria-hidden=\"true\" class=\"wp-block-spacer\"><\/div>\n\n\n\n<h3 class=\"wp-block-heading\"><strong>Sainte-Anne d'Auray und ihre Basilika<\/strong><\/h3>\n\n\n\n<p>Nur wenige Minuten von Auray entfernt liegt Sainte-Anne d'Auray, das Sie ebenfalls \u00fcberraschen wird bei Ihrer&nbsp;<strong>Aufenthalt in der S\u00fcdbretagne<\/strong>&nbsp;Die Stadt ist eine Pilgerstadt und der ideale Ort, um neue Energie zu tanken und frische Luft zu schnappen. Besuchen Sie die ber\u00fchmte Basilika, um ihre authentische Architektur zu bewundern und ihre Gr\u00f6\u00dfe zu sch\u00e4tzen... Dann gehen Sie zur Scala Sancta, einem Heiligtum, das jedes Jahr mehr als 800.000 Besucher empf\u00e4ngt.<\/p>\n\n\n\n<div style=\"height:60px\" aria-hidden=\"true\" class=\"wp-block-spacer\"><\/div>\n\n\n\n<figure class=\"wp-block-image aligncenter size-full is-resized\"><img decoding=\"async\" width=\"1025\" height=\"375\" src=\"https:\/\/www.kyriad-vannes.fr\/wp-content\/uploads\/2024\/08\/visuels_auray_et_alentours_1.png\" alt=\"\" class=\"wp-image-8266\" style=\"width:840px;height:auto\" title=\"\" srcset=\"https:\/\/www.kyriad-vannes.fr\/wp-content\/uploads\/2024\/08\/visuels_auray_et_alentours_1.png 1025w, https:\/\/www.kyriad-vannes.fr\/wp-content\/uploads\/2024\/08\/visuels_auray_et_alentours_1-300x110.png 300w, https:\/\/www.kyriad-vannes.fr\/wp-content\/uploads\/2024\/08\/visuels_auray_et_alentours_1-768x281.png 768w, https:\/\/www.kyriad-vannes.fr\/wp-content\/uploads\/2024\/08\/visuels_auray_et_alentours_1-18x7.png 18w\" sizes=\"(max-width: 1025px) 100vw, 1025px\" \/><\/figure>\n\n\n\n<div style=\"height:60px\" aria-hidden=\"true\" class=\"wp-block-spacer\"><\/div>\n\n\n\n<h3 class=\"wp-block-heading\"><strong>Erdeven, Saint-Cado und die Ria d'Etel<\/strong><\/h3>\n\n\n\n<p>Auf dem Weg zur Ria d'Etel k\u00f6nnen Sie in Erdeven einen Zwischenstopp einlegen und an den zahlreichen Str\u00e4nden spazieren gehen, die von wilden D\u00fcnen ges\u00e4umt sind. Sie k\u00f6nnen auch einen der Wanderwege nehmen, die sich Ihnen bieten, und die Megalithen f\u00fcr eine historische Pause besuchen (z. B. die St\u00e4tte von Kerzerho). Fahren Sie anschlie\u00dfend nach Belz, um das kleine Dorf Saint-Cado und sein mythisches Haus mit den blauen Fensterl\u00e4den zu entdecken. Es befindet sich auf der kleinen Insel Nichtarguer im Herzen der Ria d'Etel, die Landschaft wird Sie mit Sicherheit zum Tr\u00e4umen bringen (vor allem, wenn Sie zum Sonnenuntergang dorthin fahren)! Nehmen Sie sich die Zeit, um das geheimnisvolle Inseldorf Saint-Cado zu besuchen, das zu Fu\u00df \u00fcber eine Steinbr\u00fccke erreichbar ist - Sie werden nicht entt\u00e4uscht sein!<\/p>\n\n\n\n<div style=\"height:60px\" aria-hidden=\"true\" class=\"wp-block-spacer\"><\/div>\n\n\n\n<figure class=\"wp-block-image aligncenter size-full is-resized\"><img decoding=\"async\" width=\"1025\" height=\"375\" src=\"https:\/\/www.kyriad-vannes.fr\/wp-content\/uploads\/2024\/08\/visuels_auray_et_alentours.png\" alt=\"\" class=\"wp-image-8267\" style=\"width:840px;height:auto\" title=\"\" srcset=\"https:\/\/www.kyriad-vannes.fr\/wp-content\/uploads\/2024\/08\/visuels_auray_et_alentours.png 1025w, https:\/\/www.kyriad-vannes.fr\/wp-content\/uploads\/2024\/08\/visuels_auray_et_alentours-300x110.png 300w, https:\/\/www.kyriad-vannes.fr\/wp-content\/uploads\/2024\/08\/visuels_auray_et_alentours-768x281.png 768w, https:\/\/www.kyriad-vannes.fr\/wp-content\/uploads\/2024\/08\/visuels_auray_et_alentours-18x7.png 18w\" sizes=\"(max-width: 1025px) 100vw, 1025px\" \/><\/figure>\n\n\n\n<div style=\"height:60px\" aria-hidden=\"true\" class=\"wp-block-spacer\"><\/div>\n\n\n\n<p>Genie\u00dfen Sie Ihren Tag in vollen Z\u00fcgen, um die Ria d'Etel zu entdecken und&nbsp;<strong>begeben Sie sich auf eine echte Kreuzfahrt zwischen Land und Meer<\/strong>&nbsp;Zwischen Mai und September bietet das Schiff Treh Simon \u00fcbrigens eine Reise zwischen den beiden Ufern der Ria an, die in Etel beginnt und in das charmante Dorf Le Magou\u00ebr f\u00fchrt, nicht weit von einem Schiffsfriedhof entfernt, der Sie sprachlos machen d\u00fcrfte.<\/p>\n\n\n\n<h3 class=\"wp-block-heading\"><strong>Carnac und La Trinit\u00e9 sur Mer<\/strong><\/h3>\n\n\n\n<p><em>Carnac Stadt und Carnac Strand<\/em><\/p>\n\n\n\n<p>Als Geschichtsliebhaber sollten Sie Ihren Besuch in Carnac genie\u00dfen, das bekannt ist f\u00fcr seine riesige&nbsp;<strong>pr\u00e4historisches Erbe von megalithischen Alignements<\/strong>&nbsp;Besuchen Sie den Ort zu Fu\u00df und das Museum oder machen Sie in den Sommermonaten eine gef\u00fchrte Tour mit dem Minizug.<\/p>\n\n\n\n<p>Fahren Sie dann nach Carnac Plage, einem Badeort, der von feinen Sandstr\u00e4nden ges\u00e4umt ist, die ideal f\u00fcr Ihre&nbsp;<strong>entspannende Momente mit der Familie<\/strong>oder f\u00fcr Ihre&nbsp;<strong>sportliche Nachmittage am Meer<\/strong>.<\/p>\n\n\n\n<div style=\"height:60px\" aria-hidden=\"true\" class=\"wp-block-spacer\"><\/div>\n\n\n\n<figure class=\"wp-block-image aligncenter size-full is-resized\"><img loading=\"lazy\" decoding=\"async\" width=\"1025\" height=\"375\" src=\"https:\/\/www.kyriad-vannes.fr\/wp-content\/uploads\/2024\/08\/visuels_auray_et_alentours_1-1.png\" alt=\"\" class=\"wp-image-8268\" style=\"width:841px;height:auto\" title=\"\" srcset=\"https:\/\/www.kyriad-vannes.fr\/wp-content\/uploads\/2024\/08\/visuels_auray_et_alentours_1-1.png 1025w, https:\/\/www.kyriad-vannes.fr\/wp-content\/uploads\/2024\/08\/visuels_auray_et_alentours_1-1-300x110.png 300w, https:\/\/www.kyriad-vannes.fr\/wp-content\/uploads\/2024\/08\/visuels_auray_et_alentours_1-1-768x281.png 768w, https:\/\/www.kyriad-vannes.fr\/wp-content\/uploads\/2024\/08\/visuels_auray_et_alentours_1-1-18x7.png 18w\" sizes=\"(max-width: 1025px) 100vw, 1025px\" \/><\/figure>\n\n\n\n<div style=\"height:60px\" aria-hidden=\"true\" class=\"wp-block-spacer\"><\/div>\n\n\n\n<p>Wenn Sie eher auf der Suche nach Abwechslung sind, sollten Sie einen Ausflug zur Anse du P\u00f4 machen, einem kleinen Fischerhafen mit zahlreichen Austernparks.<\/p>\n\n\n\n<p>La Trinit\u00e9 Sur Mer<\/p>\n\n\n\n<p>Die Pont de Kerisper, die Sie vom Land oder vom Meer aus erreichen k\u00f6nnen, ist nicht zu \u00fcbersehen. Sie \u00fcberblickt auf der einen Seite den Fluss Krac'h mit seinen Austernbooten und auf der anderen Seite den Jachthafen mit seinen belebten Kais. Wenn Sie m\u00f6chten, k\u00f6nnen Sie den Sentier des Douaniers (Z\u00f6llnerpfad) nehmen, einen 8 km langen Spaziergang entlang wundersch\u00f6ner Buchten bis hin zu den Salzg\u00e4rten, und dann die Landschaft bewundern, die sich mit den Gezeiten ver\u00e4ndert!<\/p>\n\n\n\n<div style=\"height:60px\" aria-hidden=\"true\" class=\"wp-block-spacer\"><\/div>\n\n\n\n<h3 class=\"wp-block-heading\"><strong>\u00dcbernachten Sie im Hotel Kyriad Vannes Centre-Ville<\/strong><\/h3>\n\n\n\n<h4 class=\"wp-block-heading\">Das Hotel Kyriad Vannes Centre-Ville: idealer Ausgangspunkt f\u00fcr die Erkundung der S\u00fcdbretagne<\/h4>\n\n\n\n<p>Etwa zehn Minuten von Auray entfernt liegt unser&nbsp;<a href=\"https:\/\/www.kyriad-vannes.fr\/de\/hotel-vannes.html\/\" target=\"_blank\" rel=\"noreferrer noopener\">Kyriad Hotel Vannes<\/a>&nbsp;Centre-Ville ist das&nbsp;<strong>idealer Ausgangspunkt f\u00fcr Ihre Fahrt durch den Morbihan<\/strong>. Unser Hotel ist nicht nur ideal gelegen, nur wenige Schritte vom historischen Zentrum von Vannes entfernt, sodass Sie die mittelalterliche Stadt, den Hafen und die Stadtmauern zu Fu\u00df erkunden k\u00f6nnen, sondern es liegt auch ganz in der N\u00e4he der Hauptverkehrsachsen und erleichtert Ihnen den Zugang zu den touristischen Zielen Ihrer Wahl.<\/p>\n\n\n\n<div style=\"height:60px\" aria-hidden=\"true\" class=\"wp-block-spacer\"><\/div>\n\n\n\n<figure class=\"wp-block-image aligncenter size-full is-resized\"><img loading=\"lazy\" decoding=\"async\" width=\"2050\" height=\"650\" src=\"https:\/\/www.kyriad-vannes.fr\/wp-content\/uploads\/2024\/08\/Sans_titre_2.png\" alt=\"\" class=\"wp-image-8269\" style=\"width:841px;height:auto\" title=\"\" srcset=\"https:\/\/www.kyriad-vannes.fr\/wp-content\/uploads\/2024\/08\/Sans_titre_2.png 2050w, https:\/\/www.kyriad-vannes.fr\/wp-content\/uploads\/2024\/08\/Sans_titre_2-300x95.png 300w, https:\/\/www.kyriad-vannes.fr\/wp-content\/uploads\/2024\/08\/Sans_titre_2-1024x325.png 1024w, https:\/\/www.kyriad-vannes.fr\/wp-content\/uploads\/2024\/08\/Sans_titre_2-768x244.png 768w, https:\/\/www.kyriad-vannes.fr\/wp-content\/uploads\/2024\/08\/Sans_titre_2-1536x487.png 1536w, https:\/\/www.kyriad-vannes.fr\/wp-content\/uploads\/2024\/08\/Sans_titre_2-2048x649.png 2048w, https:\/\/www.kyriad-vannes.fr\/wp-content\/uploads\/2024\/08\/Sans_titre_2-18x6.png 18w\" sizes=\"(max-width: 2050px) 100vw, 2050px\" \/><\/figure>\n\n\n\n<div style=\"height:60px\" aria-hidden=\"true\" class=\"wp-block-spacer\"><\/div>\n\n\n\n<h3 class=\"wp-block-heading\"><strong>Das Restaurant \u00c0 L'image Sainte-Anne, um sich w\u00e4hrend Ihres Aufenthalts in Vannes zu verpflegen<\/strong><\/h3>\n\n\n\n<p>Unser Restaurant \u00c0 L'Image Sainte-Anne ist der perfekte Ort, um in Vannes zu essen, nachdem Sie Auray und seine Umgebung besucht haben, und um eine authentische und kreative K\u00fcche mit bretonischen Aromen zu genie\u00dfen. Unser Restaurant, das seit 1948 ein Qualit\u00e4tshaus ist, ist&nbsp;<strong>mit dem Label Ma\u00eetre Restaurateur ausgezeichnet<\/strong>&nbsp;und ist der ideale Ort f\u00fcr Sie, wenn Sie die regionalen K\u00f6stlichkeiten probieren m\u00f6chten.&nbsp;<a href=\"http:\/\/www.assiwa.fr\/medias\/kyriad\/Restaurant%20A%20l%27Image%20Sainte-Anne-Carte%202020%20complete-BD%20Web.pdf\" target=\"_blank\" rel=\"noreferrer noopener nofollow\">Entdecken Sie die Speisekarte des Restaurants<\/a>&nbsp;um Ihre Sinne zu wecken, w\u00e4hrend Sie auf die Wiederer\u00f6ffnung warten! Wir freuen uns darauf, Sie wieder zu empfangen&nbsp;<strong>im Herzen von Vannes im Morbihan<\/strong>. Und zu Feiertagen oder anderen Anl\u00e4ssen, bei denen man jemandem eine Freude machen m\u00f6chte, wie w\u00e4re es mit&nbsp;<a href=\"https:\/\/www.kyriad-vannes.fr\/de\/bons-cadeaux.html\/\" target=\"_blank\" rel=\"noreferrer noopener\">sich f\u00fcr einen Geschenkgutschein entscheiden<\/a>&nbsp;?<\/p>\n\n\n\n<div style=\"height:31px\" aria-hidden=\"true\" class=\"wp-block-spacer\"><\/div>","protected":false},"excerpt":{"rendered":"<p>S\u00e9jour en Bretagne Sud &#8211; d\u00e9couvrez Auray et ses alentours En vacances dans le Morbihan ? Profitez de votre s\u00e9jour pour visiter Auray et ses alentours. Visitez Auray et ses alentours&nbsp; Auray et le petit port de Saint-Goustan Pour un s\u00e9jour en famille r\u00e9ussi \u00e0 la&nbsp;d\u00e9couverte de la Bretagne Sud, ne ratez pas la cit\u00e9 [&hellip;]<\/p>\n","protected":false},"author":2,"featured_media":8264,"comment_status":"closed","ping_status":"open","sticky":false,"template":"","format":"standard","meta":{"_acf_changed":false,"inline_featured_image":false,"footnotes":""},"categories":[16],"tags":[],"class_list":["post-8263","post","type-post","status-publish","format-standard","has-post-thumbnail","hentry","category-actualites"],"acf":[],"_links":{"self":[{"href":"https:\/\/www.kyriad-vannes.fr\/de\/wp-json\/wp\/v2\/posts\/8263","targetHints":{"allow":["GET"]}}],"collection":[{"href":"https:\/\/www.kyriad-vannes.fr\/de\/wp-json\/wp\/v2\/posts"}],"about":[{"href":"https:\/\/www.kyriad-vannes.fr\/de\/wp-json\/wp\/v2\/types\/post"}],"author":[{"embeddable":true,"href":"https:\/\/www.kyriad-vannes.fr\/de\/wp-json\/wp\/v2\/users\/2"}],"replies":[{"embeddable":true,"href":"https:\/\/www.kyriad-vannes.fr\/de\/wp-json\/wp\/v2\/comments?post=8263"}],"version-history":[{"count":9,"href":"https:\/\/www.kyriad-vannes.fr\/de\/wp-json\/wp\/v2\/posts\/8263\/revisions"}],"predecessor-version":[{"id":8313,"href":"https:\/\/www.kyriad-vannes.fr\/de\/wp-json\/wp\/v2\/posts\/8263\/revisions\/8313"}],"wp:featuredmedia":[{"embeddable":true,"href":"https:\/\/www.kyriad-vannes.fr\/de\/wp-json\/wp\/v2\/media\/8264"}],"wp:attachment":[{"href":"https:\/\/www.kyriad-vannes.fr\/de\/wp-json\/wp\/v2\/media?parent=8263"}],"wp:term":[{"taxonomy":"category","embeddable":true,"href":"https:\/\/www.kyriad-vannes.fr\/de\/wp-json\/wp\/v2\/categories?post=8263"},{"taxonomy":"post_tag","embeddable":true,"href":"https:\/\/www.kyriad-vannes.fr\/de\/wp-json\/wp\/v2\/tags?post=8263"}],"curies":[{"name":"wp","href":"https:\/\/api.w.org\/{rel}","templated":true}]}}