{"id":8279,"date":"2025-03-02T11:46:05","date_gmt":"2025-03-02T10:46:05","guid":{"rendered":"https:\/\/www.kyriad-vannes.fr\/?p=8279"},"modified":"2025-03-07T14:15:14","modified_gmt":"2025-03-07T13:15:14","slug":"die-golfwoche-2025-oder-wohnen","status":"publish","type":"post","link":"https:\/\/www.kyriad-vannes.fr\/de\/actualites\/la-semaine-du-golfe-2025-ou-loger\/","title":{"rendered":"GOLFWOCHE 2025 - Wo \u00fcbernachten?"},"content":{"rendered":"<div data-elementor-type=\"wp-post\" data-elementor-id=\"8279\" class=\"elementor elementor-8279\" data-elementor-post-type=\"post\">\n\t\t\t\t<div class=\"elementor-element elementor-element-7e8c4936 e-flex e-con-boxed e-con e-parent\" data-id=\"7e8c4936\" data-element_type=\"container\" data-e-type=\"container\">\n\t\t\t\t\t<div class=\"e-con-inner\">\n\t\t\t\t<div class=\"elementor-element elementor-element-5dcc38a1 elementor-widget elementor-widget-text-editor\" data-id=\"5dcc38a1\" data-element_type=\"widget\" data-e-type=\"widget\" data-widget_type=\"text-editor.default\">\n\t\t\t\t<div class=\"elementor-widget-container\">\n\t\t\t\t\t\t\t\t\t<p><\/p>\n<div class=\"wp-block-spacer\" style=\"height: 60px;\" aria-hidden=\"true\">\u00a0<\/div>\n<p><\/p>\n<h3 class=\"wp-block-heading\"><strong>Bleiben Sie in unserem Hotel Vannes in der N\u00e4he der Feierlichkeiten der Golfwoche 2025\u00a0<\/strong><\/h3>\n<p><\/p>\n<p>Sie suchen\u00a0<strong>wo man w\u00e4hrend der Golfwoche 2025 \u00fcbernachten kann<\/strong>\u00a0? Dann suchen Sie nicht weiter, unser Hotel Kyriad Vannes centre-ville empf\u00e4ngt Sie im Stadtzentrum von Vannes, damit Sie das Beste aus diesem internationalen maritimen Ereignis machen k\u00f6nnen, das dieses Jahr vom <strong>26. Mai bis 1. Juni 2025<\/strong>.<\/p>\n<p><\/p>\n<div class=\"wp-block-spacer\" style=\"height: 60px;\" aria-hidden=\"true\">\u00a0<\/div>\n<p><\/p>\n<figure class=\"wp-block-image aligncenter size-large is-resized\"><img fetchpriority=\"high\" decoding=\"async\" class=\"alignnone wp-image-11141\" style=\"width: 205px; height: 308px;\" src=\"https:\/\/www.kyriad-vannes.fr\/wp-content\/uploads\/2025\/03\/Affiche-1185-x-175-cm-SDG-2025-basse-def-scaled-1-200x300.jpg\" alt=\"\" width=\"200\" height=\"300\" title=\"\" srcset=\"https:\/\/www.kyriad-vannes.fr\/wp-content\/uploads\/2025\/03\/Affiche-1185-x-175-cm-SDG-2025-basse-def-scaled-1-200x300.jpg 200w, https:\/\/www.kyriad-vannes.fr\/wp-content\/uploads\/2025\/03\/Affiche-1185-x-175-cm-SDG-2025-basse-def-scaled-1-683x1024.jpg 683w, https:\/\/www.kyriad-vannes.fr\/wp-content\/uploads\/2025\/03\/Affiche-1185-x-175-cm-SDG-2025-basse-def-scaled-1-768x1152.jpg 768w, https:\/\/www.kyriad-vannes.fr\/wp-content\/uploads\/2025\/03\/Affiche-1185-x-175-cm-SDG-2025-basse-def-scaled-1-1024x1536.jpg 1024w, https:\/\/www.kyriad-vannes.fr\/wp-content\/uploads\/2025\/03\/Affiche-1185-x-175-cm-SDG-2025-basse-def-scaled-1-8x12.jpg 8w, https:\/\/www.kyriad-vannes.fr\/wp-content\/uploads\/2025\/03\/Affiche-1185-x-175-cm-SDG-2025-basse-def-scaled-1.jpg 1365w\" sizes=\"(max-width: 200px) 100vw, 200px\" \/><\/figure>\n<p><\/p>\n<div class=\"wp-block-spacer\" style=\"height: 60px;\" aria-hidden=\"true\">\u00a0<\/div>\n<p><\/p>\n<h3 class=\"wp-block-heading\"><strong>Seien Sie bei diesem internationalen maritimen Ereignis im Golf von Morbihan dabei<\/strong><\/h3>\n<p><\/p>\n<p>Die\u00a0<strong>Golf von Morbihan<\/strong>\u00a0wird eine Woche lang zum Treffpunkt f\u00fcr alle Wassersportbegeisterten. Lassen Sie sich diese Gelegenheit nicht entgehen, um\u00a0<strong><a href=\"https:\/\/www.kyriad-vannes.fr\/de\/vannes-golfe.html\/\">Morbihan besuchen<\/a>\u00a0<\/strong>!<\/p>\n<p><\/p>\n<p>Das Departement Morbihan hatte den Wunsch, eine originelle maritime Veranstaltung zu schaffen, die die kulturellen und nautischen St\u00e4rken von\u00a0<strong>Golf von Morbihan<\/strong>. Im Jahr 2001 fand die erste\u00a0<strong><a href=\"https:\/\/www.semainedugolfe.com\/\" target=\"_blank\" rel=\"noreferrer noopener nofollow\">Golfwoche<\/a><\/strong>. Die Veranstaltung wird von den besonderen nat\u00fcrlichen Merkmalen dieser Umgebung bestimmt. Zahlreiche Mannschaften aus dem klassischen und dem traditionellen Segelsport, Franzosen und Ausl\u00e4nder treffen sich, um in dieser besonderen Umgebung des \"Kleinen Meeres\" (Mor Bihan auf Bretonisch) zu segeln.<\/p>\n<p><\/p>\n<p>Es sind zahlreiche Animationen vorgesehen: Fest-Noz, Verkostung regionaler Produkte, Modellbau, Musik und n\u00e4chtliche Auff\u00fchrungen... Finden Sie das vollst\u00e4ndige Programm dieser Woche der ?<strong>animation in Morbihan<\/strong>\u00a0auf der offiziellen Website. Verpassen Sie nicht die beiden gro\u00dfen Paraden zur Er\u00f6ffnung und zum Abschluss des Festivals und erleben Sie ein wahres Feuerwerk.\u00a0<strong>Wasserspektakel<\/strong>.<\/p>\n<p><\/p>\n<div class=\"wp-block-spacer\" style=\"height: 60px;\" aria-hidden=\"true\">\u00a0<\/div>\n<p><\/p>\n<figure class=\"wp-block-image aligncenter size-large is-resized\"><img decoding=\"async\" width=\"1024\" height=\"683\" class=\"wp-image-8282\" style=\"width: 347px; height: auto;\" src=\"https:\/\/www.kyriad-vannes.fr\/wp-content\/uploads\/2024\/09\/Activites_en_morbihan_Vannes_hotel-1024x683.jpg\" alt=\"\" title=\"\" srcset=\"https:\/\/www.kyriad-vannes.fr\/wp-content\/uploads\/2024\/09\/Activites_en_morbihan_Vannes_hotel-1024x683.jpg 1024w, https:\/\/www.kyriad-vannes.fr\/wp-content\/uploads\/2024\/09\/Activites_en_morbihan_Vannes_hotel-300x200.jpg 300w, https:\/\/www.kyriad-vannes.fr\/wp-content\/uploads\/2024\/09\/Activites_en_morbihan_Vannes_hotel-768x512.jpg 768w, https:\/\/www.kyriad-vannes.fr\/wp-content\/uploads\/2024\/09\/Activites_en_morbihan_Vannes_hotel-18x12.jpg 18w, https:\/\/www.kyriad-vannes.fr\/wp-content\/uploads\/2024\/09\/Activites_en_morbihan_Vannes_hotel.jpg 1417w\" sizes=\"(max-width: 1024px) 100vw, 1024px\" \/><\/figure>\n<p><\/p>\n<div class=\"wp-block-spacer\" style=\"height: 60px;\" aria-hidden=\"true\">\u00a0<\/div>\n<p><\/p>\n<h3 class=\"wp-block-heading\"><strong>Unser Kyriad-Hotel im Stadtzentrum von Vannes ist ideal, um die Golfwoche zu besuchen.<\/strong><\/h3>\n<p><\/p>\n<p>Von<strong> 26. Mai bis 1. Juni 2025<\/strong>Sie fragen sich\u00a0<strong>wo man w\u00e4hrend der<\/strong>\u00a0<strong>Golfwoche 2025<\/strong>. Buchen Sie jetzt Ihren Aufenthalt im<strong>Hotel Kyriad Vannes Zentrum<\/strong>\u00a0: Dank der Lage unseres 3-Sterne-Hotels im Stadtzentrum, vor den Toren der mittelalterlichen Stadt, befinden Sie sich in der N\u00e4he der Veranstaltungsorte und der Abfahrtsorte der Boote.<\/p>\n<p><strong>Unterk\u00fcnfte in Vannes w\u00e4hrend der Golfwoche<\/strong>\u00a0in unserem Hotel mit allem Komfort k\u00f6nnen Sie dieses wichtige maritime Ereignis im Herzen des\u00a0<strong><a href=\"https:\/\/www.kyriad-vannes.fr\/de\/vannes-golfe.html\/\">Golf von Morbihan<\/a><\/strong>. Bleiben Sie in einem unserer gem\u00fctlichen Zimmer mit gepflegter Dekoration und speisen Sie\u00a0<strong>A l'Image Sainte Anne<\/strong>Das Restaurant bietet eine franz\u00f6sische Marktk\u00fcche mit dem guten Geschmack regionaler Produkte und tr\u00e4gt das G\u00fctesiegel Ma\u00eetre Restaurateur. Unser Privatparkplatz wird Ihnen das Leben w\u00e4hrend des Aufenthalts erleichtern.\u00a0<strong>Aufenthalt in der Bretagne<\/strong>.<\/p>\n<p><\/p>\t\t\t\t\t\t\t\t<\/div>\n\t\t\t\t<\/div>\n\t\t\t\t\t<\/div>\n\t\t\t\t<\/div>\n\t\t\t\t<\/div>","protected":false},"excerpt":{"rendered":"<p>S\u00e9journez\u00a0dans notre h\u00f4tel Vannes\u00a0proche des festivit\u00e9s de la Semaine du Golfe 2025\u00a0 Vous cherchez\u00a0o\u00f9 loger pendant la Semaine du Golfe 2025\u00a0?\u00a0Ne cherchez plus, notre h\u00f4tel Kyriad Vannes centre-ville vous accueille dans le centre-ville de Vannes, pour profiter au mieux de cet \u00e9v\u00e8nement maritime international qui aura lieu cette ann\u00e9e du 26 mai au 1er juin [&hellip;]<\/p>\n","protected":false},"author":7,"featured_media":8282,"comment_status":"closed","ping_status":"open","sticky":false,"template":"","format":"standard","meta":{"_acf_changed":false,"inline_featured_image":false,"footnotes":""},"categories":[16],"tags":[],"class_list":["post-8279","post","type-post","status-publish","format-standard","has-post-thumbnail","hentry","category-actualites"],"acf":[],"_links":{"self":[{"href":"https:\/\/www.kyriad-vannes.fr\/de\/wp-json\/wp\/v2\/posts\/8279","targetHints":{"allow":["GET"]}}],"collection":[{"href":"https:\/\/www.kyriad-vannes.fr\/de\/wp-json\/wp\/v2\/posts"}],"about":[{"href":"https:\/\/www.kyriad-vannes.fr\/de\/wp-json\/wp\/v2\/types\/post"}],"author":[{"embeddable":true,"href":"https:\/\/www.kyriad-vannes.fr\/de\/wp-json\/wp\/v2\/users\/7"}],"replies":[{"embeddable":true,"href":"https:\/\/www.kyriad-vannes.fr\/de\/wp-json\/wp\/v2\/comments?post=8279"}],"version-history":[{"count":9,"href":"https:\/\/www.kyriad-vannes.fr\/de\/wp-json\/wp\/v2\/posts\/8279\/revisions"}],"predecessor-version":[{"id":11144,"href":"https:\/\/www.kyriad-vannes.fr\/de\/wp-json\/wp\/v2\/posts\/8279\/revisions\/11144"}],"wp:featuredmedia":[{"embeddable":true,"href":"https:\/\/www.kyriad-vannes.fr\/de\/wp-json\/wp\/v2\/media\/8282"}],"wp:attachment":[{"href":"https:\/\/www.kyriad-vannes.fr\/de\/wp-json\/wp\/v2\/media?parent=8279"}],"wp:term":[{"taxonomy":"category","embeddable":true,"href":"https:\/\/www.kyriad-vannes.fr\/de\/wp-json\/wp\/v2\/categories?post=8279"},{"taxonomy":"post_tag","embeddable":true,"href":"https:\/\/www.kyriad-vannes.fr\/de\/wp-json\/wp\/v2\/tags?post=8279"}],"curies":[{"name":"wp","href":"https:\/\/api.w.org\/{rel}","templated":true}]}}