{"id":9001,"date":"2024-09-24T16:20:04","date_gmt":"2024-09-24T14:20:04","guid":{"rendered":"https:\/\/www.kyriad-vannes.fr\/?p=9001"},"modified":"2024-09-24T16:20:06","modified_gmt":"2024-09-24T14:20:06","slug":"hotel-vannes-seminar-organisieren-sie-ein-treffen-im-kyriad","status":"publish","type":"post","link":"https:\/\/www.kyriad-vannes.fr\/de\/actualites\/hotel-vannes-seminaire-organisez-une-reunion-au-kyriad\/","title":{"rendered":"HOTEL VANNES SEMINAR: Organisieren Sie ein Treffen im Kyriad"},"content":{"rendered":"<div style=\"height:50px\" aria-hidden=\"true\" class=\"wp-block-spacer\"><\/div>\n\n\n\n<h2 class=\"wp-block-heading\">Nutzen Sie das Know-how des Hotels Kyriad Vannes, um ein Seminar im Morbihan zu organisieren.<\/h2>\n\n\n\n<p>&nbsp;Abgesehen von der idealen Lage f\u00fcr&nbsp;<strong>ein Seminar in Vannes organisieren<\/strong>Das Team der<a href=\"https:\/\/www.kyriad-vannes.fr\/de\/\">Hotel Kyriad Vannes Stadtzentrum<\/a>&nbsp;setzt alles daran, Ihre private oder gesch\u00e4ftliche Veranstaltung zu einem Erfolg zu machen.<\/p>\n\n\n\n<h2 class=\"wp-block-heading\">Ein auf Ihre Bed\u00fcrfnisse zugeschnittener Service f\u00fcr die Organisation eines Treffens im Kyriad-Hotel in Vannes<\/h2>\n\n\n\n<p>Sie finden Ihren&nbsp;<strong>Konferenzraum in Vannes<\/strong>&nbsp;im Hotel Kyriad Vannes Centre-ville sowie ein speziell auf Ihre Gesch\u00e4ftsveranstaltungen zugeschnittenes Angebot. Unsere einladenden und ger\u00e4umigen Veranstaltungsr\u00e4ume verf\u00fcgen \u00fcber Tageslicht, moderne Ausstattung und Catering-Service \u00e0 la carte. Das Kyriad-Hotel in Vannes mit dem G\u00fctesiegel&nbsp;<a href=\"http:\/\/b2b.louvrehotels.com\/fr\/documents\/k-business_fr.pdf\" target=\"_blank\" rel=\"noreferrer noopener nofollow\">K-Business<\/a>&nbsp;verpflichtet sich zu sieben Punkten, damit Ihr Seminar, Ihre Tagung oder Ihre Schulung ein voller Erfolg wird: Das Recht auf Auswahl, Transparenz, Zuh\u00f6ren, Technologie, Komfort, Wohlbefinden und individuelle Gestaltung.<\/p>\n\n\n\n<p>Wir stellen Ihnen 2&nbsp;<strong><a href=\"https:\/\/www.kyriad-vannes.fr\/de\/seminaires-vannes.html\/\">Tagungsr\u00e4ume<\/a><\/strong>&nbsp;von 20 m\u00b2 und 40 m\u00b2, die eine Kapazit\u00e4t von 20 bis 50 Personen haben. Ein Kaffeepausenbereich steht Ihnen zur Verf\u00fcgung, damit Sie in Ruhe essen k\u00f6nnen, und unser Privatparkplatz ist f\u00fcr alle Teilnehmer kostenlos zug\u00e4nglich.&nbsp;<br><\/p>\n\n\n\n<h2 class=\"wp-block-heading\">Ein Hotel-Restaurant f\u00fcr Ihre Seminare in Vannes<\/h2>\n\n\n\n<p>Ihre&nbsp;<strong>Hotel Vannes Seminar<\/strong>&nbsp;erm\u00f6glicht es Ihnen, im Stadtzentrum von Vannes Arbeit und Geschmack miteinander zu verbinden. Unsere&nbsp;<a href=\"https:\/\/www.kyriad-vannes.fr\/de\/restaurant-vannes.html\/\">restaurant A l'Image Sainte Anne<\/a>Das mit dem G\u00fctesiegel \"Ma\u00eetre Restaurateur\" ausgezeichnete Restaurant l\u00e4dt Sie und Ihr Team mit seinen verschiedenen Angeboten zu einem geselligen Moment ein. Unser K\u00fcchenchef, Fr\u00e9d\u00e9ric Th\u00e9baud, bietet eine franz\u00f6sische Marktk\u00fcche, die authentisch und kreativ sein soll.<br>Genie\u00dfen Sie es zu jeder Tageszeit, auf Wunsch werden auch leckere Snacks serviert.<br><br>Der Geschmack kommt auf den Tisch bei Ihrem&nbsp;<strong>Seminar in Vannes&nbsp;<\/strong>!<br><\/p>\n\n\n\n<h2 class=\"wp-block-heading\">F\u00fchren Sie Ihre Seminare in Vannes vom Kyriad-Hotel aus durch<\/h2>\n\n\n\n<p>Im Rahmen Ihrer&nbsp;<strong>vermietung von seminarraum in Vannes<\/strong>Im Rahmen von Sport- und Freizeitaktivit\u00e4ten sowie Coaching-Workshops k\u00f6nnen Sie einzigartige Momente erleben, die den Zusammenhalt Ihrer Gruppe st\u00e4rken. Wir stellen Ihnen Aktivit\u00e4ten innerhalb des Hotels zur Verf\u00fcgung, aber auch&nbsp;<a href=\"https:\/\/www.kyriad-vannes.fr\/de\/FR\/actus\/les-activites-de-vannes-et-ses-alentours-112.html\/\">ausfl\u00fcge in die S\u00fcdbretagne<\/a>&nbsp;die von unseren Partnern angeboten werden.<\/p>\n\n\n\n<p><strong>&gt; Entdecken Sie unsere&nbsp;<a href=\"https:\/\/www.assiwa.fr\/medias\/kyriad\/Brochure%20Seminaire%20hotel%20Kyriad%20Vannes%20Centre%20ville%20Golfe%20du%20Morbihan.pdf\" target=\"_blank\" rel=\"noreferrer noopener nofollow\">Brosch\u00fcre Seminarr\u00e4ume &amp; Incentive-Aktivit\u00e4ten<\/a>.<\/strong><\/p>\n\n\n\n<p><br>Finden Sie Fotos und Informationen \u00fcber unser Hotel-Restaurant in Vannes auf dem sozialen Netzwerk Ihrer Wahl!&nbsp;<a href=\"https:\/\/www.facebook.com\/KyriadVannesCentre\/\" rel=\"nofollow noopener\" target=\"_blank\">Facebook<\/a>&nbsp;-&nbsp;<a href=\"https:\/\/twitter.com\/Kyriad_Vannes_C\" rel=\"nofollow noopener\" target=\"_blank\">Twitter<\/a>&nbsp;-&nbsp;<a href=\"https:\/\/www.instagram.com\/restaurant_a_image_sainte_anne\/?hl=fr\" rel=\"nofollow noopener\" target=\"_blank\">Instagram<\/a><br><br>F\u00fcr Reservierungen kontaktieren Sie uns bitte per Telefon unter 02 97 63 27 36 oder per E-Mail an<strong>&nbsp;<\/strong><a href=\"mailto:info@kyriad-vannescentre.com\">info@kyriad-vannescentre.com<\/a>&nbsp;<\/p>\n\n\n\n<div style=\"height:31px\" aria-hidden=\"true\" class=\"wp-block-spacer\"><\/div>\n\n\n\n<div style=\"height:60px\" aria-hidden=\"true\" class=\"wp-block-spacer\"><\/div>","protected":false},"excerpt":{"rendered":"<p>Profitez du savoir-faire de l&rsquo;h\u00f4tel Kyriad Vannes pour organiser&nbsp;un s\u00e9minaire dans le Morbihan &nbsp;En plus d&rsquo;\u00eatre id\u00e9alement situ\u00e9 pour&nbsp;organiser un s\u00e9minaire \u00e0 Vannes, l&rsquo;\u00e9quipe de l&rsquo;h\u00f4tel Kyriad Vannes centre-ville&nbsp;met&nbsp;tout en oeuvre pour que votre \u00e9v\u00e9nement priv\u00e9 ou professionnel soit une r\u00e9ussite. Un service adapt\u00e9 \u00e0 vos besoins d&rsquo;organisation de&nbsp;r\u00e9union \u00e0 l&rsquo;h\u00f4tel Kyriad \u00e0 Vannes Vous [&hellip;]<\/p>\n","protected":false},"author":7,"featured_media":8951,"comment_status":"closed","ping_status":"open","sticky":false,"template":"","format":"standard","meta":{"_acf_changed":false,"inline_featured_image":false,"footnotes":""},"categories":[16],"tags":[],"class_list":["post-9001","post","type-post","status-publish","format-standard","has-post-thumbnail","hentry","category-actualites"],"acf":[],"_links":{"self":[{"href":"https:\/\/www.kyriad-vannes.fr\/de\/wp-json\/wp\/v2\/posts\/9001","targetHints":{"allow":["GET"]}}],"collection":[{"href":"https:\/\/www.kyriad-vannes.fr\/de\/wp-json\/wp\/v2\/posts"}],"about":[{"href":"https:\/\/www.kyriad-vannes.fr\/de\/wp-json\/wp\/v2\/types\/post"}],"author":[{"embeddable":true,"href":"https:\/\/www.kyriad-vannes.fr\/de\/wp-json\/wp\/v2\/users\/7"}],"replies":[{"embeddable":true,"href":"https:\/\/www.kyriad-vannes.fr\/de\/wp-json\/wp\/v2\/comments?post=9001"}],"version-history":[{"count":1,"href":"https:\/\/www.kyriad-vannes.fr\/de\/wp-json\/wp\/v2\/posts\/9001\/revisions"}],"predecessor-version":[{"id":9002,"href":"https:\/\/www.kyriad-vannes.fr\/de\/wp-json\/wp\/v2\/posts\/9001\/revisions\/9002"}],"wp:featuredmedia":[{"embeddable":true,"href":"https:\/\/www.kyriad-vannes.fr\/de\/wp-json\/wp\/v2\/media\/8951"}],"wp:attachment":[{"href":"https:\/\/www.kyriad-vannes.fr\/de\/wp-json\/wp\/v2\/media?parent=9001"}],"wp:term":[{"taxonomy":"category","embeddable":true,"href":"https:\/\/www.kyriad-vannes.fr\/de\/wp-json\/wp\/v2\/categories?post=9001"},{"taxonomy":"post_tag","embeddable":true,"href":"https:\/\/www.kyriad-vannes.fr\/de\/wp-json\/wp\/v2\/tags?post=9001"}],"curies":[{"name":"wp","href":"https:\/\/api.w.org\/{rel}","templated":true}]}}