{"id":9010,"date":"2025-04-06T16:28:30","date_gmt":"2025-04-06T14:28:30","guid":{"rendered":"https:\/\/www.kyriad-vannes.fr\/?p=9010"},"modified":"2025-06-17T16:29:08","modified_gmt":"2025-06-17T14:29:08","slug":"festspiele-in-der-bretagne-entdecken-sie-die-festlichkeiten-in-vannes-diesen-sommer","status":"publish","type":"post","link":"https:\/\/www.kyriad-vannes.fr\/de\/actualites\/festivals-en-bretagne-decouvrez-les-festivites-a-vannes-cet-ete\/","title":{"rendered":"FESTIVALS IN DER BRETAGNE: ENTDECKEN SIE DIE FESTLICHKEITEN IN VANNES DIESEN SOMMER"},"content":{"rendered":"<div data-elementor-type=\"wp-post\" data-elementor-id=\"9010\" class=\"elementor elementor-9010\" data-elementor-post-type=\"post\">\n\t\t\t\t<div class=\"elementor-element elementor-element-533d5549 e-flex e-con-boxed e-con e-parent\" data-id=\"533d5549\" data-element_type=\"container\" data-e-type=\"container\">\n\t\t\t\t\t<div class=\"e-con-inner\">\n\t\t\t\t<div class=\"elementor-element elementor-element-a10f0ce elementor-widget elementor-widget-text-editor\" data-id=\"a10f0ce\" data-element_type=\"widget\" data-e-type=\"widget\" data-widget_type=\"text-editor.default\">\n\t\t\t\t<div class=\"elementor-widget-container\">\n\t\t\t\t\t\t\t\t\t\n<div class=\"wp-block-spacer\" style=\"height: 50px;\" aria-hidden=\"true\">\u00a0<\/div>\n\n<h2 class=\"wp-block-heading\">Entdeckung des historischen und kulturellen Reichtums der Bretagne<\/h2>\n\n<p>Genie\u00dfen Sie diesen Sommer die\u00a0<strong>veranstaltungen in der S\u00fcdbretagne<\/strong>In der Bretagne gibt es eine Vielzahl von Festivals, Auff\u00fchrungen und traditionellen Festen...<\/p>\n\n<p>Jedes Jahr ist der Sommer in Vannes in vollem Gange und bietet eine gro\u00dfe Vielfalt an\u00a0<strong>Festivals in der Bretagne<\/strong>\u00a0!<\/p>\n\n<p>F\u00fcr jeden Geschmack ist etwas dabei: Musikfestivals, Sportveranstaltungen, Ausstellungen, festliche Denkm\u00e4ler, Naturerlebnisse oder traditionelle Feste... Wenn Sie in unsere\u00a0<strong><a href=\"https:\/\/www.kyriad-vannes.fr\/de\/hotel-vannes.html\/\">Kyriad-Hotel in Vannes<\/a><\/strong>Wenn Sie sich f\u00fcr eine der vielen Sommerfestivit\u00e4ten entscheiden, werden Sie mittendrin sein und noch viel mehr erleben!<\/p>\n<p>\u00a0<\/p>\n\n<figure class=\"wp-block-image size-full is-resized\"><img fetchpriority=\"high\" decoding=\"async\" width=\"612\" height=\"408\" class=\"wp-image-9011 aligncenter\" style=\"width: 590px; height: auto;\" src=\"https:\/\/www.kyriad-vannes.fr\/wp-content\/uploads\/2024\/09\/crtb-ad0541_LAMOUREUX_AlexandreBD_1.jpg\" alt=\"\" title=\"\" srcset=\"https:\/\/www.kyriad-vannes.fr\/wp-content\/uploads\/2024\/09\/crtb-ad0541_LAMOUREUX_AlexandreBD_1.jpg 612w, https:\/\/www.kyriad-vannes.fr\/wp-content\/uploads\/2024\/09\/crtb-ad0541_LAMOUREUX_AlexandreBD_1-300x200.jpg 300w, https:\/\/www.kyriad-vannes.fr\/wp-content\/uploads\/2024\/09\/crtb-ad0541_LAMOUREUX_AlexandreBD_1-18x12.jpg 18w\" sizes=\"(max-width: 612px) 100vw, 612px\" \/><\/figure>\n\n<div class=\"wp-block-spacer\" style=\"height: 31px;\" aria-hidden=\"true\">\u00a0<\/div>\n\n<h2 class=\"wp-block-heading\">Was kann man bei einem Besuch in Vannes sehen?<\/h2>\n\n<p>\u00dcberall, w\u00e4hrend Ihres\u00a0<strong>Aufenthalt in Vannes<\/strong>finden Sie\u00a0<strong>kulturelle oder sportliche Veranstaltungen<\/strong>Es gibt eine Vielzahl von Veranstaltungen, wie z. B. Musikveranstaltungen, traditionelle T\u00e4nze, Denkm\u00e4ler in Feierlaune, Entdeckungsreisen zu Wasser und zu Land.<\/p>\n\n<p>In Morbihan ist was los... sagen wir es einander! Das Morbihan l\u00e4dt Sie dazu ein, den ganzen historischen und kulturellen Reichtum der\u00a0<strong>Bretagne S\u00fcd<\/strong>\u00a0in all seinen Facetten. Kommen Sie und machen Sie die\u00a0<strong>Partys in der Bretagne<\/strong>\u00a0!<\/p>\n\n<h2 class=\"wp-block-heading\">\u00a0<\/h2>\n<h2 class=\"wp-block-heading\">Entdecken Sie die Veranstaltungen, die Sie diesen Sommer in Morbihan erwarten<\/h2>\n\n<p>Die\u00a0<a href=\"https:\/\/www.morbihan.com\/accueil\/agenda\/ca-bouge-en-morbihan\/principaux-evenements\" target=\"_blank\" rel=\"noreferrer noopener nofollow\"><strong>Veranstaltungen in der Bretagne<\/strong><\/a>\u00a0nicht fehlen! Entdecken Sie unsere Auswahl an<strong>veranstaltungen in Morbihan<\/strong>\u00a0in diesem Sommer und lassen Sie sich von diesen festlichen Begegnungen tragen.<\/p>\n\n<h3 class=\"wp-block-heading\">\u00a0<\/h3>\n<h3 class=\"wp-block-heading\"><strong>Bretonische Kultur<\/strong><\/h3>\n\n<p>Die\u00a0<strong>Bretagne-Fest<\/strong>von Freitag, dem 16. Mai, bis Sonntag, dem 25. Mai 2025, ist ein einzigartiges, festliches und geselliges Familientreffen, das die bretonische Kultur in den Vordergrund stellt. Viele Veranstaltungen des Programms sind kostenlos.<\/p>\n\n<p>Die\u00a0<a href=\"https:\/\/www.kyriad-vannes.fr\/de\/FR\/actus\/festival-interceltique-lorient-hotel-kyriad-3-etoiles-123.html\/\"><strong>Festival Interceltique de Lorient<\/strong><\/a>10. August 2025 ist das weltweit gr\u00f6\u00dfte Treffen keltischer Kulturen.<\/p>\n\n<p>Die\u00a0<strong>Arvor-Feste<\/strong> werden auch unsere sch\u00f6ne Stadt Vannes vom 14. bis 17. August 2025 beleben und die bretonische Kultur rund um zahlreiche Unterhaltungsangebote feiern, darunter die Wahl der K\u00f6nigin d'Arvor und ihrer Delphine sowie ein Feuerwerk!<\/p>\n\n<h3 class=\"wp-block-heading\">\u00a0<\/h3>\n<h3 class=\"wp-block-heading\"><strong>Musik<\/strong><\/h3>\n\n<p><strong>Musikfest<\/strong> in Vannes am 21. Juni 2025. Ein Gro\u00dfereignis erwartet Sie im Hafen von Vannes.<\/p>\n\n<p>Die\u00a0<strong>Paka Festival<\/strong>Am 12. und 13. Juli 2025 in La Trinit\u00e9 sur Mer. Veranstaltung f\u00fcr elektronische Musik mit internationalen DJs.<\/p>\n\n<p>Vom 7. bis 12. Juli 2025 ist der <strong>Vannes Echos Jazz<\/strong>\u00a0in Vannes, bei der verschiedene Stile von Folk \u00fcber Blues und Afro Beat bis hin zu Elektro geehrt werden!<\/p>\n\n<p>Die\u00a0<strong>Musicales du Golfe<\/strong>Ausgabe, vom 4. August bis zum 14. August 2025, machen Sie Zwischenstopps mit international bekannten Musikern.<\/p>\n\n<h3 class=\"wp-block-heading\">\u00a0<\/h3>\n<h3 class=\"wp-block-heading\"><strong>Sport und Wassersport<\/strong><\/h3>\n\n<p>Die\u00a0<strong>Woche des Golfs von Morbihan<\/strong>Vom 26. Mai bis zum 1. Juni 2025 findet in der Bretagne eine der gr\u00f6\u00dften maritimen Veranstaltungen statt, die von Paraden und Regatten mit traditionellen Segelbooten, Segelrudern und klassischen Jachten gepr\u00e4gt ist.<\/p>\n\n<p>Die\u00a0<strong>trail des Remparts de Vannes<\/strong> am 22. Juni 2025 statt. Trailrun, bei dem die Teilnehmer 15 oder 30 Kilometer durch Stra\u00dfen und Wege zur\u00fccklegen, vorbei an der mittelalterlichen Stadtmauer und den historischen Denkm\u00e4lern der Stadt.<\/p>\n\n<p>L'<strong>Ultramarin<\/strong>Vom 26. Juni bis zum 29. Juni 2025 werden Laufveranstaltungen von 29 bis 175 km rund um eine der sch\u00f6nsten Buchten der Welt, den Golf von Morbihan, angeboten.<\/p>\n\n<p>Die\u00a0<strong>Halbmarathon Auray-Vannes<\/strong> am 14. September 2025 ist das Sportereignis des Herbstes. Mehrere L\u00e4ufe und Distanzen sind m\u00f6glich (20 km, 10 km oder 5 km).<\/p>\n\n<p>Die<strong>\u00a0Vanne-Marathon<\/strong>s, der zu den Top 10 der franz\u00f6sischen Marathons z\u00e4hlt, ist ein unumg\u00e4nglicher Termin f\u00fcr alle Akteure des Running in Frankreich. Er wird am 27. und 28. Oktober 2025 stattfinden.<\/p>\n\n<h3 class=\"wp-block-heading\">\u00a0<\/h3>\n<h3 class=\"wp-block-heading\"><strong>Andere Veranstaltungen<\/strong><\/h3>\n\n<p>Die\u00a0<strong>Fotofestival La Gacilly<\/strong>Vom 1. Juni bis zum 5. Oktober 2025 findet in den G\u00e4rten und Gassen dieses kleinen Dorfes im Morbihan eine au\u00dfergew\u00f6hnliche Ausstellung statt.<\/p>\n\n<p><strong>Livr'\u00e0 Vannes<\/strong> findet von Freitag, dem 13., bis Sonntag, dem 15. Juni 2025, zum 18. Sie ist die f\u00fchrende allgemeine Literaturmesse in der Bretagne mit durchschnittlich 25.000 Besuchern.<\/p>\n\n<p><em><strong>Das Hotel Kyriad Vannes Centre-ville befindet sich im Herzen von Vannes und den Feierlichkeiten.<\/strong><\/em><br \/><br \/><em><strong>Sch\u00f6ne Ferien in unserem\u00a0<a href=\"https:\/\/www.kyriad-vannes.fr\/de\/FR\/\">Hotel Kyriad Vannes Centre<\/a>\u00a0!<\/strong><\/em><br \/>F\u00fcr weitere Informationen und Reservierungen k\u00f6nnen Sie uns gerne telefonisch unter 02 97 63 27 36 oder per E-Mail unter folgender Adresse kontaktieren\u00a0<a href=\"mailto:info@kyriad-vannescentre.com\">info@kyriad-vannescentre.com<\/a><\/p>\n\t\t\t\t\t\t\t\t<\/div>\n\t\t\t\t<\/div>\n\t\t\t\t\t<\/div>\n\t\t\t\t<\/div>\n\t\t\t\t<\/div>","protected":false},"excerpt":{"rendered":"<p>D\u00e9couverte de la richesse historique et culturelle de la Bretagne Cet \u00e9t\u00e9, profitez des\u00a0\u00e9v\u00e9nements en Bretagne Sud, pour d\u00e9couvrir la richesse historique et culturelle bretonne au travers des festivals,\u00a0spectacles et f\u00eates\u00a0traditionnelles&#8230; Chaque ann\u00e9e, l&rsquo;\u00e9t\u00e9 bat son plein \u00e0 Vannes et offre une grande diversit\u00e9 de\u00a0festivals\u00a0en Bretagne\u00a0! Il y en a pour tous les go\u00fbts : [&hellip;]<\/p>\n","protected":false},"author":7,"featured_media":8949,"comment_status":"closed","ping_status":"open","sticky":false,"template":"","format":"standard","meta":{"_acf_changed":false,"inline_featured_image":false,"footnotes":""},"categories":[16],"tags":[],"class_list":["post-9010","post","type-post","status-publish","format-standard","has-post-thumbnail","hentry","category-actualites"],"acf":[],"_links":{"self":[{"href":"https:\/\/www.kyriad-vannes.fr\/de\/wp-json\/wp\/v2\/posts\/9010","targetHints":{"allow":["GET"]}}],"collection":[{"href":"https:\/\/www.kyriad-vannes.fr\/de\/wp-json\/wp\/v2\/posts"}],"about":[{"href":"https:\/\/www.kyriad-vannes.fr\/de\/wp-json\/wp\/v2\/types\/post"}],"author":[{"embeddable":true,"href":"https:\/\/www.kyriad-vannes.fr\/de\/wp-json\/wp\/v2\/users\/7"}],"replies":[{"embeddable":true,"href":"https:\/\/www.kyriad-vannes.fr\/de\/wp-json\/wp\/v2\/comments?post=9010"}],"version-history":[{"count":13,"href":"https:\/\/www.kyriad-vannes.fr\/de\/wp-json\/wp\/v2\/posts\/9010\/revisions"}],"predecessor-version":[{"id":11357,"href":"https:\/\/www.kyriad-vannes.fr\/de\/wp-json\/wp\/v2\/posts\/9010\/revisions\/11357"}],"wp:featuredmedia":[{"embeddable":true,"href":"https:\/\/www.kyriad-vannes.fr\/de\/wp-json\/wp\/v2\/media\/8949"}],"wp:attachment":[{"href":"https:\/\/www.kyriad-vannes.fr\/de\/wp-json\/wp\/v2\/media?parent=9010"}],"wp:term":[{"taxonomy":"category","embeddable":true,"href":"https:\/\/www.kyriad-vannes.fr\/de\/wp-json\/wp\/v2\/categories?post=9010"},{"taxonomy":"post_tag","embeddable":true,"href":"https:\/\/www.kyriad-vannes.fr\/de\/wp-json\/wp\/v2\/tags?post=9010"}],"curies":[{"name":"wp","href":"https:\/\/api.w.org\/{rel}","templated":true}]}}