{"id":9013,"date":"2024-09-24T16:30:32","date_gmt":"2024-09-24T14:30:32","guid":{"rendered":"https:\/\/www.kyriad-vannes.fr\/?p=9013"},"modified":"2025-10-06T15:41:59","modified_gmt":"2025-10-06T13:41:59","slug":"ihr-gruppenessen-in-vannes","status":"publish","type":"post","link":"https:\/\/www.kyriad-vannes.fr\/de\/actualites\/votre-repas-de-groupe-a-vannes\/","title":{"rendered":"IHR GRUPPENESSEN IN VANNES"},"content":{"rendered":"<div data-elementor-type=\"wp-post\" data-elementor-id=\"9013\" class=\"elementor elementor-9013\" data-elementor-post-type=\"post\">\n\t\t\t\t<div class=\"elementor-element elementor-element-1b7907bc e-flex e-con-boxed e-con e-parent\" data-id=\"1b7907bc\" data-element_type=\"container\" data-e-type=\"container\">\n\t\t\t\t\t<div class=\"e-con-inner\">\n\t\t\t\t<div class=\"elementor-element elementor-element-7d6b4b2b elementor-widget elementor-widget-text-editor\" data-id=\"7d6b4b2b\" data-element_type=\"widget\" data-e-type=\"widget\" data-widget_type=\"text-editor.default\">\n\t\t\t\t<div class=\"elementor-widget-container\">\n\t\t\t\t\t\t\t\t\t\n<h2 class=\"wp-block-heading\">Eine Gruppenmahlzeit, die auf Ihre Bed\u00fcrfnisse und Erwartungen zugeschnitten ist\u00a0<\/h2>\n\n<p>Ob mit Freunden, Kollegen oder der Familie, organisieren Sie Ihren\u00a0<strong>Gruppenmahlzeit in Vannes.\u00a0<\/strong><\/p>\n\n<p>Unser Restaurant<strong>\u00a0<a href=\"https:\/\/www.kyriad-vannes.fr\/de\/restaurant-vannes.html\/\"><span style=\"text-decoration: underline;\">Am Bild der Heiligen Anna<\/span><\/a><\/strong>\u00a0hei\u00dft Sie unter allen Umst\u00e4nden herzlich willkommen.<\/p>\n<p>\u00a0<\/p>\n\n<p>Wir stellen Ihnen zwei privatisierbare R\u00e4ume zur Verf\u00fcgung, in denen Sie Ihre <strong>Gruppenmahlzeit im Herzen von Morbihan<\/strong>.<\/p>\n<p>Ein kleiner, intimer Raum f\u00fcr Ihre <strong>Gruppenmahlzeit<\/strong> bis zu 10 Personen und unser Speisesaal f\u00fcr bis zu 40 Personen (Privatisierung auf Anfrage).<\/p>\n<p>\u00a0<\/p>\n\n<figure class=\"wp-block-image size-full is-resized\"><img fetchpriority=\"high\" decoding=\"async\" class=\"aligncenter wp-image-11571 size-large\" style=\"width: 355px; height: 252px;\" src=\"https:\/\/www.kyriad-vannes.fr\/wp-content\/uploads\/2025\/07\/repas-de-groupe-A-lImage-Sainte-Anne-1-1024x726.png\" alt=\"\" width=\"1024\" height=\"726\" title=\"\" srcset=\"https:\/\/www.kyriad-vannes.fr\/wp-content\/uploads\/2025\/07\/repas-de-groupe-A-lImage-Sainte-Anne-1-1024x726.png 1024w, https:\/\/www.kyriad-vannes.fr\/wp-content\/uploads\/2025\/07\/repas-de-groupe-A-lImage-Sainte-Anne-1-300x213.png 300w, https:\/\/www.kyriad-vannes.fr\/wp-content\/uploads\/2025\/07\/repas-de-groupe-A-lImage-Sainte-Anne-1-768x545.png 768w, https:\/\/www.kyriad-vannes.fr\/wp-content\/uploads\/2025\/07\/repas-de-groupe-A-lImage-Sainte-Anne-1-1536x1090.png 1536w, https:\/\/www.kyriad-vannes.fr\/wp-content\/uploads\/2025\/07\/repas-de-groupe-A-lImage-Sainte-Anne-1-2048x1453.png 2048w, https:\/\/www.kyriad-vannes.fr\/wp-content\/uploads\/2025\/07\/repas-de-groupe-A-lImage-Sainte-Anne-1-18x12.png 18w\" sizes=\"(max-width: 1024px) 100vw, 1024px\" \/><\/figure>\n\n<p>\u00a0<\/p>\n<p class=\"wp-block-heading\">Unser K\u00fcchenchef Fr\u00e9d\u00e9ric Thebaud und sein Team werden Sie mit einer\u00a0<strong>K\u00fcche 100% Haus<\/strong>\u00a0auf der Grundlage frischer und saisonaler Produkte: traditionelle, authentische und schmackhafte Gerichte stehen auf dem Programm!<\/p>\n<p>\u00a0<\/p>\n<p><strong>Suchen Sie ein Restaurant, das Ihre G\u00e4ste zufriedenstellt? Ihre Kollegen oder sogar Ihre Schwiegermutter?<\/strong><\/p>\n<p>\u00c0 l'Image Sainte-Anne ist zertifiziert <a href=\"https:\/\/www.kyriad-vannes.fr\/de\/aktuelle-nachrichten\/das-restaurant-a-limage-sainte-anne-in-vannes-zertifiziert-maitre-restaurateur\/\"><span style=\"text-decoration: underline;\"><strong>Ma\u00eetre Restaurateur<\/strong><\/span><\/a> seit \u00fcber 10 Jahren und bietet Ihnen eine K\u00fcche zwischen Tradition und Moderne.<\/p>\n<p>Unser<strong> restaurant vannetais<\/strong> m\u00f6chte Ihnen eine ganz neue Erfahrung bieten, deshalb stellen wir Ihnen ein individuelles Men\u00fc zusammen.<\/p>\n<p>Je nach Ihrem Budget, je nachdem, ob Sie Fleisch oder Fisch bevorzugen, etc.<\/p>\n<p>\u00a0<\/p>\n<h2 class=\"wp-block-heading\">Ein elegantes Restaurant f\u00fcr eine k\u00f6stliche traditionelle Mahlzeit in Vannes<\/h2>\n<p>In einem gepflegten und zeitgem\u00e4\u00dfen Dekor teilen Sie ein gelungenes Gruppenessen im Zentrum von Vannes.<\/p>\n<p>Warme Farbt\u00f6ne, eine gem\u00fctliche Atmosph\u00e4re und gutes Essen f\u00fcr Sie <strong>in Vannes versammeln<\/strong> die Zeit einer Mahlzeit.<\/p>\n<p>Ein freundlicher Empfang und eine besondere Aufmerksamkeit f\u00fcr Ihre <strong>private Veranstaltungen<\/strong> und <a href=\"https:\/\/www.kyriad-vannes.fr\/de\/aktuelle-nachrichten\/gruppenmahlzeiten-raumvermietung-fur-ihre-privaten-events\/\"><span style=\"text-decoration: underline;\"><strong>Gruppenmahlzeit<\/strong><\/span><\/a>weil Ihre <strong>gemeinsame Momente<\/strong> sind wertvoll!<\/p>\n<p>\u00a0<\/p>\n<h3>Sind Mahlzeiten in der Gruppe oder mit der Familie gut f\u00fcr die Gesundheit?<\/h3>\n<p>Laut Londoner Studien <strong>gemeinsame Mahlzeiten<\/strong> sind eine M\u00f6glichkeit, sowohl den K\u00f6rper als auch den Geist zu n\u00e4hren. Viele Menschen sind sich einig, dass sie sich beim Essen mit Freunden und Verwandten wohler f\u00fchlen als allein.<\/p>\n<p>Die <strong>Mahlzeiten teilen<\/strong> ist oft gleichbedeutend mit einem bereichernden Austausch. Bei diesen Gespr\u00e4chen am Tisch werden Beziehungen vertieft, wichtige Themen angesprochen oder einfach nur pers\u00f6nliche Geschichten geteilt. Diese Interaktionen spielen eine gro\u00dfe Rolle bei der Schaffung bleibender Erinnerungen - all die kleinen Dinge, die im Laufe der Monate unser t\u00e4gliches Gl\u00fcck aufbauen.<\/p>\n<p><br \/>Worauf warten Sie also noch, um Ihren K\u00f6rper und Geist in \u00c0 l'Image Sainte-Anne zu n\u00e4hren?<\/p>\n<p>Z\u00f6gern Sie nicht, uns um einen Kostenvoranschlag f\u00fcr Ihr <strong>Gruppenmahlzeit in Vannes<\/strong>. Treffen Sie sich unten in der <strong><a href=\"https:\/\/www.kyriad-vannes.fr\/de\/oder-essen-in-vannes\/\"><span style=\"text-decoration: underline;\">Seite Restaurant<\/span><\/a><\/strong> um uns zu schreiben.<\/p>\n<p>\u00a0<\/p>\n\n<ul class=\"wp-block-list\"><\/ul>\n<h2 class=\"wp-block-heading\">Entdecken Sie das Tagesmen\u00fc unseres Restaurants<\/h2>\n\n<p>Entdecken Sie ohne weitere Verz\u00f6gerung das Tagesmen\u00fc und das Men\u00fc Regionale Aromen in unserem Restaurant in Vannes. <strong>Am Bild der Heiligen Anna<\/strong>\u00a0und lassen Sie sich von einem\u00a0<strong>traditionelle und kreative K\u00fcche<\/strong> mit breitem bretonischem Akzent... Gaumenfreuden garantiert!\u00a0<\/p>\n\n<p>\u00a0<\/p>\n\t\t\t\t\t\t\t\t<\/div>\n\t\t\t\t<\/div>\n\t\t\t\t\t<\/div>\n\t\t\t\t<\/div>\n\t\t\t\t<\/div>","protected":false},"excerpt":{"rendered":"<p>Un repas de groupe adapt\u00e9 \u00e0 vos besoins et vos attentes\u00a0 Entre amis, entre\u00a0coll\u00e8gues ou en famille, organisez votre\u00a0repas de groupe \u00e0 Vannes.\u00a0 Notre restaurant\u00a0\u00c0 l\u2019Image Sainte-Anne\u00a0vous accueille chaleureusement en toutes circonstances. \u00a0 Nous mettons \u00e0 votre disposition deux salles privatisables pouvant accueillir vos repas en groupe au c\u0153ur du Morbihan. Une petite salle intimiste [&hellip;]<\/p>\n","protected":false},"author":7,"featured_media":11583,"comment_status":"closed","ping_status":"open","sticky":false,"template":"","format":"standard","meta":{"_acf_changed":false,"inline_featured_image":false,"footnotes":""},"categories":[16],"tags":[],"class_list":["post-9013","post","type-post","status-publish","format-standard","has-post-thumbnail","hentry","category-actualites"],"acf":[],"_links":{"self":[{"href":"https:\/\/www.kyriad-vannes.fr\/de\/wp-json\/wp\/v2\/posts\/9013","targetHints":{"allow":["GET"]}}],"collection":[{"href":"https:\/\/www.kyriad-vannes.fr\/de\/wp-json\/wp\/v2\/posts"}],"about":[{"href":"https:\/\/www.kyriad-vannes.fr\/de\/wp-json\/wp\/v2\/types\/post"}],"author":[{"embeddable":true,"href":"https:\/\/www.kyriad-vannes.fr\/de\/wp-json\/wp\/v2\/users\/7"}],"replies":[{"embeddable":true,"href":"https:\/\/www.kyriad-vannes.fr\/de\/wp-json\/wp\/v2\/comments?post=9013"}],"version-history":[{"count":13,"href":"https:\/\/www.kyriad-vannes.fr\/de\/wp-json\/wp\/v2\/posts\/9013\/revisions"}],"predecessor-version":[{"id":11729,"href":"https:\/\/www.kyriad-vannes.fr\/de\/wp-json\/wp\/v2\/posts\/9013\/revisions\/11729"}],"wp:featuredmedia":[{"embeddable":true,"href":"https:\/\/www.kyriad-vannes.fr\/de\/wp-json\/wp\/v2\/media\/11583"}],"wp:attachment":[{"href":"https:\/\/www.kyriad-vannes.fr\/de\/wp-json\/wp\/v2\/media?parent=9013"}],"wp:term":[{"taxonomy":"category","embeddable":true,"href":"https:\/\/www.kyriad-vannes.fr\/de\/wp-json\/wp\/v2\/categories?post=9013"},{"taxonomy":"post_tag","embeddable":true,"href":"https:\/\/www.kyriad-vannes.fr\/de\/wp-json\/wp\/v2\/tags?post=9013"}],"curies":[{"name":"wp","href":"https:\/\/api.w.org\/{rel}","templated":true}]}}