{"id":9020,"date":"2024-09-24T16:34:16","date_gmt":"2024-09-24T14:34:16","guid":{"rendered":"https:\/\/www.kyriad-vannes.fr\/?p=9020"},"modified":"2024-09-24T16:34:17","modified_gmt":"2024-09-24T14:34:17","slug":"das-schloss-von-lhermine-in-vannes","status":"publish","type":"post","link":"https:\/\/www.kyriad-vannes.fr\/de\/actualites\/le-chateau-de-lhermine-a-vannes\/","title":{"rendered":"Das Ch\u00e2teau de l'Hermine in Vannes"},"content":{"rendered":"<div style=\"height:50px\" aria-hidden=\"true\" class=\"wp-block-spacer\"><\/div>\n\n\n\n<h2 class=\"wp-block-heading\">&nbsp;Das Schloss Hermine,&nbsp;<strong>historisches Erbe<\/strong>&nbsp;unumg\u00e4nglich von der&nbsp;<strong>Stadt Vannes<\/strong>Sie k\u00f6nnen sich auf Ihrer&nbsp;<strong>Aufenthalt in der S\u00fcdbretagne.<\/strong><\/h2>\n\n\n\n<h2 class=\"wp-block-heading\">Die Residenz der Herz\u00f6ge der Bretagne<\/h2>\n\n\n\n<p><strong>Ehemalige Burg<\/strong>&nbsp;verschwunden und in die Stadtmauern der&nbsp;<strong>Pr\u00e4fektur des Morbihan<\/strong>Die&nbsp;<strong>Herz\u00f6ge der Bretagne<\/strong>&nbsp;leben bis zur Mitte des 15. Jahrhunderts in dieser Burg.&nbsp;<strong>Fran\u00e7ois I. von Frankreich<\/strong>&nbsp;hielt sich dort insbesondere 1532 auf, als die St\u00e4nde \u00fcber die Vereinigung des Herzogtums abstimmten.&nbsp;<\/p>\n\n\n\n<p>Die Befestigungen verloren danach viel von ihrem Nutzen,&nbsp;<strong>Ludwig XIV.<\/strong>&nbsp;beschloss ab 1670, sie Segment f\u00fcr Segment weiterzuverkaufen, um seine Kriege zu finanzieren. Er spendete das&nbsp;<strong>Herminenschloss<\/strong>die damals in Ruinen lag, in die&nbsp;<strong>Stadt Vannes<\/strong>&nbsp;im Jahr 1697, der es f\u00fcr den Ausbau des Hafens und die Instandhaltung anderer Geb\u00e4ude der Stadt verwendete.<\/p>\n\n\n\n<figure class=\"wp-block-image size-full is-resized\"><img fetchpriority=\"high\" decoding=\"async\" width=\"2560\" height=\"1707\" src=\"https:\/\/www.kyriad-vannes.fr\/wp-content\/uploads\/2024\/09\/Adt-aa0697_Copyright-Loic-Kersuzan-scaled.jpg\" alt=\"\" class=\"wp-image-9021\" style=\"width:590px;height:auto\" title=\"\" srcset=\"https:\/\/www.kyriad-vannes.fr\/wp-content\/uploads\/2024\/09\/Adt-aa0697_Copyright-Loic-Kersuzan-scaled.jpg 2560w, https:\/\/www.kyriad-vannes.fr\/wp-content\/uploads\/2024\/09\/Adt-aa0697_Copyright-Loic-Kersuzan-300x200.jpg 300w, https:\/\/www.kyriad-vannes.fr\/wp-content\/uploads\/2024\/09\/Adt-aa0697_Copyright-Loic-Kersuzan-1024x683.jpg 1024w, https:\/\/www.kyriad-vannes.fr\/wp-content\/uploads\/2024\/09\/Adt-aa0697_Copyright-Loic-Kersuzan-768x512.jpg 768w, https:\/\/www.kyriad-vannes.fr\/wp-content\/uploads\/2024\/09\/Adt-aa0697_Copyright-Loic-Kersuzan-1536x1024.jpg 1536w, https:\/\/www.kyriad-vannes.fr\/wp-content\/uploads\/2024\/09\/Adt-aa0697_Copyright-Loic-Kersuzan-2048x1365.jpg 2048w, https:\/\/www.kyriad-vannes.fr\/wp-content\/uploads\/2024\/09\/Adt-aa0697_Copyright-Loic-Kersuzan-18x12.jpg 18w\" sizes=\"(max-width: 2560px) 100vw, 2560px\" \/><\/figure>\n\n\n\n<div style=\"height:31px\" aria-hidden=\"true\" class=\"wp-block-spacer\"><\/div>\n\n\n\n<h2 class=\"wp-block-heading\">Die Verteidigung des Kulturerbes von Vannetta<\/h2>\n\n\n\n<p>1876 erwarb der Staat das Geb\u00e4ude und die Artillerieschule des XI. Armeekorps zog dort ein. Das Geb\u00e4ude wurde ver\u00e4ndert: Es wurde ein Dachgeschoss hinzugef\u00fcgt und die Innenr\u00e4ume wurden umgestaltet. Die Festungsmauern zerfallen nach und nach im Zuge der st\u00e4dtischen Bebauung. Erst 1911 wurde ein Verein zum Schutz des Kulturerbes von Vannetta gegr\u00fcndet, der folgende Ziele verfolgte&nbsp;<strong>die Stadtmauern von Vannes<\/strong>&nbsp;unter Schutz gestellt werden und dann&nbsp;<strong>klassifiziert&nbsp;<em><a href=\"https:\/\/www.commune-mairie.fr\/monuments-historiques\/vannes-56260\/\" target=\"_blank\" rel=\"noreferrer noopener nofollow\">Historische Denkm\u00e4ler<\/a><\/em><\/strong>.<\/p>\n\n\n\n<p>Im Laufe des 20. Jahrhunderts erf\u00e4hrt das weiterhin als Ch\u00e2teau de l'Hermine bezeichnete Geb\u00e4ude verschiedene Nutzungen f\u00fcr Verwaltungsdienste. Im Jahr 1976 wird es Eigentum der&nbsp;<strong>Stadt Vannes<\/strong>.<\/p>\n\n\n\n<h2 class=\"wp-block-heading\">Die Burg und die Stadtmauern von Vannes heute<\/h2>\n\n\n\n<p>In Erwartung einer Restaurierung und eines neuen Schicksals, werden die&nbsp;<strong>Sonderausstellungen<\/strong>&nbsp;besetzen die R\u00e4ume im Erdgeschoss. Das Schloss wird nach und nach geleert, damit die Stadt Renovierungs- und Restaurierungsarbeiten durchf\u00fchren kann.<\/p>\n\n\n\n<p><strong>Das Schloss Hermine<\/strong>&nbsp;ist ein Vorzeigedenkmal der Stadt und einer der&nbsp;<a href=\"https:\/\/www.kyriad-vannes.fr\/de\/vannes-avoir.html\/\">unumg\u00e4ngliche Orte<\/a>&nbsp;bei Ihrer&nbsp;<strong>Aufenthalt in Vannes,<\/strong>&nbsp;bei Tag und bei Nacht zu besichtigen. Die Burg wird n\u00e4mlich nachts beleuchtet und w\u00e4hrend der Weihnachtszeit schm\u00fcckt sie sich mit h\u00fcbschen Beleuchtungen, ebenso wie ihre W\u00e4lle.<\/p>\n\n\n\n<figure class=\"wp-block-image size-full\"><img decoding=\"async\" width=\"1141\" height=\"756\" src=\"https:\/\/www.kyriad-vannes.fr\/wp-content\/uploads\/2024\/09\/Photo_article_Chateau_Hermine_-_Remparts_Jardins.jpg\" alt=\"\" class=\"wp-image-9022\" title=\"\" srcset=\"https:\/\/www.kyriad-vannes.fr\/wp-content\/uploads\/2024\/09\/Photo_article_Chateau_Hermine_-_Remparts_Jardins.jpg 1141w, https:\/\/www.kyriad-vannes.fr\/wp-content\/uploads\/2024\/09\/Photo_article_Chateau_Hermine_-_Remparts_Jardins-300x199.jpg 300w, https:\/\/www.kyriad-vannes.fr\/wp-content\/uploads\/2024\/09\/Photo_article_Chateau_Hermine_-_Remparts_Jardins-1024x678.jpg 1024w, https:\/\/www.kyriad-vannes.fr\/wp-content\/uploads\/2024\/09\/Photo_article_Chateau_Hermine_-_Remparts_Jardins-768x509.jpg 768w, https:\/\/www.kyriad-vannes.fr\/wp-content\/uploads\/2024\/09\/Photo_article_Chateau_Hermine_-_Remparts_Jardins-18x12.jpg 18w\" sizes=\"(max-width: 1141px) 100vw, 1141px\" \/><\/figure>\n\n\n\n<h2 class=\"wp-block-heading\">Die G\u00e4rten der Stadtmauern<\/h2>\n\n\n\n<p>Bei einem Spaziergang entlang der Stadtmauern und in der Umgebung des Schlosses k\u00f6nnen Sie die&nbsp;<strong>G\u00e4rten der Stadtmauern von Vannes<\/strong>. Ein wahrer Genuss f\u00fcr die Augen und&nbsp;<strong>Gartenliebhaber<\/strong>In der Bl\u00fctezeit, vor allem im Fr\u00fchling, ist es besonders wichtig, dass Sie sich nicht zu viel M\u00fche geben.<\/p>","protected":false},"excerpt":{"rendered":"<p>&nbsp;Le ch\u00e2teau de l&rsquo;Hermine,&nbsp;patrimoine historique&nbsp;incontournable de la&nbsp;ville de Vannes, \u00e0 d\u00e9couvrir lors de votre&nbsp;s\u00e9jour en Bretagne Sud. La r\u00e9sidence des Ducs de Bretagne Ancien ch\u00e2teau fort&nbsp;disparu et int\u00e9gr\u00e9 aux remparts de la&nbsp;pr\u00e9fecture du Morbihan, les&nbsp;ducs de Bretagne&nbsp;vivent dans ce ch\u00e2teau jusqu&rsquo;au milieu du XVe si\u00e8cle.&nbsp;Fran\u00e7ois Ier de France&nbsp;y s\u00e9journe, en particulier en 1532, lors du [&hellip;]<\/p>\n","protected":false},"author":7,"featured_media":8989,"comment_status":"closed","ping_status":"open","sticky":false,"template":"","format":"standard","meta":{"_acf_changed":false,"inline_featured_image":false,"footnotes":""},"categories":[16],"tags":[],"class_list":["post-9020","post","type-post","status-publish","format-standard","has-post-thumbnail","hentry","category-actualites"],"acf":[],"_links":{"self":[{"href":"https:\/\/www.kyriad-vannes.fr\/de\/wp-json\/wp\/v2\/posts\/9020","targetHints":{"allow":["GET"]}}],"collection":[{"href":"https:\/\/www.kyriad-vannes.fr\/de\/wp-json\/wp\/v2\/posts"}],"about":[{"href":"https:\/\/www.kyriad-vannes.fr\/de\/wp-json\/wp\/v2\/types\/post"}],"author":[{"embeddable":true,"href":"https:\/\/www.kyriad-vannes.fr\/de\/wp-json\/wp\/v2\/users\/7"}],"replies":[{"embeddable":true,"href":"https:\/\/www.kyriad-vannes.fr\/de\/wp-json\/wp\/v2\/comments?post=9020"}],"version-history":[{"count":1,"href":"https:\/\/www.kyriad-vannes.fr\/de\/wp-json\/wp\/v2\/posts\/9020\/revisions"}],"predecessor-version":[{"id":9023,"href":"https:\/\/www.kyriad-vannes.fr\/de\/wp-json\/wp\/v2\/posts\/9020\/revisions\/9023"}],"wp:featuredmedia":[{"embeddable":true,"href":"https:\/\/www.kyriad-vannes.fr\/de\/wp-json\/wp\/v2\/media\/8989"}],"wp:attachment":[{"href":"https:\/\/www.kyriad-vannes.fr\/de\/wp-json\/wp\/v2\/media?parent=9020"}],"wp:term":[{"taxonomy":"category","embeddable":true,"href":"https:\/\/www.kyriad-vannes.fr\/de\/wp-json\/wp\/v2\/categories?post=9020"},{"taxonomy":"post_tag","embeddable":true,"href":"https:\/\/www.kyriad-vannes.fr\/de\/wp-json\/wp\/v2\/tags?post=9020"}],"curies":[{"name":"wp","href":"https:\/\/api.w.org\/{rel}","templated":true}]}}