{"id":9045,"date":"2024-09-26T09:23:08","date_gmt":"2024-09-26T07:23:08","guid":{"rendered":"https:\/\/www.kyriad-vannes.fr\/?p=9045"},"modified":"2025-09-10T15:50:01","modified_gmt":"2025-09-10T13:50:01","slug":"das-schloss-von-lhermine-in-vannes-2","status":"publish","type":"post","link":"https:\/\/www.kyriad-vannes.fr\/de\/actualites\/le-chateau-de-lhermine-a-vannes-2\/","title":{"rendered":"Europ\u00e4ische Tage des Kulturerbes"},"content":{"rendered":"<div data-elementor-type=\"wp-post\" data-elementor-id=\"9045\" class=\"elementor elementor-9045\" data-elementor-post-type=\"post\">\n\t\t\t\t<div class=\"elementor-element elementor-element-70b4b18c e-flex e-con-boxed e-con e-parent\" data-id=\"70b4b18c\" data-element_type=\"container\" data-e-type=\"container\">\n\t\t\t\t\t<div class=\"e-con-inner\">\n\t\t\t\t<div class=\"elementor-element elementor-element-1b0aa6c0 elementor-widget elementor-widget-text-editor\" data-id=\"1b0aa6c0\" data-element_type=\"widget\" data-e-type=\"widget\" data-widget_type=\"text-editor.default\">\n\t\t\t\t<div class=\"elementor-widget-container\">\n\t\t\t\t\t\t\t\t\t<h2 class=\"content_cms\">Ein magischer Moment voller Entdeckungen<\/h2><p>Genie\u00dfen Sie am 20. und 21. September 2025 die <strong>Europ\u00e4ische Tage des Kulturerbes\u00a0<\/strong>in Vannes: Dieser besondere Moment erm\u00f6glicht es Ihnen, das lokale und nationale Kulturerbe zu entdecken. Wie jedes Jahr wird die\u00a0<strong>Stadt Vannes<\/strong>\u00a0bietet Ihnen die M\u00f6glichkeit, au\u00dfergew\u00f6hnliche Orte zu entdecken oder wiederzuentdecken, die ihre T\u00fcren f\u00fcr Sie \u00f6ffnen und ihre Geheimnisse preisgeben.<\/p><p>\u00a0<\/p><p>Dies ist der perfekte Zeitpunkt, um die S\u00fcdbretagne zu erkunden, da<strong>\u00a0Vannes und Umgebung<\/strong>\u00a0sind voll von unglaublichen Sehensw\u00fcrdigkeiten und\u00a0<strong>historische Denkm\u00e4ler zu besuchen<\/strong>\u00a0die einen Teil des\u00a0<strong>Kulturerbe des Morbihan<\/strong>.<\/p>\t\t\t\t\t\t\t\t<\/div>\n\t\t\t\t<\/div>\n\t\t\t\t<div class=\"elementor-element elementor-element-3dd605f elementor-widget elementor-widget-image\" data-id=\"3dd605f\" data-element_type=\"widget\" data-e-type=\"widget\" data-widget_type=\"image.default\">\n\t\t\t\t<div class=\"elementor-widget-container\">\n\t\t\t\t\t\t\t\t\t\t\t\t\t\t\t<img fetchpriority=\"high\" decoding=\"async\" width=\"405\" height=\"305\" src=\"https:\/\/www.kyriad-vannes.fr\/wp-content\/uploads\/2024\/09\/Vannes.jpg\" class=\"attachment-full size-full wp-image-9046\" alt=\"\" srcset=\"https:\/\/www.kyriad-vannes.fr\/wp-content\/uploads\/2024\/09\/Vannes.jpg 405w, https:\/\/www.kyriad-vannes.fr\/wp-content\/uploads\/2024\/09\/Vannes-300x226.jpg 300w, https:\/\/www.kyriad-vannes.fr\/wp-content\/uploads\/2024\/09\/Vannes-16x12.jpg 16w\" sizes=\"(max-width: 405px) 100vw, 405px\" title=\"\">\t\t\t\t\t\t\t\t\t\t\t\t\t\t\t<\/div>\n\t\t\t\t<\/div>\n\t\t\t\t<div class=\"elementor-element elementor-element-d0c6a0a elementor-widget elementor-widget-text-editor\" data-id=\"d0c6a0a\" data-element_type=\"widget\" data-e-type=\"widget\" data-widget_type=\"text-editor.default\">\n\t\t\t\t<div class=\"elementor-widget-container\">\n\t\t\t\t\t\t\t\t\t<p>Die\u00a0<strong>42. Ausgabe der Europ\u00e4ischen Tage des Denkmals<\/strong> findet am 20. und 21. September 2025 statt, das Thema ? Das<strong> \"architektonisches Erbe\"<\/strong>. Kostenlose Besuche und Reservierungen f\u00fcr bestimmte Orte werden empfohlen.<\/p><p>Weitere Informationen und das vollst\u00e4ndige Programm auf der Website der\u00a0<strong>Stadt Vannes<\/strong>\u00a0:\u00a0<span style=\"text-decoration: underline;\"><strong><a title=\"Europ\u00e4ische Tage des Denkmals 2024 Vannes\" href=\"https:\/\/www.mairie-vannes.fr\/agenda\/journees-europeennes-du-patrimoine-0\" target=\"_blank\" rel=\"noopener noreferrer nofollow\">Programm JEP 2025<\/a><\/strong><\/span><\/p><p>\u00a0<\/p><h2 class=\"content_cms\">In der N\u00e4he Ihres Kyriad-Hotels in Vannes centre-ville<\/h2><p>Warum nicht\u00a0<strong>Ihr Wochenende buchen<\/strong>\u00a0im Hotel Kyriad Vannes Centre-ville zu verbringen? So k\u00f6nnen Sie die zahlreichen organisierten Veranstaltungen in vollen Z\u00fcgen genie\u00dfen\u00a0<strong>im Herzen von Vannes<\/strong>\u00a0anl\u00e4sslich der\u00a0<strong>Europ\u00e4ische Tage des Kulturerbes<\/strong>. Nach einem guten Fr\u00fchst\u00fcck, das in\u00a0<a title=\"Restaurant Kyriad Vannes\" href=\"https:\/\/www.kyriad-vannes.fr\/de\/restaurant-vannes.html\/\">unser Restaurant<\/a>Wenn Sie sich in der Stadt aufhalten, sind Sie fit genug, um durch die Museen zu schlendern und die verschiedenen Denkm\u00e4ler der Stadt zu bewundern.<\/p><p>\u00a0<\/p><h3 class=\"content_cms\">Die Geschichte unseres Hotels und von Vannes an den W\u00e4nden<\/h3><p>W\u00e4hrend Ihres Aufenthalts oder\u00a0<strong>Wochenende im Hotel Kyriad Vannes Centre<\/strong>Entdecken Sie<strong>alte Fotos von Vannes<\/strong>\u00a0die im Saal unseres Restaurants und in den Fluren des Hotels ausgeh\u00e4ngt werden. Diese\u00a0<strong>Mini-Ausstellung<\/strong>\u00a0wurde in Zusammenarbeit mit dem Stadtarchiv von Vannes erstellt. Die Geschichte unseres Hauses ist ebenfalls nachvollziehbar, in der Speisekarte unseres Restaurants, aber auch dank alter Fotos des Geb\u00e4udes. So k\u00f6nnen Sie sich im Hotel selbst weiterbilden!<\/p><p>\u00a0<\/p><p>Das Gasthaus \u00c0 l'Image Sainte-Anne, das 1738 in der Rue Hoche eingerichtet wurde, war der Ursprung unserer\u00a0<strong>hotel-restaurant in Vannes<\/strong>. Entdecken Sie seine Entwicklung im Laufe der Epochen bei einem Essen im\u00a0<strong>Restaurant \u00c0 l'Image Sainte-Anne<\/strong>\u00a0oder einen Aufenthalt in unserem\u00a0<strong>3-Sterne-Hotel im Zentrum von Vannes<\/strong>.<\/p>\t\t\t\t\t\t\t\t<\/div>\n\t\t\t\t<\/div>\n\t\t\t\t\t<\/div>\n\t\t\t\t<\/div>\n\t\t\t\t<\/div>","protected":false},"excerpt":{"rendered":"<p>Un moment magique plein de d\u00e9couvertes Le 20 et 21 septembre 2025, profitez des Journ\u00e9es Europ\u00e9ennes du Patrimoine\u00a0\u00e0 Vannes :\u00a0ce moment privil\u00e9gi\u00e9 vous permet de d\u00e9couvrir le patrimoine local et national. Comme chaque ann\u00e9e, la\u00a0ville de Vannes\u00a0vous propose de d\u00e9couvrir ou red\u00e9couvrir des sites exceptionnels qui vous ouvrent leurs portes et vous d\u00e9voilent leurs secrets. [&hellip;]<\/p>\n","protected":false},"author":7,"featured_media":8952,"comment_status":"closed","ping_status":"open","sticky":false,"template":"","format":"standard","meta":{"_acf_changed":false,"inline_featured_image":false,"footnotes":""},"categories":[16],"tags":[],"class_list":["post-9045","post","type-post","status-publish","format-standard","has-post-thumbnail","hentry","category-actualites"],"acf":[],"_links":{"self":[{"href":"https:\/\/www.kyriad-vannes.fr\/de\/wp-json\/wp\/v2\/posts\/9045","targetHints":{"allow":["GET"]}}],"collection":[{"href":"https:\/\/www.kyriad-vannes.fr\/de\/wp-json\/wp\/v2\/posts"}],"about":[{"href":"https:\/\/www.kyriad-vannes.fr\/de\/wp-json\/wp\/v2\/types\/post"}],"author":[{"embeddable":true,"href":"https:\/\/www.kyriad-vannes.fr\/de\/wp-json\/wp\/v2\/users\/7"}],"replies":[{"embeddable":true,"href":"https:\/\/www.kyriad-vannes.fr\/de\/wp-json\/wp\/v2\/comments?post=9045"}],"version-history":[{"count":7,"href":"https:\/\/www.kyriad-vannes.fr\/de\/wp-json\/wp\/v2\/posts\/9045\/revisions"}],"predecessor-version":[{"id":11683,"href":"https:\/\/www.kyriad-vannes.fr\/de\/wp-json\/wp\/v2\/posts\/9045\/revisions\/11683"}],"wp:featuredmedia":[{"embeddable":true,"href":"https:\/\/www.kyriad-vannes.fr\/de\/wp-json\/wp\/v2\/media\/8952"}],"wp:attachment":[{"href":"https:\/\/www.kyriad-vannes.fr\/de\/wp-json\/wp\/v2\/media?parent=9045"}],"wp:term":[{"taxonomy":"category","embeddable":true,"href":"https:\/\/www.kyriad-vannes.fr\/de\/wp-json\/wp\/v2\/categories?post=9045"},{"taxonomy":"post_tag","embeddable":true,"href":"https:\/\/www.kyriad-vannes.fr\/de\/wp-json\/wp\/v2\/tags?post=9045"}],"curies":[{"name":"wp","href":"https:\/\/api.w.org\/{rel}","templated":true}]}}