{"id":9056,"date":"2024-09-26T15:05:11","date_gmt":"2024-09-26T13:05:11","guid":{"rendered":"https:\/\/www.kyriad-vannes.fr\/?p=9056"},"modified":"2025-03-06T10:30:54","modified_gmt":"2025-03-06T09:30:54","slug":"schlafen-sie-friedlich-mit-unseren-formgedachtniskissen","status":"publish","type":"post","link":"https:\/\/www.kyriad-vannes.fr\/de\/actualites\/dormez-paisiblement-grace-a-nos-oreillers-a-memoire-de-forme\/","title":{"rendered":"Schlafen Sie friedlich mit unseren Kissen mit Formged\u00e4chtnis\u00a0"},"content":{"rendered":"<div data-elementor-type=\"wp-post\" data-elementor-id=\"9056\" class=\"elementor elementor-9056\" data-elementor-post-type=\"post\">\n\t\t\t\t<div class=\"elementor-element elementor-element-70b4b18c e-flex e-con-boxed e-con e-parent\" data-id=\"70b4b18c\" data-element_type=\"container\" data-e-type=\"container\">\n\t\t\t\t\t<div class=\"e-con-inner\">\n\t\t\t\t<div class=\"elementor-element elementor-element-1b0aa6c0 elementor-widget elementor-widget-text-editor\" data-id=\"1b0aa6c0\" data-element_type=\"widget\" data-e-type=\"widget\" data-widget_type=\"text-editor.default\">\n\t\t\t\t<div class=\"elementor-widget-container\">\n\t\t\t\t\t\t\t\t\t<h2 style=\"font-family: Prata, sans-serif; line-height: 1.1; color: #333333; margin-top: 20px; margin-bottom: 40px; font-size: 30px; text-align: center;\">Machen Sie eine innovative Erfahrung in Ihrem Kyriad-Hotel im Zentrum von Vannes<\/h2>\n<p style=\"margin-right: 0px; margin-bottom: 10px; margin-left: 0px; color: #333333; font-family: Karla, Helvetica, sans-serif; font-size: 20px;\">\u00a0<\/p>\n<p style=\"margin-right: 0px; margin-bottom: 10px; margin-left: 0px; color: #333333; font-family: Karla, Helvetica, sans-serif; font-size: 20px;\">F\u00fcr einen gelungenen Aufenthalt in unserem\u00a0<span style=\"font-weight: bold;\">hotel in Vannes Stadtzentrum<\/span>Schlafen Sie wie ein Baby mit unseren Kopfkissen mit Formged\u00e4chtnis!\u00a0<\/p>\n<div class=\"content clearfix\">\n<div class=\"page-editoriale\">\n<div class=\"articles\">\n<div class=\"field field-name-field-articles field-type-text-long field-label-hidden\">\n<div class=\"field-items\">\n<div class=\"field-item even\">\u00a0<\/div>\n<\/div>\n<\/div>\n<\/div>\n<\/div>\n<\/div>\t\t\t\t\t\t\t\t<\/div>\n\t\t\t\t<\/div>\n\t\t\t\t<div class=\"elementor-element elementor-element-3dd605f elementor-widget elementor-widget-image\" data-id=\"3dd605f\" data-element_type=\"widget\" data-e-type=\"widget\" data-widget_type=\"image.default\">\n\t\t\t\t<div class=\"elementor-widget-container\">\n\t\t\t\t\t\t\t\t\t\t\t\t\t\t\t<img fetchpriority=\"high\" decoding=\"async\" width=\"1748\" height=\"1240\" src=\"https:\/\/www.kyriad-vannes.fr\/wp-content\/uploads\/2024\/09\/Vignette-rectangle-KY-2.png\" class=\"attachment-full size-full wp-image-11016\" alt=\"\" srcset=\"https:\/\/www.kyriad-vannes.fr\/wp-content\/uploads\/2024\/09\/Vignette-rectangle-KY-2.png 1748w, https:\/\/www.kyriad-vannes.fr\/wp-content\/uploads\/2024\/09\/Vignette-rectangle-KY-2-300x213.png 300w, https:\/\/www.kyriad-vannes.fr\/wp-content\/uploads\/2024\/09\/Vignette-rectangle-KY-2-1024x726.png 1024w, https:\/\/www.kyriad-vannes.fr\/wp-content\/uploads\/2024\/09\/Vignette-rectangle-KY-2-768x545.png 768w, https:\/\/www.kyriad-vannes.fr\/wp-content\/uploads\/2024\/09\/Vignette-rectangle-KY-2-1536x1090.png 1536w, https:\/\/www.kyriad-vannes.fr\/wp-content\/uploads\/2024\/09\/Vignette-rectangle-KY-2-18x12.png 18w\" sizes=\"(max-width: 1748px) 100vw, 1748px\" title=\"\">\t\t\t\t\t\t\t\t\t\t\t\t\t\t\t<\/div>\n\t\t\t\t<\/div>\n\t\t\t\t<div class=\"elementor-element elementor-element-d0c6a0a elementor-widget elementor-widget-text-editor\" data-id=\"d0c6a0a\" data-element_type=\"widget\" data-e-type=\"widget\" data-widget_type=\"text-editor.default\">\n\t\t\t\t<div class=\"elementor-widget-container\">\n\t\t\t\t\t\t\t\t\t<p>Mit seinem Memory-Schaumstoff bietet dieses Kissen Ihrem Nacken und Ihrer Halswirbels\u00e4ule den Komfort, den Sie sich w\u00fcnschen k\u00f6nnen. Es\u00a0<strong>passt sich perfekt der Form Ihres Kopfes an<\/strong>\u00a0f\u00fcr einen idealen Halt w\u00e4hrend der ganzen Nacht. Das in Frankreich hergestellte Kyriad-Kissen ist f\u00fcr alle K\u00f6rperformen geeignet, garantiert Ihnen sofortige Erleichterung und verhindert das Risiko, dass Sie schwitzen! Entspannung und Komfort garantiert!\u00a0<\/p>\n<p>Warten Sie nicht l\u00e4nger, um diese innovative Erfahrung zu machen und verbringen Sie eine unvergessliche Nacht in unserem\u00a0<a title=\"Hotel KYRIAD in Vannes\" href=\"https:\/\/www.kyriad-vannes.fr\/de\/\" target=\"_blank\" rel=\"noopener noreferrer\">hotel in Vannes Centre-Ville<\/a>\u00a0!  Ihr 100% Komfort-Kopfkissen mit Formged\u00e4chtnis wartet in Ihrem Zimmer auf Sie, also warum buchen Sie nicht gleich Ihren Aufenthalt?<\/p>\n<p>\u00a0<\/p>\n<p>Und um das Kyriad-Erlebnis zu verl\u00e4ngern, haben Sie die M\u00f6glichkeit<strong>Ihr eigenes Kyriad-Kopfkissen kaufen<\/strong>\u00a0mit Formged\u00e4chtnis zum Preis von nur 48,90\u20ac!<\/p>\n<p>Besuchen Sie die Rezeption, um ihn zu beantragen.<\/p>\n<p>\u00a0<\/p>\n<h2 class=\"content_cms\">Und f\u00fcr einen noch gelungeneren Aufenthalt entdecken Sie unser Restaurant \u00c0 L'Image Sainte-Anne<\/h2>\n<p>Eine erholsame Nacht ist wichtig, aber wenn man vorher noch ein leckeres, schmackhaftes Essen genie\u00dfen kann, ist das noch besser!<\/p>\n<p>F\u00fcr einen Aufenthalt voller Geschmackserlebnisse in der s\u00fcdlichen Bretagne sollten Sie auf keinen Fall unser\u00a0<a title=\"Restaurant A l&#039;Image Sainte-Anne Vannes\" href=\"https:\/\/www.kyriad-vannes.fr\/de\/restaurant-vannes.html\/\" target=\"_blank\" rel=\"noopener noreferrer\"><strong>restaurant \u00c0 L'Image Sainte-Anne<\/strong><\/a>die eine\u00a0<strong>kreative und authentische K\u00fcche<\/strong>mit einem breiten bretonischen Akzent. Au\u00dferdem ist seine K\u00fcche\u00a0<strong>zertifizierter Ma\u00eetre Restaurateur<\/strong>Wir garantieren Ihnen, dass dies ein wahrer Genuss f\u00fcr Ihren Gaumen sein wird!\u00a0<\/p>\n<div class=\"content clearfix\">\n<div class=\"page-editoriale\">\n<div class=\"articles\">\n<div class=\"field field-name-field-articles field-type-text-long field-label-hidden\">\n<div class=\"field-items\">\n<div class=\"field-item even\">\u00a0<\/div>\n<\/div>\n<\/div>\n<\/div>\n<\/div>\n<\/div>\t\t\t\t\t\t\t\t<\/div>\n\t\t\t\t<\/div>\n\t\t\t\t<div class=\"elementor-element elementor-element-67aeb3e elementor-widget elementor-widget-image\" data-id=\"67aeb3e\" data-element_type=\"widget\" data-e-type=\"widget\" data-widget_type=\"image.default\">\n\t\t\t\t<div class=\"elementor-widget-container\">\n\t\t\t\t\t\t\t\t\t\t\t\t\t\t\t<img decoding=\"async\" width=\"1080\" height=\"1080\" src=\"https:\/\/www.kyriad-vannes.fr\/wp-content\/uploads\/2024\/09\/vaiselle.png\" class=\"attachment-full size-full wp-image-11017\" alt=\"\" srcset=\"https:\/\/www.kyriad-vannes.fr\/wp-content\/uploads\/2024\/09\/vaiselle.png 1080w, https:\/\/www.kyriad-vannes.fr\/wp-content\/uploads\/2024\/09\/vaiselle-300x300.png 300w, https:\/\/www.kyriad-vannes.fr\/wp-content\/uploads\/2024\/09\/vaiselle-1024x1024.png 1024w, https:\/\/www.kyriad-vannes.fr\/wp-content\/uploads\/2024\/09\/vaiselle-150x150.png 150w, https:\/\/www.kyriad-vannes.fr\/wp-content\/uploads\/2024\/09\/vaiselle-768x768.png 768w, https:\/\/www.kyriad-vannes.fr\/wp-content\/uploads\/2024\/09\/vaiselle-12x12.png 12w\" sizes=\"(max-width: 1080px) 100vw, 1080px\" title=\"\">\t\t\t\t\t\t\t\t\t\t\t\t\t\t\t<\/div>\n\t\t\t\t<\/div>\n\t\t\t\t<div class=\"elementor-element elementor-element-3051d1a elementor-widget elementor-widget-text-editor\" data-id=\"3051d1a\" data-element_type=\"widget\" data-e-type=\"widget\" data-widget_type=\"text-editor.default\">\n\t\t\t\t<div class=\"elementor-widget-container\">\n\t\t\t\t\t\t\t\t\t<p>Sie k\u00f6nnen unser Tagesgericht f\u00fcr nur 15,90\u20ac genie\u00dfen oder sich f\u00fcr ein 3-G\u00e4nge-Men\u00fc entscheiden, um noch mehr Gaumenfreuden zu genie\u00dfen. Unser Restaurant ist DER ideale Ort f\u00fcr Ihr Gesch\u00e4ftsessen oder f\u00fcr ein gem\u00fctliches Essen mit Freunden oder der Familie.\u00a0<\/p>\n<p>Werfen Sie einen Blick auf die\u00a0<a title=\"Restaurantkarte\" href=\"http:\/\/www.assiwa.fr\/medias\/kyriad\/Restaurant%20A%20l%27Image%20Sainte-Anne-Carte%202020%20complete-BD%20Web.pdf\" target=\"_blank\" rel=\"noopener noreferrer nofollow\">Restaurantkarte<\/a>Die Speisekarte variiert und entwickelt sich je nach Jahreszeit und bietet hausgemachte Gerichte zwischen Land und Meer... Lassen Sie sich verf\u00fchren und lassen Sie Ihren Gaumen tr\u00e4umen!\u00a0<\/p>\n<p>Wenn Sie in Versuchung geraten sind, warten Sie nicht l\u00e4nger und buchen Sie! Unsere\u00a0<strong>Restaurant \u00c0 l'Image Sainte-Anne\u00a0<\/strong>empf\u00e4ngt Sie herzlich jeden Tag von 12:00 bis 14:00 Uhr und von 19:00 bis 21:30 Uhr (au\u00dferhalb der Saison samstags und sonntags abends geschlossen).<\/p>\t\t\t\t\t\t\t\t<\/div>\n\t\t\t\t<\/div>\n\t\t\t\t\t<\/div>\n\t\t\t\t<\/div>\n\t\t\t\t<\/div>","protected":false},"excerpt":{"rendered":"<p>Vivez une exp\u00e9rience innovante dans votre h\u00f4tel Kyriad au centre de Vannes \u00a0 Pour un s\u00e9jour r\u00e9ussi dans notre\u00a0h\u00f4tel \u00e0 Vannes centre-ville, dormez comme un b\u00e9b\u00e9 gr\u00e2ce \u00e0 nos oreillers \u00e0 m\u00e9moire de forme !\u00a0 \u00a0 Avec sa mousse \u00e0 m\u00e9moire de forme, cet oreiller vous apporte tout le confort dont vous pouvez r\u00eaver\u00a0pour votre [&hellip;]<\/p>\n","protected":false},"author":7,"featured_media":8962,"comment_status":"closed","ping_status":"open","sticky":false,"template":"","format":"standard","meta":{"_acf_changed":false,"inline_featured_image":false,"footnotes":""},"categories":[16],"tags":[],"class_list":["post-9056","post","type-post","status-publish","format-standard","has-post-thumbnail","hentry","category-actualites"],"acf":[],"_links":{"self":[{"href":"https:\/\/www.kyriad-vannes.fr\/de\/wp-json\/wp\/v2\/posts\/9056","targetHints":{"allow":["GET"]}}],"collection":[{"href":"https:\/\/www.kyriad-vannes.fr\/de\/wp-json\/wp\/v2\/posts"}],"about":[{"href":"https:\/\/www.kyriad-vannes.fr\/de\/wp-json\/wp\/v2\/types\/post"}],"author":[{"embeddable":true,"href":"https:\/\/www.kyriad-vannes.fr\/de\/wp-json\/wp\/v2\/users\/7"}],"replies":[{"embeddable":true,"href":"https:\/\/www.kyriad-vannes.fr\/de\/wp-json\/wp\/v2\/comments?post=9056"}],"version-history":[{"count":7,"href":"https:\/\/www.kyriad-vannes.fr\/de\/wp-json\/wp\/v2\/posts\/9056\/revisions"}],"predecessor-version":[{"id":11020,"href":"https:\/\/www.kyriad-vannes.fr\/de\/wp-json\/wp\/v2\/posts\/9056\/revisions\/11020"}],"wp:featuredmedia":[{"embeddable":true,"href":"https:\/\/www.kyriad-vannes.fr\/de\/wp-json\/wp\/v2\/media\/8962"}],"wp:attachment":[{"href":"https:\/\/www.kyriad-vannes.fr\/de\/wp-json\/wp\/v2\/media?parent=9056"}],"wp:term":[{"taxonomy":"category","embeddable":true,"href":"https:\/\/www.kyriad-vannes.fr\/de\/wp-json\/wp\/v2\/categories?post=9056"},{"taxonomy":"post_tag","embeddable":true,"href":"https:\/\/www.kyriad-vannes.fr\/de\/wp-json\/wp\/v2\/tags?post=9056"}],"curies":[{"name":"wp","href":"https:\/\/api.w.org\/{rel}","templated":true}]}}