{"id":9084,"date":"2022-11-08T16:30:44","date_gmt":"2022-11-08T15:30:44","guid":{"rendered":"https:\/\/www.kyriad-vannes.fr\/?p=9084"},"modified":"2026-01-09T14:02:31","modified_gmt":"2026-01-09T13:02:31","slug":"ihre-abendessen-restaurant-vannes","status":"publish","type":"post","link":"https:\/\/www.kyriad-vannes.fr\/de\/actualites\/vos-repas-de-fin-dannee-restaurant-vannes\/","title":{"rendered":"IHRE JAHRESENDESSEN - Restaurant Vannes"},"content":{"rendered":"<div data-elementor-type=\"wp-post\" data-elementor-id=\"9084\" class=\"elementor elementor-9084\" data-elementor-post-type=\"post\">\n\t\t\t\t<div class=\"elementor-element elementor-element-70b4b18c e-flex e-con-boxed e-con e-parent\" data-id=\"70b4b18c\" data-element_type=\"container\" data-e-type=\"container\">\n\t\t\t\t\t<div class=\"e-con-inner\">\n\t\t\t\t<div class=\"elementor-element elementor-element-1b0aa6c0 elementor-widget elementor-widget-text-editor\" data-id=\"1b0aa6c0\" data-element_type=\"widget\" data-e-type=\"widget\" data-widget_type=\"text-editor.default\">\n\t\t\t\t<div class=\"elementor-widget-container\">\n\t\t\t\t\t\t\t\t\t<h2>Weihnachtsfeiern - In unserem Restaurant in Vannes\u00a0<\/h2><p><strong>Unternehmen, Vereinigungen oder Gruppen<\/strong>Ihr\u00a0<strong><a title=\"restaurant \u00e0 l&#039;Image Sainte Anne Vannes\" href=\"https:\/\/www.kyriad-vannes.fr\/de\/restaurant-vannes.html\/\">restaurant \u00e0 l'Image Sainte-Anne<\/a><\/strong>\u00a0bietet Ihnen ein au\u00dfergew\u00f6hnliches Men\u00fc, das von A bis Z individuell gestaltet werden kann...<\/p><p>Bringen Sie Ihre Teams in der Weihnachtszeit bei einem k\u00f6stlichen Essen in unserem zertifizierten Restaurant zusammen.\u00a0<strong><a title=\"restaurant vannes ma\u00eetre restaurateur hotel\" href=\"https:\/\/www.kyriad-vannes.fr\/de\/actus\/restaurant-vannes-maitre-restaurateur-a-l-image-sainte-anne-34.html\/\">Ma\u00eetre Restaurateur<\/a><\/strong>.<\/p><p>Zu diesem Anlass bereitet Ihnen der K\u00fcchenchef des Restaurants \u00c0 l'Image Sainte-Anne ein<strong>\u00a0<\/strong><strong>ma\u00dfgeschneidertes Men\u00fc<\/strong>\u00a0!<\/p><h2>Die Weihnachtsmen\u00fcs - \u00c0 l'Image Sainte-Anne in Vannes\u00a0<\/h2><p>Ein ma\u00dfgeschneidertes Men\u00fc wird Ihnen angeboten, um einen\u00a0<strong>festliches Essen in Vannes<\/strong>\u00a0mit Ihren Mitarbeiterinnen und Mitarbeitern oder Ihren Angeh\u00f6rigen.<\/p><p>Sie k\u00f6nnen raffinierte und aufwendig zubereitete Gerichte mit saisonalen Aromen und Produkten genie\u00dfen.<\/p><p>| Hier\u00a0<strong>zwei Arten von Men\u00fcs<\/strong>\u00a0die wir bereits anl\u00e4sslich der Weihnachtsfeiertage durchgef\u00fchrt haben,\u00a0<strong>f\u00fcr Beispiel<\/strong>\u00a0:<\/p><p>\u00a0<\/p><h2><img fetchpriority=\"high\" decoding=\"async\" class=\"aligncenter wp-image-11131\" src=\"https:\/\/www.kyriad-vannes.fr\/wp-content\/uploads\/2024\/09\/repas-fin-annee-724x1024.jpg\" alt=\"\" width=\"566\" height=\"800\" title=\"\" srcset=\"https:\/\/www.kyriad-vannes.fr\/wp-content\/uploads\/2024\/09\/repas-fin-annee-724x1024.jpg 724w, https:\/\/www.kyriad-vannes.fr\/wp-content\/uploads\/2024\/09\/repas-fin-annee-212x300.jpg 212w, https:\/\/www.kyriad-vannes.fr\/wp-content\/uploads\/2024\/09\/repas-fin-annee-768x1086.jpg 768w, https:\/\/www.kyriad-vannes.fr\/wp-content\/uploads\/2024\/09\/repas-fin-annee-1086x1536.jpg 1086w, https:\/\/www.kyriad-vannes.fr\/wp-content\/uploads\/2024\/09\/repas-fin-annee-8x12.jpg 8w, https:\/\/www.kyriad-vannes.fr\/wp-content\/uploads\/2024\/09\/repas-fin-annee.jpg 1414w\" sizes=\"(max-width: 566px) 100vw, 566px\" \/><\/h2><p>\u00a0<\/p>\t\t\t\t\t\t\t\t<\/div>\n\t\t\t\t<\/div>\n\t\t\t\t<div class=\"elementor-element elementor-element-d0c6a0a elementor-widget elementor-widget-text-editor\" data-id=\"d0c6a0a\" data-element_type=\"widget\" data-e-type=\"widget\" data-widget_type=\"text-editor.default\">\n\t\t\t\t<div class=\"elementor-widget-container\">\n\t\t\t\t\t\t\t\t\t<p>Die\u00a0<strong>Neujahrsfeiern<\/strong> sind wichtige Momente im Leben eines Unternehmens. Sie bieten die Gelegenheit, Ihre Mitarbeiter, Kunden, Lieferanten und Partner in einer geselligen Atmosph\u00e4re zusammenzubringen. Es ist auch die Gelegenheit, einen herzlichen Moment mit der Familie oder mit Freunden zu verbringen...<\/p><div class=\"thrv_wrapper thrv_text_element tve_empty_dropzone\"><p>Kommen Sie und teilen Sie einen Moment der Entspannung im Restaurant\u00a0<strong>Am Bild der Heiligen Anna<\/strong>In Vannes gibt es einen renommierten Tisch.<\/p><\/div><p class=\"lightBrownFont\">Die\u00a0<strong>Festtagsmen\u00fcs in Vannes<\/strong> sind\u00a0<strong>verf\u00fcgbar bis zum 31. Januar 2026<\/strong>.<\/p><p class=\"lightBrownFont\"><strong>Fordern Sie noch heute Ihr Festtagsmen\u00fc an!\u00a0<\/strong><\/p><p>Ma\u00dfgeschneiderte Vorschl\u00e4ge nach Ihren W\u00fcnschen und Ihrem Budget.<\/p><p class=\"lightBrownFont\">Unser Team und unser Chefkoch freuen sich darauf, Sie bei der Organisation Ihrer Jahresendveranstaltung zu unterst\u00fctzen.<\/p><p class=\"lightBrownFont\"><strong><em>Kontakt unter 02 97 63 27 36 oder per E-Mail an info@kyriad-vannescentre.com\u00a0<\/em><\/strong><\/p><p class=\"lightBrownFont\"><strong>\u00a0<\/strong><\/p><h2 class=\"content_cms\">Entdecken Sie unser Restaurant \u00c0 l'Image Sainte-Anne in Vannes zu Weihnachten<\/h2><p>Besuchen Sie in Ihrem\u00a0<strong><a title=\"hotel vannes centre restaurant\" href=\"https:\/\/www.kyriad-vannes.fr\/de\/\">Hotel Kyriad Vannes Stadtzentrum<\/a><\/strong>\u00a0und in seinem Restaurant\u00a0<strong>Am Bild der Heiligen Anna\u00a0<\/strong>f\u00fcr Ihre Jahresendmahlzeiten!<br \/>Seit 1948 bietet Ihnen unser Restaurant mit dem G\u00fctesiegel Ma\u00eetre Restaurateur eine traditionelle und kreative K\u00fcche mit bretonischem Akzent. Unsere hausgemachten 100%-Zubereitungen aus lokalen Produkten werden die Feinschmecker unter Ihnen begeistern!<\/p><p>F\u00fcr Ihr\u00a0<strong>Weihnachtsessen in der Gruppe in Vannes<\/strong>das Restaurant\u00a0<strong>Am Bild der Heiligen Anna<\/strong>\u00a0empf\u00e4ngt Sie montags bis donnerstags von 12:00 bis 14:00 Uhr und von 19:00 bis 21:30 Uhr sowie freitags und sonntags von 12:00 bis 14:00 Uhr (freitags abends, samstags tags\u00fcber und sonntags abends geschlossen).<\/p><p>\u00a0<\/p><p><img decoding=\"async\" class=\"aligncenter wp-image-11132\" src=\"https:\/\/www.kyriad-vannes.fr\/wp-content\/uploads\/2024\/09\/repas-1024x726.jpg\" alt=\"\" width=\"564\" height=\"400\" title=\"\" srcset=\"https:\/\/www.kyriad-vannes.fr\/wp-content\/uploads\/2024\/09\/repas-1024x726.jpg 1024w, https:\/\/www.kyriad-vannes.fr\/wp-content\/uploads\/2024\/09\/repas-300x213.jpg 300w, https:\/\/www.kyriad-vannes.fr\/wp-content\/uploads\/2024\/09\/repas-768x545.jpg 768w, https:\/\/www.kyriad-vannes.fr\/wp-content\/uploads\/2024\/09\/repas-1536x1090.jpg 1536w, https:\/\/www.kyriad-vannes.fr\/wp-content\/uploads\/2024\/09\/repas-18x12.jpg 18w, https:\/\/www.kyriad-vannes.fr\/wp-content\/uploads\/2024\/09\/repas.jpg 1748w\" sizes=\"(max-width: 564px) 100vw, 564px\" \/><\/p>\t\t\t\t\t\t\t\t<\/div>\n\t\t\t\t<\/div>\n\t\t\t\t<div class=\"elementor-element elementor-element-51c6352 elementor-widget elementor-widget-text-editor\" data-id=\"51c6352\" data-element_type=\"widget\" data-e-type=\"widget\" data-widget_type=\"text-editor.default\">\n\t\t\t\t<div class=\"elementor-widget-container\">\n\t\t\t\t\t\t\t\t\t<h3 class=\"content_cms\"><br \/>Das Hotel-Restaurant Kyriad in Vannes<\/h3><p>Ideal gelegen, Ihr\u00a0<strong>hotel-restaurant in Vannes<\/strong>\u00a0befindet sich auf dem Place de la Lib\u00e9ration<strong>,<\/strong>\u00a0in der Innenstadt.<strong>\u00a0<\/strong>Die leicht zug\u00e4ngliche Einrichtung verf\u00fcgt \u00fcber einen Privatparkplatz und befindet sich in der N\u00e4he eines gro\u00dfen \u00f6ffentlichen Parkplatzes, der zu den Essenszeiten kostenlos ist. Ideal f\u00fcr Ihr Jahresendessen in unserem Restaurant.\u00a0<strong>In L'Image Sainte-Anne<\/strong>\u00a0!<br \/>Sie finden in der<strong>Hotel Kyriad Vannes Stadtzentrum<\/strong>\u00a0der\u00a0<a href=\"https:\/\/www.kyriad-vannes.fr\/de\/chambre-vannes.html\/\">gem\u00fctliche Zimmer<\/a>\u00a0und herzlichen, von\u00a0<a href=\"https:\/\/www.kyriad-vannes.fr\/de\/seminaires-vannes.html\/\">Seminarr\u00e4ume<\/a>Die Wohnung verf\u00fcgt \u00fcber einen eigenen Parkplatz...<br \/><br \/><\/p><p>Neuigkeiten und Informationen \u00fcber unser Restaurant in Vannes finden Sie auf dem\u00a0<a href=\"https:\/\/www.kyriad-vannes.fr\/de\/FR\/actus\/l-hotel-est-aussi-present-sur-les-reseaux-hotel-kyriad-vannes-11.html\/\">soziales Netzwerk<\/a>\u00a0Ihrer Wahl!<\/p>\t\t\t\t\t\t\t\t<\/div>\n\t\t\t\t<\/div>\n\t\t\t\t\t<\/div>\n\t\t\t\t<\/div>\n\t\t\t\t<\/div>","protected":false},"excerpt":{"rendered":"<p>Les f\u00eates de fin d&rsquo;ann\u00e9e &#8211; Dans notre restaurant \u00e0 Vannes\u00a0 Entreprises, associations ou groupes, votre\u00a0restaurant \u00e0 l&rsquo;Image Sainte-Anne\u00a0vous propose un menu d&rsquo;exception personnalisable de A \u00e0 Z&#8230; R\u00e9unissez\u00a0vos \u00e9quipes en ces temps de f\u00eates autour d&rsquo;un d\u00e9licieux repas dans notre restaurant certifi\u00e9\u00a0Ma\u00eetre Restaurateur. \u00c0 cette occasion, le chef du restaurant \u00c0 l&rsquo;Image Sainte-Anne vous [&hellip;]<\/p>\n","protected":false},"author":7,"featured_media":8979,"comment_status":"closed","ping_status":"open","sticky":false,"template":"","format":"standard","meta":{"_acf_changed":false,"inline_featured_image":false,"footnotes":""},"categories":[16],"tags":[],"class_list":["post-9084","post","type-post","status-publish","format-standard","has-post-thumbnail","hentry","category-actualites"],"acf":[],"_links":{"self":[{"href":"https:\/\/www.kyriad-vannes.fr\/de\/wp-json\/wp\/v2\/posts\/9084","targetHints":{"allow":["GET"]}}],"collection":[{"href":"https:\/\/www.kyriad-vannes.fr\/de\/wp-json\/wp\/v2\/posts"}],"about":[{"href":"https:\/\/www.kyriad-vannes.fr\/de\/wp-json\/wp\/v2\/types\/post"}],"author":[{"embeddable":true,"href":"https:\/\/www.kyriad-vannes.fr\/de\/wp-json\/wp\/v2\/users\/7"}],"replies":[{"embeddable":true,"href":"https:\/\/www.kyriad-vannes.fr\/de\/wp-json\/wp\/v2\/comments?post=9084"}],"version-history":[{"count":25,"href":"https:\/\/www.kyriad-vannes.fr\/de\/wp-json\/wp\/v2\/posts\/9084\/revisions"}],"predecessor-version":[{"id":11920,"href":"https:\/\/www.kyriad-vannes.fr\/de\/wp-json\/wp\/v2\/posts\/9084\/revisions\/11920"}],"wp:featuredmedia":[{"embeddable":true,"href":"https:\/\/www.kyriad-vannes.fr\/de\/wp-json\/wp\/v2\/media\/8979"}],"wp:attachment":[{"href":"https:\/\/www.kyriad-vannes.fr\/de\/wp-json\/wp\/v2\/media?parent=9084"}],"wp:term":[{"taxonomy":"category","embeddable":true,"href":"https:\/\/www.kyriad-vannes.fr\/de\/wp-json\/wp\/v2\/categories?post=9084"},{"taxonomy":"post_tag","embeddable":true,"href":"https:\/\/www.kyriad-vannes.fr\/de\/wp-json\/wp\/v2\/tags?post=9084"}],"curies":[{"name":"wp","href":"https:\/\/api.w.org\/{rel}","templated":true}]}}