{"id":9157,"date":"2024-09-27T09:34:18","date_gmt":"2024-09-27T07:34:18","guid":{"rendered":"https:\/\/www.kyriad-vannes.fr\/?p=9157"},"modified":"2024-09-27T09:37:26","modified_gmt":"2024-09-27T07:37:26","slug":"die-porte-saint-vincent-historisches-denkmal-in-vannes","status":"publish","type":"post","link":"https:\/\/www.kyriad-vannes.fr\/de\/actualites\/la-porte-saint-vincent-monument-historique-a-vannes\/","title":{"rendered":"Die Porte Saint-Vincent, ein historisches Denkmal in Vannes"},"content":{"rendered":"<div data-elementor-type=\"wp-post\" data-elementor-id=\"9157\" class=\"elementor elementor-9157\" data-elementor-post-type=\"post\">\n\t\t\t\t<div class=\"elementor-element elementor-element-70b4b18c e-flex e-con-boxed e-con e-parent\" data-id=\"70b4b18c\" data-element_type=\"container\" data-e-type=\"container\">\n\t\t\t\t\t<div class=\"e-con-inner\">\n\t\t\t\t<div class=\"elementor-element elementor-element-d0c6a0a elementor-widget elementor-widget-text-editor\" data-id=\"d0c6a0a\" data-element_type=\"widget\" data-e-type=\"widget\" data-widget_type=\"text-editor.default\">\n\t\t\t\t<div class=\"elementor-widget-container\">\n\t\t\t\t\t\t\t\t\t<p>Es gibt eine Vielzahl von Denkm\u00e4lern und kulturellen Orten\u00a0<strong>in Vannes zu entdecken<\/strong>\u00a0bei Ihrer\u00a0<strong>Aufenthalt in der Bretagne<\/strong>\u00a0in Morbihan.<\/p><p>\u00a0<\/p><h2 class=\"content_cms\">Ein Muss f\u00fcr die historischen Denkm\u00e4ler von Vannes<\/h2><p>Die\u00a0<strong>St.-Vincent-Tor<\/strong>\u00a0ist einer der\u00a0<strong>Denkm\u00e4ler in Vannes<\/strong>\u00a0als historisches Monument eingestuft, und das seit 1928.<\/p><p>Dieses Tor wurde zwischen dem Ende des 16.<abbr class=\"abbr\" title=\"16\u1d49 Jahrhundert\"><sup>e<\/sup><\/abbr>\u00a0Jahrhundert und dem fr\u00fchen 17.<abbr class=\"abbr\" title=\"17\u1d49 Jahrhundert\"><sup>e<\/sup><\/abbr>\u00a0Jahrhundert errichtet wurde. Es handelt sich um ein Stadttor, es ist der Haupteingang zur\u00a0<strong>Altstadt von Vannes<\/strong>\u00a0in Morbihan.<\/p><p>Integriert in\u00a0<strong>Stadtmauern von Vannes<\/strong>Das Tor befindet sich n\u00f6rdlich des Hafens und des Place Gambetta. Urspr\u00fcnglich erm\u00f6glichte das Tor den Hafenarbeitern den Zugang zur geschlossenen Stadt.<\/p><p>Etwa zwei Jahrhunderte lang erfolgte der Zugang zum Tor \u00fcber eine Br\u00fccke, die ihrerseits den Namen Saint-Vincent trug. Sie wurde durch einen halbkugelf\u00f6rmigen Platz ersetzt: den Place du Morbihan, der heute unter dem Namen\u00a0<strong>Gambetta-Platz<\/strong>.<\/p><p>\u00a0<\/p><h3 class=\"content_cms\">Die Architektur des St.-Vincent-Tors<\/h3><p>\u00a0 \u00a0 \u00a0 Die\u00a0<a title=\"monument vannes centre \" href=\"https:\/\/fr.wikipedia.org\/wiki\/Porte_Saint-Vincent_(Vannes)\" target=\"_blank\" rel=\"noopener noreferrer nofollow\">St.-Vincent-Tor<\/a>\u00a0ist aus Granitquadersteinen gebaut. Sie ist im Barockstil erbaut und hat eine Architektur mit drei von S\u00e4ulen eingerahmten Feldern und drei Ebenen.<\/p><p>Das Tor wurde von Jean Bugeau, einem bretonischen Architekten aus Rennes, entworfen. Das Bauwerk besteht aus einem Karrentor (erm\u00f6glicht die Durchfahrt von Fuhrwerken) und einer Poterne (kleines, in die Stadtmauer integriertes Tor), die von Zugbr\u00fccken gesteuert werden. Die stark geschw\u00e4chte Struktur wies ab Anfang des 18.<sup>e<\/sup>\u00a0Jahrhundert.<\/p><p>\u00a0<\/p>\t\t\t\t\t\t\t\t<\/div>\n\t\t\t\t<\/div>\n\t\t\t\t<div class=\"elementor-element elementor-element-c0a0a20 elementor-widget elementor-widget-image\" data-id=\"c0a0a20\" data-element_type=\"widget\" data-e-type=\"widget\" data-widget_type=\"image.default\">\n\t\t\t\t<div class=\"elementor-widget-container\">\n\t\t\t\t\t\t\t\t\t\t\t\t\t\t\t<img fetchpriority=\"high\" decoding=\"async\" width=\"449\" height=\"411\" src=\"https:\/\/www.kyriad-vannes.fr\/wp-content\/uploads\/2024\/09\/Porte_Saint-Vincent_vannes.jpg\" class=\"attachment-full size-full wp-image-9160\" alt=\"\" srcset=\"https:\/\/www.kyriad-vannes.fr\/wp-content\/uploads\/2024\/09\/Porte_Saint-Vincent_vannes.jpg 449w, https:\/\/www.kyriad-vannes.fr\/wp-content\/uploads\/2024\/09\/Porte_Saint-Vincent_vannes-300x275.jpg 300w, https:\/\/www.kyriad-vannes.fr\/wp-content\/uploads\/2024\/09\/Porte_Saint-Vincent_vannes-13x12.jpg 13w\" sizes=\"(max-width: 449px) 100vw, 449px\" title=\"\">\t\t\t\t\t\t\t\t\t\t\t\t\t\t\t<\/div>\n\t\t\t\t<\/div>\n\t\t\t\t<div class=\"elementor-element elementor-element-91b8749 elementor-widget elementor-widget-text-editor\" data-id=\"91b8749\" data-element_type=\"widget\" data-e-type=\"widget\" data-widget_type=\"text-editor.default\">\n\t\t\t\t<div class=\"elementor-widget-container\">\n\t\t\t\t\t\t\t\t\t<p>Es gibt eine Vielzahl von Denkm\u00e4lern und kulturellen Orten\u00a0<strong>in Vannes zu entdecken<\/strong>\u00a0bei Ihrer\u00a0<strong>Aufenthalt in der Bretagne<\/strong>\u00a0in Morbihan.<\/p><p>\u00a0<\/p><h2 class=\"content_cms\">Ein Muss f\u00fcr die historischen Denkm\u00e4ler von Vannes<\/h2><p>Die\u00a0<strong>St.-Vincent-Tor<\/strong>\u00a0ist einer der\u00a0<strong>Denkm\u00e4ler in Vannes<\/strong>\u00a0als historisches Monument eingestuft, und das seit 1928.<\/p><p>Dieses Tor wurde zwischen dem Ende des 16.<abbr class=\"abbr\" title=\"16\u1d49 Jahrhundert\"><sup>e<\/sup><\/abbr>\u00a0Jahrhundert und dem fr\u00fchen 17.<abbr class=\"abbr\" title=\"17\u1d49 Jahrhundert\"><sup>e<\/sup><\/abbr>\u00a0Jahrhundert errichtet wurde. Es handelt sich um ein Stadttor, es ist der Haupteingang zur\u00a0<strong>Altstadt von Vannes<\/strong>\u00a0in Morbihan.<\/p><p>Integriert in\u00a0<strong>Stadtmauern von Vannes<\/strong>Das Tor befindet sich n\u00f6rdlich des Hafens und des Place Gambetta. Urspr\u00fcnglich erm\u00f6glichte das Tor den Hafenarbeitern den Zugang zur geschlossenen Stadt.<\/p><p>Etwa zwei Jahrhunderte lang erfolgte der Zugang zum Tor \u00fcber eine Br\u00fccke, die ihrerseits den Namen Saint-Vincent trug. Sie wurde durch einen halbkugelf\u00f6rmigen Platz ersetzt: den Place du Morbihan, der heute unter dem Namen\u00a0<strong>Gambetta-Platz<\/strong>.<\/p><p>\u00a0<\/p><h3 class=\"content_cms\">Die Architektur des St.-Vincent-Tors<\/h3><p>\u00a0 \u00a0 \u00a0 Die\u00a0<a title=\"monument vannes centre \" href=\"https:\/\/fr.wikipedia.org\/wiki\/Porte_Saint-Vincent_(Vannes)\" target=\"_blank\" rel=\"noopener noreferrer nofollow\">St.-Vincent-Tor<\/a>\u00a0ist aus Granitquadersteinen gebaut. Sie ist im Barockstil erbaut und hat eine Architektur mit drei von S\u00e4ulen eingerahmten Feldern und drei Ebenen.<\/p><p>Das Tor wurde von Jean Bugeau, einem bretonischen Architekten aus Rennes, entworfen. Das Bauwerk besteht aus einem Karrentor (erm\u00f6glicht die Durchfahrt von Fuhrwerken) und einer Poterne (kleines, in die Stadtmauer integriertes Tor), die von Zugbr\u00fccken gesteuert werden. Die stark geschw\u00e4chte Struktur wies ab Anfang des 18.<sup>e<\/sup>\u00a0Jahrhundert.<\/p><p>\u00a0<\/p>\t\t\t\t\t\t\t\t<\/div>\n\t\t\t\t<\/div>\n\t\t\t\t<div class=\"elementor-element elementor-element-d5d7cfe elementor-widget elementor-widget-image\" data-id=\"d5d7cfe\" data-element_type=\"widget\" data-e-type=\"widget\" data-widget_type=\"image.default\">\n\t\t\t\t<div class=\"elementor-widget-container\">\n\t\t\t\t\t\t\t\t\t\t\t\t\t\t\t<img decoding=\"async\" width=\"374\" height=\"198\" src=\"https:\/\/www.kyriad-vannes.fr\/wp-content\/uploads\/2024\/09\/Nom_ancien_.jpg\" class=\"attachment-full size-full wp-image-9075\" alt=\"\" srcset=\"https:\/\/www.kyriad-vannes.fr\/wp-content\/uploads\/2024\/09\/Nom_ancien_.jpg 374w, https:\/\/www.kyriad-vannes.fr\/wp-content\/uploads\/2024\/09\/Nom_ancien_-300x159.jpg 300w, https:\/\/www.kyriad-vannes.fr\/wp-content\/uploads\/2024\/09\/Nom_ancien_-18x10.jpg 18w\" sizes=\"(max-width: 374px) 100vw, 374px\" title=\"\">\t\t\t\t\t\t\t\t\t\t\t\t\t\t\t<\/div>\n\t\t\t\t<\/div>\n\t\t\t\t<div class=\"elementor-element elementor-element-d67b4de elementor-widget elementor-widget-text-editor\" data-id=\"d67b4de\" data-element_type=\"widget\" data-e-type=\"widget\" data-widget_type=\"text-editor.default\">\n\t\t\t\t<div class=\"elementor-widget-container\">\n\t\t\t\t\t\t\t\t\t<p>\u00a0\u00a0 Im Laufe der Jahre\u00a0<strong>Am Bild der Heiligen Anna<\/strong>\u00a0wurde dann zu einem renommierten Tisch in Vannes. Wir haben die urspr\u00fcnglichen Werte des Lokals beibehalten: nat\u00fcrliche Gastfreundschaft, strenge Auswahl der Produkte und \"hausgemachte\" Speisen.<\/p><p>Unser Restaurant mit dem G\u00fctesiegel \"\u00a0<a title=\"titel maitre restaurateur vannes\" href=\"https:\/\/www.economie.gouv.fr\/entreprises\/titre-maitre-restaurateur\" target=\"_blank\" rel=\"noopener noreferrer nofollow\">Ma\u00eetre Restaurateur<\/a>\u00a0\" seit 2013 und die<strong>Hotel Kyriad Vannes Centre-ville<\/strong>Die beiden Geb\u00e4ude, die sich in der Mitte des Geb\u00e4udes befinden, bilden zusammen eine geschichtstr\u00e4chtige Einrichtung, in der man sich in Vannes gut aufhalten kann.<\/p><p>\u00a0<\/p><p>Probieren Sie Gerichte, die nach authentischer regionaler K\u00fcche riechen, und verbringen Sie einen angenehmen Aufenthalt im Herzen des<strong>vannettische Geschichte<\/strong>\u00a0!<\/p><p>Sie reisen in der<a title=\"restaurant vannes geschichte hotel\" href=\"https:\/\/www.kyriad-vannes.fr\/de\/FR\/actus\/l-histoire-de-notre-etablissement-restaurant-a-vannes-102.html\/\">Restaurantgeschichte<\/a>\u00a0und die von Vannes, aufgrund der vielen\u00a0<strong>historische Fotos<\/strong>\u00a0die an den W\u00e4nden der Einrichtung vorhanden sind.<\/p><p>\u00a0<\/p><p>\u00a0\u00a0<\/p><p>Ihre Reservierung per Telefon unter 02 97 63 27 36 oder per E-Mail an\u00a0<a href=\"mailto:info@kyriad-vannescentre.com\">info@kyriad-vannescentre.com<\/a><\/p>\t\t\t\t\t\t\t\t<\/div>\n\t\t\t\t<\/div>\n\t\t\t\t\t<\/div>\n\t\t\t\t<\/div>\n\t\t\t\t<\/div>","protected":false},"excerpt":{"rendered":"<p>Il y a une multitude de monuments et lieux culturels\u00a0\u00e0 d\u00e9couvrir \u00e0 Vannes\u00a0lors de votre\u00a0s\u00e9jour en Bretagne\u00a0dans le Morbihan. \u00a0 Un incontournable des monuments historiques de Vannes La\u00a0porte Saint-Vincent\u00a0est l&rsquo;un des\u00a0monuments de Vannes\u00a0class\u00e9 Monument Historique, et ce depuis 1928. Cette porte a \u00e9t\u00e9 cr\u00e9\u00e9e\u00a0entre la fin du XVIe\u00a0si\u00e8cle\u00a0et le d\u00e9but du XVIIe\u00a0si\u00e8cle. C&rsquo;est une porte [&hellip;]<\/p>\n","protected":false},"author":2,"featured_media":8953,"comment_status":"closed","ping_status":"open","sticky":false,"template":"","format":"standard","meta":{"_acf_changed":false,"inline_featured_image":false,"footnotes":""},"categories":[16],"tags":[],"class_list":["post-9157","post","type-post","status-publish","format-standard","has-post-thumbnail","hentry","category-actualites"],"acf":[],"_links":{"self":[{"href":"https:\/\/www.kyriad-vannes.fr\/de\/wp-json\/wp\/v2\/posts\/9157","targetHints":{"allow":["GET"]}}],"collection":[{"href":"https:\/\/www.kyriad-vannes.fr\/de\/wp-json\/wp\/v2\/posts"}],"about":[{"href":"https:\/\/www.kyriad-vannes.fr\/de\/wp-json\/wp\/v2\/types\/post"}],"author":[{"embeddable":true,"href":"https:\/\/www.kyriad-vannes.fr\/de\/wp-json\/wp\/v2\/users\/2"}],"replies":[{"embeddable":true,"href":"https:\/\/www.kyriad-vannes.fr\/de\/wp-json\/wp\/v2\/comments?post=9157"}],"version-history":[{"count":4,"href":"https:\/\/www.kyriad-vannes.fr\/de\/wp-json\/wp\/v2\/posts\/9157\/revisions"}],"predecessor-version":[{"id":9163,"href":"https:\/\/www.kyriad-vannes.fr\/de\/wp-json\/wp\/v2\/posts\/9157\/revisions\/9163"}],"wp:featuredmedia":[{"embeddable":true,"href":"https:\/\/www.kyriad-vannes.fr\/de\/wp-json\/wp\/v2\/media\/8953"}],"wp:attachment":[{"href":"https:\/\/www.kyriad-vannes.fr\/de\/wp-json\/wp\/v2\/media?parent=9157"}],"wp:term":[{"taxonomy":"category","embeddable":true,"href":"https:\/\/www.kyriad-vannes.fr\/de\/wp-json\/wp\/v2\/categories?post=9157"},{"taxonomy":"post_tag","embeddable":true,"href":"https:\/\/www.kyriad-vannes.fr\/de\/wp-json\/wp\/v2\/tags?post=9157"}],"curies":[{"name":"wp","href":"https:\/\/api.w.org\/{rel}","templated":true}]}}