{"id":9240,"date":"2024-09-27T14:34:51","date_gmt":"2024-09-27T12:34:51","guid":{"rendered":"https:\/\/www.kyriad-vannes.fr\/?p=9240"},"modified":"2024-10-07T15:43:54","modified_gmt":"2024-10-07T13:43:54","slug":"erliegen-sie-dem-historischen-charme-unseres-hotelrestaurants-in-vannes","status":"publish","type":"post","link":"https:\/\/www.kyriad-vannes.fr\/de\/actualites\/succombez-au-charme-historique-de-notre-hotel-restaurant-a-vannes\/","title":{"rendered":"Erliegen Sie dem historischen Charme unseres Hotel-Restaurants in Vannes"},"content":{"rendered":"<div data-elementor-type=\"wp-post\" data-elementor-id=\"9240\" class=\"elementor elementor-9240\" data-elementor-post-type=\"post\">\n\t\t\t\t<div class=\"elementor-element elementor-element-70b4b18c e-flex e-con-boxed e-con e-parent\" data-id=\"70b4b18c\" data-element_type=\"container\" data-e-type=\"container\">\n\t\t\t\t\t<div class=\"e-con-inner\">\n\t\t\t\t<div class=\"elementor-element elementor-element-91b8749 elementor-widget elementor-widget-text-editor\" data-id=\"91b8749\" data-element_type=\"widget\" data-e-type=\"widget\" data-widget_type=\"text-editor.default\">\n\t\t\t\t<div class=\"elementor-widget-container\">\n\t\t\t\t\t\t\t\t\t<h2 class=\"content_cms\"><strong>Lassen Sie Ihre sch\u00f6nsten Erinnerungen wieder aufleben<\/strong><\/h2><p>Im Rahmen der Renovierung unseres Hotels haben wir uns auf die Suche nach Archiven von\u00a0<strong>Ventile 1900<\/strong>. Nachdem sie die\u00a0<a href=\"https:\/\/www.mairie-vannes.fr\/vannesloisirs\/archives-municipales\/\" rel=\"nofollow noopener\" target=\"_blank\">Stadtarchiv von Vannes<\/a>In den letzten Jahren haben wir in der<strong>alte Fotos der Stadt\u00a0<\/strong>die die aktuelle Dekoration unseres Hotels sowie unseres Restaurants \u00c0 l'Image Sainte-Anne bilden.<\/p><p>\u00a0<\/p><p>Durch ein Bestreben, die\u00a0<strong>franz\u00f6sische Tradition<\/strong>In diesem Jahr wollten wir den\u00a0<strong>alte vannes<\/strong>\u00a0und die Erinnerungen, die er daran hat. So ist die<strong>Geschichte von Vannes<\/strong>\u00a0ist ein integraler Bestandteil der Dekoration unseres Hotels und unserer\u00a0<a href=\"https:\/\/www.kyriad-vannes.fr\/de\/actus\/restaurant-vannes-maitre-restaurateur-a-l-image-sainte-anne-34.html\/\">Restaurant mit dem Label Ma\u00eetre Restaurateur<\/a>\u00a0wo Sie bei raffinierter traditioneller K\u00fcche mit breitem bretonischem Akzent mehrere Jahre in der Zeit zur\u00fcckgehen und in fabelhaften Erinnerungen schwelgen k\u00f6nnen.<\/p><p>Mit einem Anflug von Nostalgie\u00a0<strong>alte Postkarten von Vannes<\/strong>\u00a0bieten uns ein unersetzliches Zeugnis vom Leben in der Vergangenheit und nehmen uns mit in ferne Erinnerungen...<\/p><p>F\u00fcr j\u00fcngere Kinder ist es eine M\u00f6glichkeit, die\u00a0<strong>Stadt Vannes<\/strong>\u00a0und das Leben in der damaligen Zeit. Sowie f\u00fcr die Menschen, die auf der Durchreise in die Region kamen, um\u00a0<strong>Vannes besuchen<\/strong>\u00a0und den Golf von Morbihan!<\/p><p>\u00a0<\/p><h2 class=\"content_cms\"><strong>Vannes in den 1900er Jahren<\/strong><\/h2><p>Innerhalb unseres\u00a0<a title=\"Hotel Kyriad Vannes Stadtzentrum Offizielle Website Empfang Morbihan\" href=\"https:\/\/www.kyriad-vannes.fr\/de\/\">Hotel Kyriad Vannes Stadtzentrum<\/a>Tauchen Sie ein in eine Welt voller<strong>Authentizit\u00e4t<\/strong>\u00a0dank unserer\u00a0<strong>alte Fotos von Vannes.<\/strong><\/p><p>Haben Sie schon einmal gesehen\u00a0<strong>Vannes vor 100 Jahren<\/strong>\u00a0? Unsere h\u00fcbschen\u00a0<strong>Postkarten\u00a0<\/strong>sind ideal, um sich an kostbare Momente zu erinnern, die Sie im\u00a0<strong>Morbihan in den 1900er Jahren<\/strong>.<\/p><p>\u00a0<\/p><p>Erkennen Sie den\u00a0<strong>Hafen von Vannes im Jahr 1930\u00a0<\/strong>? Mit der Zeit ver\u00e4ndert er sich, bleibt aber derselbe angenehme Ort, an dem man gut spazieren gehen kann.<\/p>\t\t\t\t\t\t\t\t<\/div>\n\t\t\t\t<\/div>\n\t\t\t\t<div class=\"elementor-element elementor-element-87457f0 elementor-widget elementor-widget-image\" data-id=\"87457f0\" data-element_type=\"widget\" data-e-type=\"widget\" data-widget_type=\"image.default\">\n\t\t\t\t<div class=\"elementor-widget-container\">\n\t\t\t\t\t\t\t\t\t\t\t\t\t\t\t<img fetchpriority=\"high\" decoding=\"async\" width=\"600\" height=\"200\" src=\"https:\/\/www.kyriad-vannes.fr\/wp-content\/uploads\/2024\/09\/Port_de_Vannes_photo_ancienne_Vannes_1900_archives_municipales.png\" class=\"attachment-full size-full wp-image-9245\" alt=\"\" srcset=\"https:\/\/www.kyriad-vannes.fr\/wp-content\/uploads\/2024\/09\/Port_de_Vannes_photo_ancienne_Vannes_1900_archives_municipales.png 600w, https:\/\/www.kyriad-vannes.fr\/wp-content\/uploads\/2024\/09\/Port_de_Vannes_photo_ancienne_Vannes_1900_archives_municipales-300x100.png 300w, https:\/\/www.kyriad-vannes.fr\/wp-content\/uploads\/2024\/09\/Port_de_Vannes_photo_ancienne_Vannes_1900_archives_municipales-18x6.png 18w\" sizes=\"(max-width: 600px) 100vw, 600px\" title=\"\">\t\t\t\t\t\t\t\t\t\t\t\t\t\t\t<\/div>\n\t\t\t\t<\/div>\n\t\t\t\t<div class=\"elementor-element elementor-element-49a4cc9 elementor-widget elementor-widget-text-editor\" data-id=\"49a4cc9\" data-element_type=\"widget\" data-e-type=\"widget\" data-widget_type=\"text-editor.default\">\n\t\t\t\t<div class=\"elementor-widget-container\">\n\t\t\t\t\t\t\t\t\t<p>Wenn Sie neugierig sind, nehmen Sie unsere Treppe, um in unsere Zimmer zu gelangen, Sie werden nicht entt\u00e4uscht sein! Wir haben zahlreiche Gem\u00e4lde ausgestellt, die Sie entdecken k\u00f6nnen\u00a0<strong>Vannes fr\u00fcher<\/strong>.<\/p><p>F\u00fcr die Feinschmecker unter Ihnen: Reservieren Sie einen Tisch in unserem Restaurant \u00c0 L'Image Sainte-Anne und berauschen Sie sich an der<strong>Geschichte von Vannes<\/strong>\u00a0durch die Dekoration ihres Raumes.<\/p><p>Kleiner Wink mit dem Zaunpfahl<strong>Das Team des Hotels und des Restaurants im Jahr 1927,\u00a0<\/strong>mit denen das Restaurant zu einem\u00a0<a href=\"https:\/\/www.kyriad-vannes.fr\/de\/actus\/l-histoire-de-notre-etablissement-hotel-restaurant-a-vannes-102.html\/\">renommierter Tisch<\/a>\u00a0in der Region Pays Vannetais.<\/p><p>\u00a0<\/p><p>\u00a0<\/p>\t\t\t\t\t\t\t\t<\/div>\n\t\t\t\t<\/div>\n\t\t\t\t<div class=\"elementor-element elementor-element-03875cc elementor-widget elementor-widget-image\" data-id=\"03875cc\" data-element_type=\"widget\" data-e-type=\"widget\" data-widget_type=\"image.default\">\n\t\t\t\t<div class=\"elementor-widget-container\">\n\t\t\t\t\t\t\t\t\t\t\t\t\t\t\t<img decoding=\"async\" width=\"600\" height=\"200\" src=\"https:\/\/www.kyriad-vannes.fr\/wp-content\/uploads\/2024\/09\/Equipe_du_restaurant_A_lImage_Sainte-Anne_en_1927_a_Vannes.png\" class=\"attachment-full size-full wp-image-9244\" alt=\"\" srcset=\"https:\/\/www.kyriad-vannes.fr\/wp-content\/uploads\/2024\/09\/Equipe_du_restaurant_A_lImage_Sainte-Anne_en_1927_a_Vannes.png 600w, https:\/\/www.kyriad-vannes.fr\/wp-content\/uploads\/2024\/09\/Equipe_du_restaurant_A_lImage_Sainte-Anne_en_1927_a_Vannes-300x100.png 300w, https:\/\/www.kyriad-vannes.fr\/wp-content\/uploads\/2024\/09\/Equipe_du_restaurant_A_lImage_Sainte-Anne_en_1927_a_Vannes-18x6.png 18w\" sizes=\"(max-width: 600px) 100vw, 600px\" title=\"\">\t\t\t\t\t\t\t\t\t\t\t\t\t\t\t<\/div>\n\t\t\t\t<\/div>\n\t\t\t\t<div class=\"elementor-element elementor-element-860d720 elementor-widget elementor-widget-text-editor\" data-id=\"860d720\" data-element_type=\"widget\" data-e-type=\"widget\" data-widget_type=\"text-editor.default\">\n\t\t\t\t<div class=\"elementor-widget-container\">\n\t\t\t\t\t\t\t\t\t<p>Aus unserem Archiv haben wir Ihnen eine kleine Auswahl an\u00a0<strong>alte Fotos von Vannes<\/strong>\u00a0von bestimmten Orten in der Stadt, die wir mit aktuellen Klischees konfrontiert haben.<\/p><p>\u00a0<\/p>\t\t\t\t\t\t\t\t<\/div>\n\t\t\t\t<\/div>\n\t\t\t\t<div class=\"elementor-element elementor-element-1017588 elementor-widget elementor-widget-text-editor\" data-id=\"1017588\" data-element_type=\"widget\" data-e-type=\"widget\" data-widget_type=\"text-editor.default\">\n\t\t\t\t<div class=\"elementor-widget-container\">\n\t\t\t\t\t\t\t\t\t<p><strong>\u00a0ANDERS\u00a0<\/strong><\/p>\t\t\t\t\t\t\t\t<\/div>\n\t\t\t\t<\/div>\n\t\t\t\t<div class=\"elementor-element elementor-element-ba692ac elementor-widget elementor-widget-image\" data-id=\"ba692ac\" data-element_type=\"widget\" data-e-type=\"widget\" data-widget_type=\"image.default\">\n\t\t\t\t<div class=\"elementor-widget-container\">\n\t\t\t\t\t\t\t\t\t\t\t\t\t\t\t<img decoding=\"async\" width=\"600\" height=\"200\" src=\"https:\/\/www.kyriad-vannes.fr\/wp-content\/uploads\/2024\/09\/Photos_anciennes_de_Vannes_dans_les_annees_1900.png\" class=\"attachment-full size-full wp-image-9243\" alt=\"\" srcset=\"https:\/\/www.kyriad-vannes.fr\/wp-content\/uploads\/2024\/09\/Photos_anciennes_de_Vannes_dans_les_annees_1900.png 600w, https:\/\/www.kyriad-vannes.fr\/wp-content\/uploads\/2024\/09\/Photos_anciennes_de_Vannes_dans_les_annees_1900-300x100.png 300w, https:\/\/www.kyriad-vannes.fr\/wp-content\/uploads\/2024\/09\/Photos_anciennes_de_Vannes_dans_les_annees_1900-18x6.png 18w\" sizes=\"(max-width: 600px) 100vw, 600px\" title=\"\">\t\t\t\t\t\t\t\t\t\t\t\t\t\t\t<\/div>\n\t\t\t\t<\/div>\n\t\t\t\t<div class=\"elementor-element elementor-element-1ec5f17 elementor-widget elementor-widget-text-editor\" data-id=\"1ec5f17\" data-element_type=\"widget\" data-e-type=\"widget\" data-widget_type=\"text-editor.default\">\n\t\t\t\t<div class=\"elementor-widget-container\">\n\t\t\t\t\t\t\t\t\t<p><strong>\u00a0HEUTE\u00a0<\/strong><\/p>\t\t\t\t\t\t\t\t<\/div>\n\t\t\t\t<\/div>\n\t\t\t\t<div class=\"elementor-element elementor-element-1d43e41 elementor-widget elementor-widget-image\" data-id=\"1d43e41\" data-element_type=\"widget\" data-e-type=\"widget\" data-widget_type=\"image.default\">\n\t\t\t\t<div class=\"elementor-widget-container\">\n\t\t\t\t\t\t\t\t\t\t\t\t\t\t\t<img loading=\"lazy\" decoding=\"async\" width=\"600\" height=\"200\" src=\"https:\/\/www.kyriad-vannes.fr\/wp-content\/uploads\/2024\/09\/Photos_recentes_de_Vannes_centre_ville.png\" class=\"attachment-full size-full wp-image-9242\" alt=\"\" srcset=\"https:\/\/www.kyriad-vannes.fr\/wp-content\/uploads\/2024\/09\/Photos_recentes_de_Vannes_centre_ville.png 600w, https:\/\/www.kyriad-vannes.fr\/wp-content\/uploads\/2024\/09\/Photos_recentes_de_Vannes_centre_ville-300x100.png 300w, https:\/\/www.kyriad-vannes.fr\/wp-content\/uploads\/2024\/09\/Photos_recentes_de_Vannes_centre_ville-18x6.png 18w\" sizes=\"(max-width: 600px) 100vw, 600px\" title=\"\">\t\t\t\t\t\t\t\t\t\t\t\t\t\t\t<\/div>\n\t\t\t\t<\/div>\n\t\t\t\t<div class=\"elementor-element elementor-element-fe04651 elementor-widget elementor-widget-text-editor\" data-id=\"fe04651\" data-element_type=\"widget\" data-e-type=\"widget\" data-widget_type=\"text-editor.default\">\n\t\t\t\t<div class=\"elementor-widget-container\">\n\t\t\t\t\t\t\t\t\t<h3 class=\"content_cms\"><strong>Eine Gelegenheit, sich bei einem leckeren Essen an das alte Vannes zu erinnern.<\/strong><\/h3><p>Genie\u00dfen Sie eine einzigartige Mahlzeit mit saisonalen, lokalen und schmackhaften Produkten und f\u00fchlen Sie sich dabei in\u00a0<strong>Vannes in den 1900er Jahren\u00a0<\/strong>dank unserer\u00a0<strong>alte Fotos von Vannes<\/strong>. Sie werden mit vielen Erinnerungen im Kopf nach Hause gehen.<\/p><p>Der Leiter unseres\u00a0<strong>Restaurant \u00c0 l'Image Sainte-Anne<\/strong>\u00a0arbeitet mit Leidenschaft daran, die perfekte Balance zu finden, damit Sie k\u00f6stliche Gerichte mit einzigartigen Aromen genie\u00dfen k\u00f6nnen, die Ihre Geschmacksknospen zum Kribbeln bringen.<\/p><p>\u00a0<\/p><p>Lesen Sie auch unseren Artikel \u00fcber die<a title=\"Geschichte des Hotels Restaurant Kyriad vannes Stadtzentrum \u00c0 l&#039;Image Sainte Anne\" href=\"https:\/\/www.kyriad-vannes.fr\/de\/actus\/l-histoire-de-notre-etablissement-hotel-restaurant-a-vannes-102.html\/\">Geschichte unseres Hotel-Restaurants<\/a>\u00a0in Vannes!<\/p>\t\t\t\t\t\t\t\t<\/div>\n\t\t\t\t<\/div>\n\t\t\t\t\t<\/div>\n\t\t\t\t<\/div>\n\t\t\t\t<\/div>","protected":false},"excerpt":{"rendered":"<p>Ravivez vos plus beaux souvenirs Dans le cadre de la r\u00e9novation de notre h\u00f4tel, nous sommes partis \u00e0 la recherche d\u2019archives de\u00a0Vannes 1900. Apr\u00e8s avoir fait appel aux services des\u00a0archives municipales de Vannes, nous avons pu trouver d\u2019anciennes photos de la ville\u00a0qui constituent la d\u00e9coration actuelle de notre h\u00f4tel ainsi que de notre restaurant \u00c0 [&hellip;]<\/p>\n","protected":false},"author":2,"featured_media":8973,"comment_status":"closed","ping_status":"open","sticky":false,"template":"","format":"standard","meta":{"_acf_changed":false,"inline_featured_image":false,"footnotes":""},"categories":[16],"tags":[],"class_list":["post-9240","post","type-post","status-publish","format-standard","has-post-thumbnail","hentry","category-actualites"],"acf":[],"_links":{"self":[{"href":"https:\/\/www.kyriad-vannes.fr\/de\/wp-json\/wp\/v2\/posts\/9240","targetHints":{"allow":["GET"]}}],"collection":[{"href":"https:\/\/www.kyriad-vannes.fr\/de\/wp-json\/wp\/v2\/posts"}],"about":[{"href":"https:\/\/www.kyriad-vannes.fr\/de\/wp-json\/wp\/v2\/types\/post"}],"author":[{"embeddable":true,"href":"https:\/\/www.kyriad-vannes.fr\/de\/wp-json\/wp\/v2\/users\/2"}],"replies":[{"embeddable":true,"href":"https:\/\/www.kyriad-vannes.fr\/de\/wp-json\/wp\/v2\/comments?post=9240"}],"version-history":[{"count":7,"href":"https:\/\/www.kyriad-vannes.fr\/de\/wp-json\/wp\/v2\/posts\/9240\/revisions"}],"predecessor-version":[{"id":9406,"href":"https:\/\/www.kyriad-vannes.fr\/de\/wp-json\/wp\/v2\/posts\/9240\/revisions\/9406"}],"wp:featuredmedia":[{"embeddable":true,"href":"https:\/\/www.kyriad-vannes.fr\/de\/wp-json\/wp\/v2\/media\/8973"}],"wp:attachment":[{"href":"https:\/\/www.kyriad-vannes.fr\/de\/wp-json\/wp\/v2\/media?parent=9240"}],"wp:term":[{"taxonomy":"category","embeddable":true,"href":"https:\/\/www.kyriad-vannes.fr\/de\/wp-json\/wp\/v2\/categories?post=9240"},{"taxonomy":"post_tag","embeddable":true,"href":"https:\/\/www.kyriad-vannes.fr\/de\/wp-json\/wp\/v2\/tags?post=9240"}],"curies":[{"name":"wp","href":"https:\/\/api.w.org\/{rel}","templated":true}]}}