{"id":9254,"date":"2025-06-15T14:43:52","date_gmt":"2025-06-15T12:43:52","guid":{"rendered":"https:\/\/www.kyriad-vannes.fr\/?p=9254"},"modified":"2026-01-09T14:19:10","modified_gmt":"2026-01-09T13:19:10","slug":"gruppenmahlzeiten-raumvermietung-fur-ihre-privaten-events","status":"publish","type":"post","link":"https:\/\/www.kyriad-vannes.fr\/de\/actualites\/repas-de-groupe-location-de-salle-pour-vos-evenements-prives\/","title":{"rendered":"Gruppenessen: Saalmiete f\u00fcr Ihre privaten Veranstaltungen"},"content":{"rendered":"<div data-elementor-type=\"wp-post\" data-elementor-id=\"9254\" class=\"elementor elementor-9254\" data-elementor-post-type=\"post\">\n\t\t\t\t<div class=\"elementor-element elementor-element-70b4b18c e-flex e-con-boxed e-con e-parent\" data-id=\"70b4b18c\" data-element_type=\"container\" data-e-type=\"container\">\n\t\t\t\t\t<div class=\"e-con-inner\">\n\t\t\t\t<div class=\"elementor-element elementor-element-91b8749 elementor-widget elementor-widget-text-editor\" data-id=\"91b8749\" data-element_type=\"widget\" data-e-type=\"widget\" data-widget_type=\"text-editor.default\">\n\t\t\t\t<div class=\"elementor-widget-container\">\n\t\t\t\t\t\t\t\t\t<p><strong>Sie m\u00f6chten ein Gruppenessen in Vannes organisieren? Das Hotel Kyriad Vannes Centre-Ville und sein Restaurant\u00a0<a title=\"restaurant vannes\" href=\"https:\/\/www.kyriad-vannes.fr\/de\/restaurant-vannes.html\/\">Am Bild der Heiligen Anna<\/a>\u00a0sind f\u00fcr Sie da!<\/strong><\/p><p>\u00a0<\/p><h2 class=\"content_cms\">Organisation von privaten Veranstaltungen<\/h2><p>F\u00fcr die Organisation Ihrer\u00a0<strong>private Empf\u00e4nge<\/strong>Das Restaurant unseres Hotels bietet einen Raum, in dem Sie Ihre G\u00e4ste w\u00e4hrend einer Feier empfangen k\u00f6nnen.\u00a0<strong>Mittag- oder Abendessen in der Gruppe<\/strong>.<\/p><p>Es gibt viele Gelegenheiten, eine Party oder einen<strong>\u00a0Gruppenmahlzeit<\/strong>. Ob es sich um eine Familienveranstaltung, eine Geburtstagsfeier, eine Hochzeit, eine Kommunion, eine Taufe oder eine Abschiedsfeier handelt, unser Team wird Sie mit offenen Armen empfangen und wei\u00df sich jedem Anlass anzupassen!<\/p><p><strong><br \/>F\u00fcr eine warme und gesellige Atmosph\u00e4re w\u00e4hlen Sie den\u00a0<a title=\"hotel vannes centre-ville\" href=\"https:\/\/www.kyriad-vannes.fr\/de\/hotel-vannes.html\/\">Kyriad Vannes Stadtzentrum<\/a>.<\/strong><\/p><p>\u00a0<\/p>\t\t\t\t\t\t\t\t<\/div>\n\t\t\t\t<\/div>\n\t\t\t\t\t<\/div>\n\t\t\t\t<\/div>\n\t\t<div class=\"elementor-element elementor-element-e147c34 e-flex e-con-boxed e-con e-parent\" data-id=\"e147c34\" data-element_type=\"container\" data-e-type=\"container\">\n\t\t\t\t\t<div class=\"e-con-inner\">\n\t\t\t\t<div class=\"elementor-element elementor-element-7be024f elementor-widget elementor-widget-image\" data-id=\"7be024f\" data-element_type=\"widget\" data-e-type=\"widget\" data-widget_type=\"image.default\">\n\t\t\t\t<div class=\"elementor-widget-container\">\n\t\t\t\t\t\t\t\t\t\t\t\t\t\t\t<img fetchpriority=\"high\" decoding=\"async\" width=\"900\" height=\"600\" src=\"https:\/\/www.kyriad-vannes.fr\/wp-content\/uploads\/2024\/09\/Table_restaurant_A_Image_Sainte_Anne_Vannes.jpg\" class=\"attachment-full size-full wp-image-9256\" alt=\"\" srcset=\"https:\/\/www.kyriad-vannes.fr\/wp-content\/uploads\/2024\/09\/Table_restaurant_A_Image_Sainte_Anne_Vannes.jpg 900w, https:\/\/www.kyriad-vannes.fr\/wp-content\/uploads\/2024\/09\/Table_restaurant_A_Image_Sainte_Anne_Vannes-300x200.jpg 300w, https:\/\/www.kyriad-vannes.fr\/wp-content\/uploads\/2024\/09\/Table_restaurant_A_Image_Sainte_Anne_Vannes-768x512.jpg 768w, https:\/\/www.kyriad-vannes.fr\/wp-content\/uploads\/2024\/09\/Table_restaurant_A_Image_Sainte_Anne_Vannes-18x12.jpg 18w\" sizes=\"(max-width: 900px) 100vw, 900px\" title=\"\">\t\t\t\t\t\t\t\t\t\t\t\t\t\t\t<\/div>\n\t\t\t\t<\/div>\n\t\t\t\t<div class=\"elementor-element elementor-element-555bff8 elementor-widget elementor-widget-text-editor\" data-id=\"555bff8\" data-element_type=\"widget\" data-e-type=\"widget\" data-widget_type=\"text-editor.default\">\n\t\t\t\t<div class=\"elementor-widget-container\">\n\t\t\t\t\t\t\t\t\t<h2 class=\"content_cms\">Feiern Sie Ihre Veranstaltungen geb\u00fchrend!<\/h2><p>Ihre privaten Veranstaltungen verdienen es, geb\u00fchrend gefeiert zu werden. Daf\u00fcr gibt es nichts Besseres als ein bistronomisches Essen in einem\u00a0<strong>angenehme und gesellige Umgebung<\/strong>.<\/p><p>Geburtstag, Taufe, Kommunion, Hochzeit, Abschiedsparty usw. - zu jedem Anlass gibt es eine Gelegenheit, ihn zu feiern.<\/p><p>Sie m\u00f6chten eine\u00a0<strong>Privatparty<\/strong>ohne ein besonderes Ereignis? Auch das ist m\u00f6glich! Eine<strong>\u00a0Restaurantprivatisierung<\/strong>\u00a0um ein Essen in Vannes zu organisieren, ist es perfekt f\u00fcr Ihre Feierlichkeiten!<\/p><p><strong><br \/>Reservieren und mieten Sie ein Restaurant in Vannes f\u00fcr Ihre privaten Veranstaltungen. Sie werden nicht entt\u00e4uscht sein, ganz im Gegenteil! Die Gelegenheit, Ihre privaten Anl\u00e4sse auf originelle Weise zu feiern.<\/strong><\/p><p>\u00a0<\/p><h3 class=\"content_cms\"><strong>Restaurant mit dem Zertifikat \"Ma\u00eetre Restaurateur<\/strong><\/h3><p>Unser\u00a0<strong>restaurant \u00c0 L'Image Sainte-Anne<\/strong>zertifiziert\u00a0<a title=\"zertifizierung maitre restaurateur\" href=\"https:\/\/www.kyriad-vannes.fr\/de\/actus\/restaurant-vannes-maitre-restaurateur-a-l-image-sainte-anne-34.html\/\">Ma\u00eetre Restaurateur<\/a>Das Restaurant \"C\u00f4te d'Azur\" bietet eine Bistrok\u00fcche mit frischen und saisonalen Produkten. Unser K\u00fcchenchef bem\u00fcht sich, die perfekte Balance zu finden, um Ihre Geschmacksnerven zu reizen und Ihnen einzigartige Aromen zu bieten.<\/p><p>Die Speisekarte zwischen Land und Meer entwickelt sich im Laufe der Jahreszeiten, um Ihnen eine K\u00fcche mit dem gewissen Etwas zu bieten.<strong>\u00a0breiter bretonischer Akzent.<\/strong>\u00a0Seien Sie versichert, dass Sie Ihre G\u00e4ste \u00fcberraschen und mit Freude erf\u00fcllen werden.<\/p><p>Die Dekoration unserer Einrichtung verbindet<strong>\u00a0Authentizit\u00e4t und Modernit\u00e4t<\/strong>. Blicken Sie nach oben und entdecken Sie Rahmen der Stadt Vannes in den\u00a0<strong>1900er Jahre<\/strong>Dank unserer Zusammenarbeit mit den\u00a0<a title=\"Stadtarchiv von Vannes\" href=\"https:\/\/www.mairie-vannes.fr\/archives-municipales\" target=\"_blank\" rel=\"noopener noreferrer nofollow\"><strong>Stadtarchiv von Vannes<\/strong><\/a>.<\/p><p>\u00a0<\/p><h3 class=\"content_cms\"><strong>Eine private Party in aller Ruhe<\/strong><\/h3><p>Sie m\u00f6chten ein Abendessen f\u00fcr Ihre privaten Veranstaltungen organisieren und dabei einen angenehmen Abend verbringen? Buchen Sie\u00a0<strong>Hotelzimmer f\u00fcr Ihre G\u00e4ste<\/strong>\u00a0in unserer Einrichtung in Vannetta und seien Sie versichert, dass Sie eine tolle Zeit verbringen werden.<strong>\u00a0Abend in aller Gelassenheit<\/strong>.<\/p><p>Unsere\u00a0<a title=\"hotel confort in vannes\" href=\"https:\/\/www.kyriad-vannes.fr\/de\/chambre-vannes.html\/\"><strong>Hotelzimmer<\/strong><\/a>\u00a0sind mit h\u00f6chstem Komfort ausgestattet und voll ausgestattet, damit Sie sich wohlf\u00fchlen.\u00a0<strong>Kopfkissen mit Formged\u00e4chtnis<\/strong>Die Einrichtung verbindet Tradition und Moderne.<\/p><p>Nutzen Sie diese Gelegenheit, um sich zu entspannen und Spa\u00df zu haben.<\/p><p>\u00a0<\/p><p><strong><em>F\u00fcr einen der festlichsten Momente in Vannes!<\/em><\/strong><\/p>\t\t\t\t\t\t\t\t<\/div>\n\t\t\t\t<\/div>\n\t\t\t\t\t<\/div>\n\t\t\t\t<\/div>\n\t\t\t\t<\/div>","protected":false},"excerpt":{"rendered":"<p>Vous souhaitez organiser un\u00a0repas de groupe \u00e0 Vannes\u00a0? L\u2019h\u00f4tel\u00a0Kyriad Vannes Centre-Ville\u00a0et son restaurant\u00a0\u00c0 l\u2019Image Sainte-Anne\u00a0sont l\u00e0 pour vous ! \u00a0 Organisation d&rsquo;\u00e9v\u00e9nements priv\u00e9s Pour l\u2019organisation de vos\u00a0r\u00e9ceptions priv\u00e9es, le restaurant de notre h\u00f4tel propose une salle adapt\u00e9e pour accueillir vos convives lors d\u2019un\u00a0d\u00e9jeuner ou d\u00eener de groupe. Les occasions ne manquent pas pour organiser une [&hellip;]<\/p>\n","protected":false},"author":2,"featured_media":11106,"comment_status":"closed","ping_status":"open","sticky":false,"template":"","format":"standard","meta":{"_acf_changed":false,"inline_featured_image":false,"footnotes":""},"categories":[16],"tags":[],"class_list":["post-9254","post","type-post","status-publish","format-standard","has-post-thumbnail","hentry","category-actualites"],"acf":[],"_links":{"self":[{"href":"https:\/\/www.kyriad-vannes.fr\/de\/wp-json\/wp\/v2\/posts\/9254","targetHints":{"allow":["GET"]}}],"collection":[{"href":"https:\/\/www.kyriad-vannes.fr\/de\/wp-json\/wp\/v2\/posts"}],"about":[{"href":"https:\/\/www.kyriad-vannes.fr\/de\/wp-json\/wp\/v2\/types\/post"}],"author":[{"embeddable":true,"href":"https:\/\/www.kyriad-vannes.fr\/de\/wp-json\/wp\/v2\/users\/2"}],"replies":[{"embeddable":true,"href":"https:\/\/www.kyriad-vannes.fr\/de\/wp-json\/wp\/v2\/comments?post=9254"}],"version-history":[{"count":4,"href":"https:\/\/www.kyriad-vannes.fr\/de\/wp-json\/wp\/v2\/posts\/9254\/revisions"}],"predecessor-version":[{"id":9259,"href":"https:\/\/www.kyriad-vannes.fr\/de\/wp-json\/wp\/v2\/posts\/9254\/revisions\/9259"}],"wp:featuredmedia":[{"embeddable":true,"href":"https:\/\/www.kyriad-vannes.fr\/de\/wp-json\/wp\/v2\/media\/11106"}],"wp:attachment":[{"href":"https:\/\/www.kyriad-vannes.fr\/de\/wp-json\/wp\/v2\/media?parent=9254"}],"wp:term":[{"taxonomy":"category","embeddable":true,"href":"https:\/\/www.kyriad-vannes.fr\/de\/wp-json\/wp\/v2\/categories?post=9254"},{"taxonomy":"post_tag","embeddable":true,"href":"https:\/\/www.kyriad-vannes.fr\/de\/wp-json\/wp\/v2\/tags?post=9254"}],"curies":[{"name":"wp","href":"https:\/\/api.w.org\/{rel}","templated":true}]}}