{"id":10898,"date":"2025-02-26T15:03:37","date_gmt":"2025-02-26T14:03:37","guid":{"rendered":"https:\/\/www.kyriad-vannes.fr\/?p=10898"},"modified":"2025-07-23T12:07:02","modified_gmt":"2025-07-23T10:07:02","slug":"discover-the-new-elegant-ambience-of-our-restaurant-at-limage-sainte-anne-in-vannes","status":"publish","type":"post","link":"https:\/\/www.kyriad-vannes.fr\/en\/actualites\/decouvrez-la-nouvelle-ambiance-elegante-de-notre-restaurant-a-limage-sainte-anne-a-vannes\/","title":{"rendered":"Discover the New Elegant Ambiance of our restaurant \u00c0 l'Image Sainte Anne in Vannes"},"content":{"rendered":"<div data-elementor-type=\"wp-post\" data-elementor-id=\"10898\" class=\"elementor elementor-10898\" data-elementor-post-type=\"post\">\n\t\t\t\t<div class=\"elementor-element elementor-element-e147c34 e-flex e-con-boxed e-con e-parent\" data-id=\"e147c34\" data-element_type=\"container\" data-e-type=\"container\">\n\t\t\t\t\t<div class=\"e-con-inner\">\n\t\t\t\t<div class=\"elementor-element elementor-element-555bff8 elementor-widget elementor-widget-text-editor\" data-id=\"555bff8\" data-element_type=\"widget\" data-e-type=\"widget\" data-widget_type=\"text-editor.default\">\n\t\t\t\t<div class=\"elementor-widget-container\">\n\t\t\t\t\t\t\t\t\t<h2 class=\"content_cms\"><strong>The Vannetais restaurant \u00c0 l'Image Sainte-Anne has been around for ages...<\/strong><\/h2>\t\t\t\t\t\t\t\t<\/div>\n\t\t\t\t<\/div>\n\t\t<div class=\"elementor-element elementor-element-439104b e-con-full e-flex e-con e-child\" data-id=\"439104b\" data-element_type=\"container\" data-e-type=\"container\">\n\t\t\t\t<div class=\"elementor-element elementor-element-4b3cf14 elementor-widget elementor-widget-image\" data-id=\"4b3cf14\" data-element_type=\"widget\" data-e-type=\"widget\" data-widget_type=\"image.default\">\n\t\t\t\t<div class=\"elementor-widget-container\">\n\t\t\t\t\t\t\t\t\t\t\t\t\t\t\t<img fetchpriority=\"high\" decoding=\"async\" width=\"768\" height=\"512\" src=\"https:\/\/www.kyriad-vannes.fr\/wp-content\/uploads\/2025\/02\/Restaurant-A-l-Image-Sainte-Anne-Vannes-Centre-3-ConvertImage-768x512.jpg\" class=\"attachment-medium_large size-medium_large wp-image-11604\" alt=\"\" srcset=\"https:\/\/www.kyriad-vannes.fr\/wp-content\/uploads\/2025\/02\/Restaurant-A-l-Image-Sainte-Anne-Vannes-Centre-3-ConvertImage-768x512.jpg 768w, https:\/\/www.kyriad-vannes.fr\/wp-content\/uploads\/2025\/02\/Restaurant-A-l-Image-Sainte-Anne-Vannes-Centre-3-ConvertImage-300x200.jpg 300w, https:\/\/www.kyriad-vannes.fr\/wp-content\/uploads\/2025\/02\/Restaurant-A-l-Image-Sainte-Anne-Vannes-Centre-3-ConvertImage-1024x683.jpg 1024w, https:\/\/www.kyriad-vannes.fr\/wp-content\/uploads\/2025\/02\/Restaurant-A-l-Image-Sainte-Anne-Vannes-Centre-3-ConvertImage-18x12.jpg 18w\" sizes=\"(max-width: 768px) 100vw, 768px\" title=\"\">\t\t\t\t\t\t\t\t\t\t\t\t\t\t\t<\/div>\n\t\t\t\t<\/div>\n\t\t\t\t<\/div>\n\t\t\t\t<div class=\"elementor-element elementor-element-b5b55df elementor-widget elementor-widget-text-editor\" data-id=\"b5b55df\" data-element_type=\"widget\" data-e-type=\"widget\" data-widget_type=\"text-editor.default\">\n\t\t\t\t<div class=\"elementor-widget-container\">\n\t\t\t\t\t\t\t\t\t<p>Le<strong>\u00a0<a title=\"restaurant site Vannes\" href=\"https:\/\/www.kyriad-vannes.fr\/en\/restaurant-vannes.html\/\">\u00c0 l'Image Sainte-Anne restaurant in Vannes<\/a><\/strong>an emblematic establishment since 1738, is revealed in a new light after a major renovation.\u00a0<strong>complete renovation<\/strong>. This transformation now offers a modern d\u00e9cor that enhances the history and unique charm of this historic building.\u00a0<strong>historic restaurant<\/strong>.<\/p><h3 class=\"content_cms\">\u00a0<\/h3><h3 class=\"content_cms\"><strong>Renovation by local craftsmen<\/strong><\/h3><p>The renovation of the\u00a0<a title=\"restaurant vannes\" href=\"https:\/\/www.kyriad-vannes.fr\/en\/restaurant-vannes.html\/\"><strong>\u00c0 l'Image Sainte-Anne restaurant in Vanne<\/strong>s<\/a>\u00a0was created using local talent to ensure an authentic touch. Laetitia Lepetit of L.Decor in S\u00e9n\u00e9 created a refined atmosphere by replacing the traditional red with an elegant midnight blue. This colour brings a soothing modernity, while retaining the timeless elegance of the place.<\/p><p>The graphic identity was redesigned by Accessweb (Plouhinec 56), with the signs and window graphics produced by Fabrik'En Pub (Le H\u00e9zo). The paintwork and fittings were carefully carried out by craftsman Jean Beguin (Arradon).<\/p>\t\t\t\t\t\t\t\t<\/div>\n\t\t\t\t<\/div>\n\t\t\t\t<div class=\"elementor-element elementor-element-3e41a9c elementor-widget elementor-widget-image\" data-id=\"3e41a9c\" data-element_type=\"widget\" data-e-type=\"widget\" data-widget_type=\"image.default\">\n\t\t\t\t<div class=\"elementor-widget-container\">\n\t\t\t\t\t\t\t\t\t\t\t\t\t\t\t<img decoding=\"async\" width=\"768\" height=\"512\" src=\"https:\/\/www.kyriad-vannes.fr\/wp-content\/uploads\/2025\/02\/Restaurant-A-l-Image-Sainte-Anne-Vannes-Centre-21-ConvertImage-768x512.jpg\" class=\"attachment-medium_large size-medium_large wp-image-11606\" alt=\"\" srcset=\"https:\/\/www.kyriad-vannes.fr\/wp-content\/uploads\/2025\/02\/Restaurant-A-l-Image-Sainte-Anne-Vannes-Centre-21-ConvertImage-768x512.jpg 768w, https:\/\/www.kyriad-vannes.fr\/wp-content\/uploads\/2025\/02\/Restaurant-A-l-Image-Sainte-Anne-Vannes-Centre-21-ConvertImage-300x200.jpg 300w, https:\/\/www.kyriad-vannes.fr\/wp-content\/uploads\/2025\/02\/Restaurant-A-l-Image-Sainte-Anne-Vannes-Centre-21-ConvertImage-1024x683.jpg 1024w, https:\/\/www.kyriad-vannes.fr\/wp-content\/uploads\/2025\/02\/Restaurant-A-l-Image-Sainte-Anne-Vannes-Centre-21-ConvertImage-18x12.jpg 18w\" sizes=\"(max-width: 768px) 100vw, 768px\" title=\"\">\t\t\t\t\t\t\t\t\t\t\t\t\t\t\t<\/div>\n\t\t\t\t<\/div>\n\t\t\t\t<div class=\"elementor-element elementor-element-4edc849 elementor-widget elementor-widget-text-editor\" data-id=\"4edc849\" data-element_type=\"widget\" data-e-type=\"widget\" data-widget_type=\"text-editor.default\">\n\t\t\t\t<div class=\"elementor-widget-container\">\n\t\t\t\t\t\t\t\t\t<h2 class=\"content_cms\"><strong>A Perfect Fusion of Tradition and Modernity for this Vannes landmark<\/strong><\/h2><p>At the Image Sainte-Anne,\u00a0<strong>restaurant in Vannes<\/strong>continues to offer\u00a0<strong>bistronomic cuisine<\/strong>\u00a0under the direction of chef Fr\u00e9d\u00e9ric Thebaud. Since its\u00a0<strong>Ma\u00eetre Restaurateur certification\u00a0<\/strong>in 2013, our restaurant stands out for its respect for Breton culinary traditions while innovating with homemade dishes. This<a title=\"master restorer kyriad\" href=\"https:\/\/www.kyriad-vannes.fr\/en\/actus\/restaurant-vannes-maitre-restaurateur-a-l-image-sainte-anne-34.html\/\">\u00a0<strong>title of<\/strong>\u00a0<strong>Master Restaurateur<\/strong>\u00a0<\/a>embodies the excellence of leading professionals in the traditional restaurant industry, highlighting their expertise and commitment to impeccable quality.<\/p><p>\u00a0<\/p><p>It should be noted that if the<strong>\u00a0<a title=\"restaurant site Vannes\" href=\"https:\/\/www.kyriad-vannes.fr\/en\/restaurant-vannes.html\/\">\u00c0 l'Image Sainte-Anne restaurant in Vannes<\/a><\/strong> has evolved with a more modern decor, the soul of its cuisine, centred on homemade dishes and local produce, remains unchanged.<\/p><p>\u00a0<\/p><p>La\u00a0<strong>new decoration<\/strong>\u00a0Midnight blue creates a serene, elegant atmosphere, perfect for savouring generous, refined cuisine in a modern setting.<\/p><h3 class=\"content_cms\">\u00a0<\/h3><h3 class=\"content_cms\"><strong>An ideal setting for your gourmet break in Vannes<\/strong><\/h3><p>Our\u00a0<strong>restaurant in Vannes<\/strong>located on Place de la Lib\u00e9ration and adjacent to the<strong><a title=\"website hotel vannes Kyriad\" href=\"https:\/\/www.kyriad-vannes.fr\/en\/hotel-vannes.html\/\">hotel Kyriad Vannes Centre-ville<\/a><\/strong>invites you to discover its new atmosphere. Whether you're looking for a gastronomic evening or a stay that combines comfort and discovery, this renovated establishment offers you an unforgettable culinary experience.<\/p>\t\t\t\t\t\t\t\t<\/div>\n\t\t\t\t<\/div>\n\t\t<div class=\"elementor-element elementor-element-068595e e-con-full e-flex e-con e-child\" data-id=\"068595e\" data-element_type=\"container\" data-e-type=\"container\">\n\t\t\t\t<div class=\"elementor-element elementor-element-25cb529 elementor-widget elementor-widget-image\" data-id=\"25cb529\" data-element_type=\"widget\" data-e-type=\"widget\" data-widget_type=\"image.default\">\n\t\t\t\t<div class=\"elementor-widget-container\">\n\t\t\t\t\t\t\t\t\t\t\t\t\t\t\t<img decoding=\"async\" width=\"768\" height=\"545\" src=\"https:\/\/www.kyriad-vannes.fr\/wp-content\/uploads\/2025\/02\/Vignette-rectangle-KY-11-768x545.png\" class=\"attachment-medium_large size-medium_large wp-image-11596\" alt=\"\" srcset=\"https:\/\/www.kyriad-vannes.fr\/wp-content\/uploads\/2025\/02\/Vignette-rectangle-KY-11-768x545.png 768w, https:\/\/www.kyriad-vannes.fr\/wp-content\/uploads\/2025\/02\/Vignette-rectangle-KY-11-300x213.png 300w, https:\/\/www.kyriad-vannes.fr\/wp-content\/uploads\/2025\/02\/Vignette-rectangle-KY-11-1024x726.png 1024w, https:\/\/www.kyriad-vannes.fr\/wp-content\/uploads\/2025\/02\/Vignette-rectangle-KY-11-1536x1090.png 1536w, https:\/\/www.kyriad-vannes.fr\/wp-content\/uploads\/2025\/02\/Vignette-rectangle-KY-11-2048x1453.png 2048w, https:\/\/www.kyriad-vannes.fr\/wp-content\/uploads\/2025\/02\/Vignette-rectangle-KY-11-18x12.png 18w\" sizes=\"(max-width: 768px) 100vw, 768px\" title=\"\">\t\t\t\t\t\t\t\t\t\t\t\t\t\t\t<\/div>\n\t\t\t\t<\/div>\n\t\t\t\t<\/div>\n\t\t\t\t<div class=\"elementor-element elementor-element-b23f281 elementor-widget elementor-widget-text-editor\" data-id=\"b23f281\" data-element_type=\"widget\" data-e-type=\"widget\" data-widget_type=\"text-editor.default\">\n\t\t\t\t<div class=\"elementor-widget-container\">\n\t\t\t\t\t\t\t\t\t<p>Ideally located close to the marina and the old town of Vannes, this\u00a0<strong>historic establishment\u00a0<\/strong>enjoys a privileged location. Easily accessible, it offers a range of services, including rooms decorated with care and comfort, room service, 24-hour reception and memory foam pillows for an even more pleasant experience.<\/p><p>Find all the photos and information from our\u00a0<strong>hotel-restaurant in Vannes<\/strong>\u00a0on our social networks, such as\u00a0<a title=\"facebook ISA\" href=\"https:\/\/www.facebook.com\/KyriadVannesCentre\/\" rel=\"nofollow noopener\" target=\"_blank\">Facebook<\/a>\u00a0and\u00a0<a title=\"instagram ISA\" href=\"https:\/\/www.instagram.com\/restaurant_a_image_sainte_anne\/?hl=fr\" rel=\"nofollow noopener\" target=\"_blank\">Instagram<\/a><\/p>\t\t\t\t\t\t\t\t<\/div>\n\t\t\t\t<\/div>\n\t\t\t\t\t<\/div>\n\t\t\t\t<\/div>\n\t\t\t\t<\/div>","protected":false},"excerpt":{"rendered":"<p>Le Restaurant Vannetais \u00c0 l&rsquo;Image Sainte-Anne traverse les \u00e9poques\u2026 Le\u00a0restaurant \u00c0 l&rsquo;Image Sainte-Anne \u00e0 Vannes, un \u00e9tablissement embl\u00e9matique depuis 1738, se d\u00e9voile sous un nouveau jour apr\u00e8s une\u00a0r\u00e9novation compl\u00e8te. Cette transformation offre d\u00e9sormais une d\u00e9coration moderne qui sublime l&rsquo;histoire et le charme unique de ce\u00a0restaurant historique. \u00a0 Une R\u00e9novation Sign\u00e9e par des Artisans Locaux La [&hellip;]<\/p>\n","protected":false},"author":7,"featured_media":11022,"comment_status":"closed","ping_status":"open","sticky":false,"template":"","format":"standard","meta":{"_acf_changed":false,"inline_featured_image":false,"footnotes":""},"categories":[16],"tags":[],"class_list":["post-10898","post","type-post","status-publish","format-standard","has-post-thumbnail","hentry","category-actualites"],"acf":[],"_links":{"self":[{"href":"https:\/\/www.kyriad-vannes.fr\/en\/wp-json\/wp\/v2\/posts\/10898","targetHints":{"allow":["GET"]}}],"collection":[{"href":"https:\/\/www.kyriad-vannes.fr\/en\/wp-json\/wp\/v2\/posts"}],"about":[{"href":"https:\/\/www.kyriad-vannes.fr\/en\/wp-json\/wp\/v2\/types\/post"}],"author":[{"embeddable":true,"href":"https:\/\/www.kyriad-vannes.fr\/en\/wp-json\/wp\/v2\/users\/7"}],"replies":[{"embeddable":true,"href":"https:\/\/www.kyriad-vannes.fr\/en\/wp-json\/wp\/v2\/comments?post=10898"}],"version-history":[{"count":19,"href":"https:\/\/www.kyriad-vannes.fr\/en\/wp-json\/wp\/v2\/posts\/10898\/revisions"}],"predecessor-version":[{"id":11609,"href":"https:\/\/www.kyriad-vannes.fr\/en\/wp-json\/wp\/v2\/posts\/10898\/revisions\/11609"}],"wp:featuredmedia":[{"embeddable":true,"href":"https:\/\/www.kyriad-vannes.fr\/en\/wp-json\/wp\/v2\/media\/11022"}],"wp:attachment":[{"href":"https:\/\/www.kyriad-vannes.fr\/en\/wp-json\/wp\/v2\/media?parent=10898"}],"wp:term":[{"taxonomy":"category","embeddable":true,"href":"https:\/\/www.kyriad-vannes.fr\/en\/wp-json\/wp\/v2\/categories?post=10898"},{"taxonomy":"post_tag","embeddable":true,"href":"https:\/\/www.kyriad-vannes.fr\/en\/wp-json\/wp\/v2\/tags?post=10898"}],"curies":[{"name":"wp","href":"https:\/\/api.w.org\/{rel}","templated":true}]}}