{"id":10942,"date":"2025-02-26T17:28:13","date_gmt":"2025-02-26T16:28:13","guid":{"rendered":"https:\/\/www.kyriad-vannes.fr\/?p=10942"},"modified":"2025-03-06T15:48:05","modified_gmt":"2025-03-06T14:48:05","slug":"breton-culture-on-show","status":"publish","type":"post","link":"https:\/\/www.kyriad-vannes.fr\/en\/actualites\/la-culture-bretonne-au-rendez-vous\/","title":{"rendered":"BRETON CULTURE IN THE SPOTLIGHT"},"content":{"rendered":"<div data-elementor-type=\"wp-post\" data-elementor-id=\"10942\" class=\"elementor elementor-10942\" data-elementor-post-type=\"post\">\n\t\t\t\t<div class=\"elementor-element elementor-element-e147c34 e-flex e-con-boxed e-con e-parent\" data-id=\"e147c34\" data-element_type=\"container\" data-e-type=\"container\">\n\t\t\t\t\t<div class=\"e-con-inner\">\n\t\t\t\t<div class=\"elementor-element elementor-element-555bff8 elementor-widget elementor-widget-text-editor\" data-id=\"555bff8\" data-element_type=\"widget\" data-e-type=\"widget\" data-widget_type=\"text-editor.default\">\n\t\t\t\t<div class=\"elementor-widget-container\">\n\t\t\t\t\t\t\t\t\t<h2 class=\"content_cms\">The Arvor festival in Vannes<\/h2><p>\u00a0<\/p><div class=\"intro\">In Brittany, on 12, 13, 14 and 15 August 2023, the\u00a0<strong>f\u00eates d'Arvor<\/strong>\u00a0\u00e0\u00a0<a title=\"Places to visit in Vannes\" href=\"https:\/\/www.bestwestern-vannescentre.com\/activites-vannes.html\" rel=\"nofollow noopener\" target=\"_blank\">Valves<\/a>\u00a0are the place to be for traditional Breton culture.<\/div><div class=\"intro\">\u00a0<\/div><div class=\"intro\">Located just a stone's throw from the events, the<a title=\"Kyriad hotel in Vannes\" href=\"https:\/\/www.kyriad-vannes.fr\/en\/\">hotel Kyriad Vannes Centre-ville\u00a0<\/a>is the ideal place to stay in Vannes during the\u00a0<strong>f\u00eates d'Arvor<\/strong>.<\/div><div class=\"intro\">\u00a0<\/div><div class=\"intro\">Shows, exhibitions, concerts by\u00a0<strong>bagado\u00f9<\/strong>,\u00a0<strong>fest-noz<\/strong>Costume parades, and more, all take part in this major event dedicated to the\u00a0<strong>Breton culture<\/strong>\u00a0which highlights the city of Vannes. The highlights of this event are the election of the Queen d'Arvor and her runners-up, and the sumptuous fireworks display on 15 August in Vannes.\u00a0<strong>the ramparts of Vannes<\/strong>which brings the festivities to a close. This is one of the major cultural events in the department of\u00a0<a title=\"Places to visit in Brittany\" href=\"https:\/\/www.bestwestern-vannescentre.com\/activites-vannes.html\" rel=\"nofollow noopener\" target=\"_blank\">Morbihan<\/a>\u00a0and the region\u00a0<a title=\"Valves\" href=\"https:\/\/www.bestwestern-vannescentre.com\/activites-vannes.html\" rel=\"nofollow noopener\" target=\"_blank\">Brittany<\/a>\u00a0since 1928.<\/div>\t\t\t\t\t\t\t\t<\/div>\n\t\t\t\t<\/div>\n\t\t\t\t<div class=\"elementor-element elementor-element-7be024f elementor-widget elementor-widget-image\" data-id=\"7be024f\" data-element_type=\"widget\" data-e-type=\"widget\" data-widget_type=\"image.default\">\n\t\t\t\t<div class=\"elementor-widget-container\">\n\t\t\t\t\t\t\t\t\t\t\t\t\t\t\t<img fetchpriority=\"high\" decoding=\"async\" width=\"1464\" height=\"1464\" src=\"https:\/\/www.kyriad-vannes.fr\/wp-content\/uploads\/2025\/02\/Les_fetes_darvor_a_Vannes_2023.jpg\" class=\"attachment-full size-full wp-image-10944\" alt=\"\" srcset=\"https:\/\/www.kyriad-vannes.fr\/wp-content\/uploads\/2025\/02\/Les_fetes_darvor_a_Vannes_2023.jpg 1464w, https:\/\/www.kyriad-vannes.fr\/wp-content\/uploads\/2025\/02\/Les_fetes_darvor_a_Vannes_2023-300x300.jpg 300w, https:\/\/www.kyriad-vannes.fr\/wp-content\/uploads\/2025\/02\/Les_fetes_darvor_a_Vannes_2023-1024x1024.jpg 1024w, https:\/\/www.kyriad-vannes.fr\/wp-content\/uploads\/2025\/02\/Les_fetes_darvor_a_Vannes_2023-150x150.jpg 150w, https:\/\/www.kyriad-vannes.fr\/wp-content\/uploads\/2025\/02\/Les_fetes_darvor_a_Vannes_2023-768x768.jpg 768w, https:\/\/www.kyriad-vannes.fr\/wp-content\/uploads\/2025\/02\/Les_fetes_darvor_a_Vannes_2023-12x12.jpg 12w\" sizes=\"(max-width: 1464px) 100vw, 1464px\" title=\"\">\t\t\t\t\t\t\t\t\t\t\t\t\t\t\t<\/div>\n\t\t\t\t<\/div>\n\t\t\t\t<div class=\"elementor-element elementor-element-b5b55df elementor-widget elementor-widget-text-editor\" data-id=\"b5b55df\" data-element_type=\"widget\" data-e-type=\"widget\" data-widget_type=\"text-editor.default\">\n\t\t\t\t<div class=\"elementor-widget-container\">\n\t\t\t\t\t\t\t\t\t<h2 class=\"content_cms\">The Arvor festival in Vannes<\/h2><p>\u00a0<\/p><div class=\"intro\">In Brittany, on 12, 13, 14 and 15 August 2023, the\u00a0<strong>f\u00eates d'Arvor<\/strong>\u00a0\u00e0\u00a0<a title=\"Places to visit in Vannes\" href=\"https:\/\/www.bestwestern-vannescentre.com\/activites-vannes.html\" rel=\"nofollow noopener\" target=\"_blank\">Valves<\/a>\u00a0are the place to be for traditional Breton culture.<\/div><div class=\"intro\">\u00a0<\/div><div class=\"intro\">Located just a stone's throw from the events, the<a title=\"Kyriad hotel in Vannes\" href=\"https:\/\/www.kyriad-vannes.fr\/en\/\">hotel Kyriad Vannes Centre-ville\u00a0<\/a>is the ideal place to stay in Vannes during the\u00a0<strong>f\u00eates d'Arvor<\/strong>.<\/div><div class=\"intro\">\u00a0<\/div><div class=\"intro\">Shows, exhibitions, concerts by\u00a0<strong>bagado\u00f9<\/strong>,\u00a0<strong>fest-noz<\/strong>Costume parades, and more, all take part in this major event dedicated to the\u00a0<strong>Breton culture<\/strong>\u00a0which highlights the city of Vannes. The highlights of this event are the election of the Queen d'Arvor and her runners-up, and the sumptuous fireworks display on 15 August in Vannes.\u00a0<strong>the ramparts of Vannes<\/strong>which brings the festivities to a close. This is one of the major cultural events in the department of\u00a0<a title=\"Places to visit in Brittany\" href=\"https:\/\/www.bestwestern-vannescentre.com\/activites-vannes.html\" rel=\"nofollow noopener\" target=\"_blank\">Morbihan<\/a>\u00a0and the region\u00a0<a title=\"Valves\" href=\"https:\/\/www.bestwestern-vannescentre.com\/activites-vannes.html\" rel=\"nofollow noopener\" target=\"_blank\">Brittany<\/a>\u00a0since 1928.<\/div><div class=\"emphase2\">\u00a0<\/div>\t\t\t\t\t\t\t\t<\/div>\n\t\t\t\t<\/div>\n\t\t\t\t\t<\/div>\n\t\t\t\t<\/div>\n\t\t\t\t<\/div>","protected":false},"excerpt":{"rendered":"<p>Les f\u00eates d&rsquo;Arvor \u00e0 Vannes \u00a0 En Bretagne, le 12, 13, 14 et 15 Ao\u00fbt 2023, les\u00a0f\u00eates d&rsquo;Arvor\u00a0\u00e0\u00a0Vannes\u00a0sont le rendez-vous incontournable de la culture traditionnelle Bretonne.\u00a0Situ\u00e9 \u00e0 deux pas des \u00e9v\u00e8nements, l\u2019h\u00f4tel\u00a0Kyriad Vannes Centre-ville\u00a0est le lieu\u00a0id\u00e9al pour\u00a0s\u00e9journer \u00e0 Vannes\u00a0lors des\u00a0f\u00eates d&rsquo;Arvor.\u00a0Spectacles, exposition, concerts de\u00a0bagado\u00f9,\u00a0fest-noz, d\u00e9fil\u00e9s en costumes\u2026 participent \u00e0 ce grand rassemblement consacr\u00e9 \u00e0 la\u00a0culture [&hellip;]<\/p>\n","protected":false},"author":7,"featured_media":10944,"comment_status":"closed","ping_status":"open","sticky":false,"template":"","format":"standard","meta":{"_acf_changed":false,"inline_featured_image":false,"footnotes":""},"categories":[16],"tags":[],"class_list":["post-10942","post","type-post","status-publish","format-standard","has-post-thumbnail","hentry","category-actualites"],"acf":[],"_links":{"self":[{"href":"https:\/\/www.kyriad-vannes.fr\/en\/wp-json\/wp\/v2\/posts\/10942","targetHints":{"allow":["GET"]}}],"collection":[{"href":"https:\/\/www.kyriad-vannes.fr\/en\/wp-json\/wp\/v2\/posts"}],"about":[{"href":"https:\/\/www.kyriad-vannes.fr\/en\/wp-json\/wp\/v2\/types\/post"}],"author":[{"embeddable":true,"href":"https:\/\/www.kyriad-vannes.fr\/en\/wp-json\/wp\/v2\/users\/7"}],"replies":[{"embeddable":true,"href":"https:\/\/www.kyriad-vannes.fr\/en\/wp-json\/wp\/v2\/comments?post=10942"}],"version-history":[{"count":4,"href":"https:\/\/www.kyriad-vannes.fr\/en\/wp-json\/wp\/v2\/posts\/10942\/revisions"}],"predecessor-version":[{"id":10947,"href":"https:\/\/www.kyriad-vannes.fr\/en\/wp-json\/wp\/v2\/posts\/10942\/revisions\/10947"}],"wp:featuredmedia":[{"embeddable":true,"href":"https:\/\/www.kyriad-vannes.fr\/en\/wp-json\/wp\/v2\/media\/10944"}],"wp:attachment":[{"href":"https:\/\/www.kyriad-vannes.fr\/en\/wp-json\/wp\/v2\/media?parent=10942"}],"wp:term":[{"taxonomy":"category","embeddable":true,"href":"https:\/\/www.kyriad-vannes.fr\/en\/wp-json\/wp\/v2\/categories?post=10942"},{"taxonomy":"post_tag","embeddable":true,"href":"https:\/\/www.kyriad-vannes.fr\/en\/wp-json\/wp\/v2\/tags?post=10942"}],"curies":[{"name":"wp","href":"https:\/\/api.w.org\/{rel}","templated":true}]}}