{"id":11345,"date":"2025-06-14T16:14:11","date_gmt":"2025-06-14T14:14:11","guid":{"rendered":"https:\/\/www.kyriad-vannes.fr\/?p=11345"},"modified":"2026-01-09T14:21:22","modified_gmt":"2026-01-09T13:21:22","slug":"a-breath-of-fresh-air-in-vannes-new-fragrance-dambiance-kyriad","status":"publish","type":"post","link":"https:\/\/www.kyriad-vannes.fr\/en\/actualites\/un-souffle-dete-a-vannes-nouveau-parfum-dambiance-kyriad\/","title":{"rendered":"A BREATH OF SUMMER IN VANNES: KYRIAD'S NEW HOME FRAGRANCE"},"content":{"rendered":"<div data-elementor-type=\"wp-post\" data-elementor-id=\"11345\" class=\"elementor elementor-11345\" data-elementor-post-type=\"post\">\n\t\t\t\t<div class=\"elementor-element elementor-element-533d5549 e-flex e-con-boxed e-con e-parent\" data-id=\"533d5549\" data-element_type=\"container\" data-e-type=\"container\">\n\t\t\t\t\t<div class=\"e-con-inner\">\n\t\t\t\t<div class=\"elementor-element elementor-element-a10f0ce elementor-widget elementor-widget-text-editor\" data-id=\"a10f0ce\" data-element_type=\"widget\" data-e-type=\"widget\" data-widget_type=\"text-editor.default\">\n\t\t\t\t<div class=\"elementor-widget-container\">\n\t\t\t\t\t\t\t\t\t<p><\/p>\n<h2 class=\"wp-block-heading\"><strong>Extend your stay in Vannes with the Kyriad home fragrance<\/strong><\/h2>\n<p><\/p>\n<p>Your stay at <strong>Kyriad Vannes Centre-Ville <\/strong>is more than just a night in a hotel - it's a complete experience, where every detail counts. And what if you could take that comforting atmosphere of your own home with you? <strong>summer holidays in Brittany<\/strong> ?<\/p>\n<p>\u00a0<\/p>\n<p>Now you can with our <strong>Kyriad \"Souffle d'\u00c9t\u00e9\" air freshener<\/strong>\"On sale at reception.<\/p>\n<p>\u00a0<\/p>\n<p>\u00a0<\/p>\n<p><\/p>\n<figure class=\"wp-block-image size-full is-resized\"><img fetchpriority=\"high\" decoding=\"async\" class=\"aligncenter wp-image-11361\" src=\"https:\/\/www.kyriad-vannes.fr\/wp-content\/uploads\/2025\/06\/parfum-d-ambiance-KY-2-ConvertImage-1024x726.jpg\" alt=\"Kyriad air of summer\" width=\"600\" height=\"426\" title=\"\" srcset=\"https:\/\/www.kyriad-vannes.fr\/wp-content\/uploads\/2025\/06\/parfum-d-ambiance-KY-2-ConvertImage-1024x726.jpg 1024w, https:\/\/www.kyriad-vannes.fr\/wp-content\/uploads\/2025\/06\/parfum-d-ambiance-KY-2-ConvertImage-300x213.jpg 300w, https:\/\/www.kyriad-vannes.fr\/wp-content\/uploads\/2025\/06\/parfum-d-ambiance-KY-2-ConvertImage-768x545.jpg 768w, https:\/\/www.kyriad-vannes.fr\/wp-content\/uploads\/2025\/06\/parfum-d-ambiance-KY-2-ConvertImage-1536x1090.jpg 1536w, https:\/\/www.kyriad-vannes.fr\/wp-content\/uploads\/2025\/06\/parfum-d-ambiance-KY-2-ConvertImage-18x12.jpg 18w, https:\/\/www.kyriad-vannes.fr\/wp-content\/uploads\/2025\/06\/parfum-d-ambiance-KY-2-ConvertImage.jpg 1748w\" sizes=\"(max-width: 600px) 100vw, 600px\" \/><\/figure>\n<p><\/p>\n<div class=\"wp-block-spacer\" style=\"height: 31px;\" aria-hidden=\"true\">\u00a0<\/div>\n<p><\/p>\n<h2 class=\"wp-block-heading\"><strong>A souvenir to bring back from your stay in Southern Brittany<\/strong><\/h2>\n<p><\/p>\n<p>Developed in collaboration with the perfumers of Grasse, this fragrance <strong>A breath of summer Kyriad<\/strong> has been designed to embody the warmth and softness of a <strong>summer holiday in Vannes<\/strong>. As soon as you arrive in our <strong>hotel in Brittany<\/strong>It envelops you and accompanies you throughout your experience.<\/p>\n<p>\u00a0<\/p>\n<p>This <strong>Kyriad air freshener<\/strong> with notes of verbena, orange blossom, iris and musk evokes the sensation of a ray of sunshine on the skin and the freshness of summer nights by the sea. <a href=\"https:\/\/morbihan.com\/decouvrir\/sauvage-mythique\/un-littoral-dexception\/les-plus-belles-plages-du-morbihan\/\" rel=\"nofollow noopener\" target=\"_blank\">beaches in Morbihan<\/a>.<\/p>\n<p>\u00a0<\/p>\n<p>Le <strong>Kyriad air freshener<\/strong> comes in a 100 ml bottle with a stick diffuser. It's a great gift idea to bring back from your trip. <strong>stay in Brittany<\/strong>. Both aesthetic and sensory, it blends easily into any interior and reminds us with every breath of the good times spent discovering the world around us. <a href=\"https:\/\/www.kyriad-vannes.fr\/en\/news\/discover-vannes-and-the-surrounding-area-in-south-brittany\/\">of Vannes and Southern Brittany<\/a><\/p>\n<p>\u00a0<\/p>\n<p><em>Available for sale at reception - \u20ac19.90 incl. VAT<\/em><\/p>\n<p><\/p>\n<h2 class=\"wp-block-heading\">\u00a0<\/h2>\n<h2 class=\"wp-block-heading\"><strong>A hotel in the heart of Vannes, where you can experience Brittany to the full<\/strong><\/h2>\n<p><\/p>\n<p>Our hotel <strong>Kyriad Vannes Centre-Ville<\/strong> is ideally located at the gateway to the medieval city, within easy reach of the shopping streets, port and cultural attractions. Thanks to this central location, you can easily set off to discover the city. <strong>Morbihan Gulf<\/strong>The city's main attractions are its museums, markets, ramparts and the many events organised throughout the year.<\/p>\n<p>\u00a0<\/p>\n<p>Enjoy the warm ambience of our tastefully decorated rooms, and treat yourself to a delicious meal in our restaurant. <a href=\"https:\/\/www.kyriad-vannes.fr\/en\/news\/the-restaurant-a-limage-sainte-anne-in-vannes-certified-maitre-restaurateur\/\"><strong>\u00c0 l'Image Sainte-Anne restaurant<\/strong><\/a>The restaurant has been awarded the \"Ma\u00eetre Restaurateur\" label, and offers quality cuisine inspired by the Breton region.<\/p>\n<p>\u00a0<\/p>\n<p>And for an even more comfortable stay, our <strong>3-star hotel in<\/strong> <strong>Valves<\/strong> has a <strong>private parking <\/strong>which makes it easier for you to get around with complete peace of mind (pay parking by reservation, limited spaces).<\/p>\n<p>\u00a0<\/p>\n<p>Discover this <strong>Kyriad air freshener<\/strong> which, like a breath of summer, will become your favourite atmosphere... You'll never want to leave this scent, which reminds you of the past. <strong>holidays in Brittany<\/strong>\u00a0!<\/p>\n<p><\/p>\t\t\t\t\t\t\t\t<\/div>\n\t\t\t\t<\/div>\n\t\t\t\t\t<\/div>\n\t\t\t\t<\/div>\n\t\t\t\t<\/div>","protected":false},"excerpt":{"rendered":"<p>Prolongez votre s\u00e9jour \u00e0 Vannes avec le parfum d\u2019ambiance Kyriad Votre s\u00e9jour au Kyriad Vannes Centre-Ville ne se limite pas \u00e0 une nuit d\u2019h\u00f4tel, c\u2019est une exp\u00e9rience compl\u00e8te, o\u00f9 chaque d\u00e9tail compte. Et si vous pouviez emporter chez vous cette ambiance r\u00e9confortante de vos vacances d&rsquo;\u00e9t\u00e9 en Bretagne ? \u00a0 C\u2019est d\u00e9sormais possible avec notre [&hellip;]<\/p>\n","protected":false},"author":18,"featured_media":11352,"comment_status":"closed","ping_status":"open","sticky":false,"template":"","format":"standard","meta":{"_acf_changed":false,"inline_featured_image":false,"footnotes":""},"categories":[16],"tags":[],"class_list":["post-11345","post","type-post","status-publish","format-standard","has-post-thumbnail","hentry","category-actualites"],"acf":[],"_links":{"self":[{"href":"https:\/\/www.kyriad-vannes.fr\/en\/wp-json\/wp\/v2\/posts\/11345","targetHints":{"allow":["GET"]}}],"collection":[{"href":"https:\/\/www.kyriad-vannes.fr\/en\/wp-json\/wp\/v2\/posts"}],"about":[{"href":"https:\/\/www.kyriad-vannes.fr\/en\/wp-json\/wp\/v2\/types\/post"}],"author":[{"embeddable":true,"href":"https:\/\/www.kyriad-vannes.fr\/en\/wp-json\/wp\/v2\/users\/18"}],"replies":[{"embeddable":true,"href":"https:\/\/www.kyriad-vannes.fr\/en\/wp-json\/wp\/v2\/comments?post=11345"}],"version-history":[{"count":13,"href":"https:\/\/www.kyriad-vannes.fr\/en\/wp-json\/wp\/v2\/posts\/11345\/revisions"}],"predecessor-version":[{"id":11406,"href":"https:\/\/www.kyriad-vannes.fr\/en\/wp-json\/wp\/v2\/posts\/11345\/revisions\/11406"}],"wp:featuredmedia":[{"embeddable":true,"href":"https:\/\/www.kyriad-vannes.fr\/en\/wp-json\/wp\/v2\/media\/11352"}],"wp:attachment":[{"href":"https:\/\/www.kyriad-vannes.fr\/en\/wp-json\/wp\/v2\/media?parent=11345"}],"wp:term":[{"taxonomy":"category","embeddable":true,"href":"https:\/\/www.kyriad-vannes.fr\/en\/wp-json\/wp\/v2\/categories?post=11345"},{"taxonomy":"post_tag","embeddable":true,"href":"https:\/\/www.kyriad-vannes.fr\/en\/wp-json\/wp\/v2\/tags?post=11345"}],"curies":[{"name":"wp","href":"https:\/\/api.w.org\/{rel}","templated":true}]}}