{"id":2768,"date":"2022-11-09T17:51:49","date_gmt":"2022-11-09T16:51:49","guid":{"rendered":"https:\/\/www.kyriad-vannes.fr\/?p=2768"},"modified":"2025-03-06T11:24:38","modified_gmt":"2025-03-06T10:24:38","slug":"visiting-vannes-and-its-highlights","status":"publish","type":"post","link":"https:\/\/www.kyriad-vannes.fr\/en\/actualites\/visiter-vannes-et-ses-incontournables\/","title":{"rendered":"New decor for our bistronomic restaurant in Vannes"},"content":{"rendered":"<div data-elementor-type=\"wp-post\" data-elementor-id=\"2768\" class=\"elementor elementor-2768\" data-elementor-post-type=\"post\">\n\t\t\t\t<div class=\"elementor-element elementor-element-7916030d e-flex e-con-boxed e-con e-parent\" data-id=\"7916030d\" data-element_type=\"container\" data-e-type=\"container\">\n\t\t\t\t\t<div class=\"e-con-inner\">\n\t\t\t\t<div class=\"elementor-element elementor-element-30df3767 elementor-widget elementor-widget-text-editor\" data-id=\"30df3767\" data-element_type=\"widget\" data-e-type=\"widget\" data-widget_type=\"text-editor.default\">\n\t\t\t\t<div class=\"elementor-widget-container\">\n\t\t\t\t\t\t\t\t\t\n<div class=\"wp-block-spacer\" style=\"height: 50px;\" aria-hidden=\"true\">\u00a0<\/div>\n\n<h3 class=\"wp-block-heading\"><strong>A change of atmosphere for our restaurant in Vannes<\/strong><\/h3>\n\n<div class=\"wp-block-spacer\" style=\"height: 50px;\" aria-hidden=\"true\">\u00a0<\/div>\n\n<p>Discover the\u00a0<strong>new decoration<\/strong>\u00a0of our\u00a0<strong>restaurant in Vannes\u00a0<\/strong>with a new look! Gone is the emblematic red, replaced by midnight blue.<\/p>\n\n<p>We're giving our restaurant a facelift\u00a0<a href=\"https:\/\/www.kyriad-vannes.fr\/en\/restaurant-vannes.html\/\">\u00c0 l'Image Sainte-Anne<\/a>Our aim is to provide you with a pleasant, cosy and elegant environment. Our\u00a0<strong>inventive, seasonal cuisine<\/strong>certified Ma\u00eetre Restaurateur, is still very much alive and kicking in our\u00a0<strong>bistronomic restaurant<\/strong>. Don't worry, you'll also find our traditional simmered dishes!<\/p>\n\n<div class=\"wp-block-spacer\" style=\"height: 50px;\" aria-hidden=\"true\">\u00a0<\/div>\n\n<h3 class=\"wp-block-heading\"><strong>Our restaurant in Vannes brought up to date<\/strong><\/h3>\n\n<div class=\"wp-block-spacer\" style=\"height: 50px;\" aria-hidden=\"true\">\u00a0<\/div>\n\n<p>The \u00c0 l'Image Sainte-Anne restaurant, a renowned historic establishment since 1738, has decided to open a new chapter in its history by\u00a0<strong>revisiting its decor and ambience to create a more modern restaurant<\/strong>. Gone is the iconic red, replaced by a palette of elegant, soothing midnight blues. This chromatic transition aims to create an even more welcoming and timeless atmosphere for our guests.<\/p>\n\n<p>The midnight blue colour, a symbol of serenity and elegance, fits in perfectly with the restaurant's philosophy, which is committed to offering traditional yet creative, seasonal, home-cooked cuisine. We believe that this\u00a0<strong>new decoration<\/strong>\u00a0will enhance your culinary experience and add a modern touch to our rich history.<\/p>\n\n<div class=\"wp-block-spacer\" style=\"height: 50px;\" aria-hidden=\"true\">\u00a0<\/div>\n\n<figure class=\"wp-block-image aligncenter size-full is-resized\"><img fetchpriority=\"high\" decoding=\"async\" class=\"alignnone wp-image-11038\" style=\"width: 229px; height: 180px;\" src=\"https:\/\/www.kyriad-vannes.fr\/wp-content\/uploads\/2025\/03\/Moodboard-nouvelle-deco-restaurant-A-lImage-Sainte-Anne-1024x724.jpg\" alt=\"\" width=\"1754\" height=\"1240\" title=\"\" srcset=\"https:\/\/www.kyriad-vannes.fr\/wp-content\/uploads\/2025\/03\/Moodboard-nouvelle-deco-restaurant-A-lImage-Sainte-Anne-1024x724.jpg 1024w, https:\/\/www.kyriad-vannes.fr\/wp-content\/uploads\/2025\/03\/Moodboard-nouvelle-deco-restaurant-A-lImage-Sainte-Anne-300x212.jpg 300w, https:\/\/www.kyriad-vannes.fr\/wp-content\/uploads\/2025\/03\/Moodboard-nouvelle-deco-restaurant-A-lImage-Sainte-Anne-768x543.jpg 768w, https:\/\/www.kyriad-vannes.fr\/wp-content\/uploads\/2025\/03\/Moodboard-nouvelle-deco-restaurant-A-lImage-Sainte-Anne-1536x1086.jpg 1536w, https:\/\/www.kyriad-vannes.fr\/wp-content\/uploads\/2025\/03\/Moodboard-nouvelle-deco-restaurant-A-lImage-Sainte-Anne-18x12.jpg 18w, https:\/\/www.kyriad-vannes.fr\/wp-content\/uploads\/2025\/03\/Moodboard-nouvelle-deco-restaurant-A-lImage-Sainte-Anne.jpg 1750w\" sizes=\"(max-width: 1754px) 100vw, 1754px\" \/><\/figure>\n\n<div class=\"wp-block-spacer\" style=\"height: 50px;\" aria-hidden=\"true\">\u00a0<\/div>\n\n<h3 class=\"wp-block-heading\"><strong>An invitation to discover our new decor<\/strong><\/h3>\n\n<p>We're delighted to invite our loyal customers and new visitors to discover this change of scenery.<strong>\u00a0exceptional decoration<\/strong>thanks to Laetitia Lepetit,\u00a0<a href=\"https:\/\/ldecor56.fr\/\" target=\"_blank\" rel=\"noreferrer noopener nofollow\">L.Decor<\/a>\u00a0architect and interior designer in S\u00e9n\u00e9.<\/p>\n\n<p>Join us on a sensory journey where the fusion of tradition and modernity finds its most captivating expression. Whether it's lunch with friends, dinner with the family or a romantic evening, our<strong>\u00a0bistronomic restaurant in Vannes\u00a0<\/strong>promises inventive, delicious and generous seasonal cuisine.<\/p>\n\n<p>And to take it a step further, we suggest you use the<a href=\"https:\/\/www.kyriad-vannes.fr\/en\/FR\/actus\/ioz-eau-une-eau-pure-et-locale-dans-notre-restaurant-a-vannes-206.html\/\">microfiltered water<\/a>\u00a0thanks to IOZ Eau, pure, local and ethical water.<\/p>\n\n<div class=\"wp-block-spacer\" style=\"height: 50px;\" aria-hidden=\"true\">\u00a0<\/div>\n\n<h3 class=\"wp-block-heading\"><strong>Inventive, seasonal cuisine, certified Ma\u00eetre Restaurateur<\/strong><\/h3>\n\n<p>The transition to midnight blue is a continuation of the<strong>commitment to our restaurant in Vannes\u00a0<\/strong>to excellence. Labelled\u00a0<a href=\"https:\/\/www.kyriad-vannes.fr\/en\/actus\/restaurant-vannes-maitre-restaurateur-a-l-image-sainte-anne-34.html\/\">Master Restaurateur<\/a>\u00a0Since 2013, our restaurant has been recognised for its authentic, home-cooked cuisine and its compliance with health and safety standards. La\u00a0<strong>revisiting the decoration of our more modern restaurant<\/strong>\u00a0only reinforces our commitment to quality and innovation.<\/p>\n\n<div class=\"wp-block-spacer\" style=\"height: 50px;\" aria-hidden=\"true\">\u00a0<\/div>\n\n<h3 class=\"wp-block-heading\"><strong>A gourmet getaway in our hotel restaurant in Vannes<\/strong><\/h3>\n\n<p>Nestled just a stone's throw from the old town and the\u00a0<a href=\"https:\/\/www.mairie-vannes.fr\/ville-dart-et-dhistoire\" target=\"_blank\" rel=\"noreferrer noopener nofollow\">port of Vannes<\/a>the\u00a0<strong>\u00c0 l'Image Sainte-Anne restaurant<\/strong>\u00a0combines harmoniously with the Kyriad Vannes Centre-ville hotel. Founded in 1738, this historic establishment, once a popular coaching inn, is now part of a modern hotel offering 45 rooms combining tradition and modernity. It's the ideal address for a gourmet break just a stone's throw from the city's places of interest.<\/p>\n\n<p>Our cosy rooms are ready to welcome you and our\u00a0<strong>modern restaurant in Vannes<\/strong>\u00a0will delight your taste buds, our private car park will give you peace of mind and our electric vehicle charging point will meet your expectations for an environmentally-friendly stay.<\/p>\n\t\t\t\t\t\t\t\t<\/div>\n\t\t\t\t<\/div>\n\t\t\t\t\t<\/div>\n\t\t\t\t<\/div>\n\t\t\t\t<\/div>","protected":false},"excerpt":{"rendered":"<p>Changement d\u2019ambiance pour notre restaurant vannetais D\u00e9couvrez la\u00a0nouvelle d\u00e9coration\u00a0de notre\u00a0restaurant \u00e0 Vannes\u00a0qui fait peau neuve\u00a0! Fini le rouge embl\u00e9matique, laissons place au bleu nuit. Nous redonnons un coup de jeune \u00e0 notre restaurant\u00a0\u00c0 l\u2019Image Sainte-Anne, pour vous offrir un environnement agr\u00e9able, cosy et \u00e9l\u00e9gant. Notre\u00a0cuisine inventive et de saison, certifi\u00e9e Ma\u00eetre Restaurateur, est toujours d\u2019actualit\u00e9 [&hellip;]<\/p>\n","protected":false},"author":4,"featured_media":8219,"comment_status":"closed","ping_status":"open","sticky":false,"template":"","format":"standard","meta":{"_acf_changed":false,"inline_featured_image":false,"footnotes":""},"categories":[16],"tags":[],"class_list":["post-2768","post","type-post","status-publish","format-standard","has-post-thumbnail","hentry","category-actualites"],"acf":[],"_links":{"self":[{"href":"https:\/\/www.kyriad-vannes.fr\/en\/wp-json\/wp\/v2\/posts\/2768","targetHints":{"allow":["GET"]}}],"collection":[{"href":"https:\/\/www.kyriad-vannes.fr\/en\/wp-json\/wp\/v2\/posts"}],"about":[{"href":"https:\/\/www.kyriad-vannes.fr\/en\/wp-json\/wp\/v2\/types\/post"}],"author":[{"embeddable":true,"href":"https:\/\/www.kyriad-vannes.fr\/en\/wp-json\/wp\/v2\/users\/4"}],"replies":[{"embeddable":true,"href":"https:\/\/www.kyriad-vannes.fr\/en\/wp-json\/wp\/v2\/comments?post=2768"}],"version-history":[{"count":15,"href":"https:\/\/www.kyriad-vannes.fr\/en\/wp-json\/wp\/v2\/posts\/2768\/revisions"}],"predecessor-version":[{"id":11041,"href":"https:\/\/www.kyriad-vannes.fr\/en\/wp-json\/wp\/v2\/posts\/2768\/revisions\/11041"}],"wp:featuredmedia":[{"embeddable":true,"href":"https:\/\/www.kyriad-vannes.fr\/en\/wp-json\/wp\/v2\/media\/8219"}],"wp:attachment":[{"href":"https:\/\/www.kyriad-vannes.fr\/en\/wp-json\/wp\/v2\/media?parent=2768"}],"wp:term":[{"taxonomy":"category","embeddable":true,"href":"https:\/\/www.kyriad-vannes.fr\/en\/wp-json\/wp\/v2\/categories?post=2768"},{"taxonomy":"post_tag","embeddable":true,"href":"https:\/\/www.kyriad-vannes.fr\/en\/wp-json\/wp\/v2\/tags?post=2768"}],"curies":[{"name":"wp","href":"https:\/\/api.w.org\/{rel}","templated":true}]}}