{"id":8279,"date":"2025-03-02T11:46:05","date_gmt":"2025-03-02T10:46:05","guid":{"rendered":"https:\/\/www.kyriad-vannes.fr\/?p=8279"},"modified":"2025-03-07T14:15:14","modified_gmt":"2025-03-07T13:15:14","slug":"gulf-week-2025-where-to-stay","status":"publish","type":"post","link":"https:\/\/www.kyriad-vannes.fr\/en\/actualites\/la-semaine-du-golfe-2025-ou-loger\/","title":{"rendered":"LA SEMAINE DU GOLFE 2025 - Where to stay?"},"content":{"rendered":"<div data-elementor-type=\"wp-post\" data-elementor-id=\"8279\" class=\"elementor elementor-8279\" data-elementor-post-type=\"post\">\n\t\t\t\t<div class=\"elementor-element elementor-element-7e8c4936 e-flex e-con-boxed e-con e-parent\" data-id=\"7e8c4936\" data-element_type=\"container\" data-e-type=\"container\">\n\t\t\t\t\t<div class=\"e-con-inner\">\n\t\t\t\t<div class=\"elementor-element elementor-element-5dcc38a1 elementor-widget elementor-widget-text-editor\" data-id=\"5dcc38a1\" data-element_type=\"widget\" data-e-type=\"widget\" data-widget_type=\"text-editor.default\">\n\t\t\t\t<div class=\"elementor-widget-container\">\n\t\t\t\t\t\t\t\t\t<p><\/p>\n<div class=\"wp-block-spacer\" style=\"height: 60px;\" aria-hidden=\"true\">\u00a0<\/div>\n<p><\/p>\n<h3 class=\"wp-block-heading\"><strong>Stay in our Vannes hotel close to the Semaine du Golfe 2025 festivities\u00a0<\/strong><\/h3>\n<p><\/p>\n<p>You are looking for\u00a0<strong>where to stay during the Semaine du Golfe 2025<\/strong>\u00a0? Look no further than our Kyriad Vannes centre-ville hotel in Vannes city centre to make the most of this international maritime event, which this year takes place from <strong>26 May to 1 June 2025<\/strong>.<\/p>\n<p><\/p>\n<div class=\"wp-block-spacer\" style=\"height: 60px;\" aria-hidden=\"true\">\u00a0<\/div>\n<p><\/p>\n<figure class=\"wp-block-image aligncenter size-large is-resized\"><img fetchpriority=\"high\" decoding=\"async\" class=\"alignnone wp-image-11141\" style=\"width: 205px; height: 308px;\" src=\"https:\/\/www.kyriad-vannes.fr\/wp-content\/uploads\/2025\/03\/Affiche-1185-x-175-cm-SDG-2025-basse-def-scaled-1-200x300.jpg\" alt=\"\" width=\"200\" height=\"300\" title=\"\" srcset=\"https:\/\/www.kyriad-vannes.fr\/wp-content\/uploads\/2025\/03\/Affiche-1185-x-175-cm-SDG-2025-basse-def-scaled-1-200x300.jpg 200w, https:\/\/www.kyriad-vannes.fr\/wp-content\/uploads\/2025\/03\/Affiche-1185-x-175-cm-SDG-2025-basse-def-scaled-1-683x1024.jpg 683w, https:\/\/www.kyriad-vannes.fr\/wp-content\/uploads\/2025\/03\/Affiche-1185-x-175-cm-SDG-2025-basse-def-scaled-1-768x1152.jpg 768w, https:\/\/www.kyriad-vannes.fr\/wp-content\/uploads\/2025\/03\/Affiche-1185-x-175-cm-SDG-2025-basse-def-scaled-1-1024x1536.jpg 1024w, https:\/\/www.kyriad-vannes.fr\/wp-content\/uploads\/2025\/03\/Affiche-1185-x-175-cm-SDG-2025-basse-def-scaled-1-8x12.jpg 8w, https:\/\/www.kyriad-vannes.fr\/wp-content\/uploads\/2025\/03\/Affiche-1185-x-175-cm-SDG-2025-basse-def-scaled-1.jpg 1365w\" sizes=\"(max-width: 200px) 100vw, 200px\" \/><\/figure>\n<p><\/p>\n<div class=\"wp-block-spacer\" style=\"height: 60px;\" aria-hidden=\"true\">\u00a0<\/div>\n<p><\/p>\n<h3 class=\"wp-block-heading\"><strong>Attend this international maritime event in the Gulf of Morbihan<\/strong><\/h3>\n<p><\/p>\n<p>Le\u00a0<strong>Morbihan Gulf<\/strong>\u00a0will be the place to be for all boating enthusiasts for a whole week. Don't miss this opportunity to\u00a0<strong><a href=\"https:\/\/www.kyriad-vannes.fr\/en\/vannes-golfe.html\/\">visit Morbihan<\/a>\u00a0<\/strong>!<\/p>\n<p><\/p>\n<p>The Morbihan department wanted to create an original maritime event highlighting the cultural and nautical assets of the region.\u00a0<strong>Morbihan Gulf<\/strong>. In 2001, the first\u00a0<strong><a href=\"https:\/\/www.semainedugolfe.com\/\" target=\"_blank\" rel=\"noreferrer noopener nofollow\">Gulf Week<\/a><\/strong>. The event is punctuated by the very special natural features of this environment. A large number of classic and traditional sailing crews from France and abroad come together to sail in this very special environment of the 'Little Sea' (Mor Bihan in Breton).<\/p>\n<p><\/p>\n<p>There's a whole host of events on the programme, including a fest-noz, tastings of local produce, model-building, music and night-time shows... Find out more about the full programme for this week of events.<strong>animation in Morbihan<\/strong>\u00a0on the official website. Every evening in the ports that welcome the flotillas, the festivities bring together sailors, locals and visitors... Don't miss the two big parades at the opening and closing ceremonies, and witness a real spectacle.\u00a0<strong>nautical show<\/strong>.<\/p>\n<p><\/p>\n<div class=\"wp-block-spacer\" style=\"height: 60px;\" aria-hidden=\"true\">\u00a0<\/div>\n<p><\/p>\n<figure class=\"wp-block-image aligncenter size-large is-resized\"><img decoding=\"async\" width=\"1024\" height=\"683\" class=\"wp-image-8282\" style=\"width: 347px; height: auto;\" src=\"https:\/\/www.kyriad-vannes.fr\/wp-content\/uploads\/2024\/09\/Activites_en_morbihan_Vannes_hotel-1024x683.jpg\" alt=\"\" title=\"\" srcset=\"https:\/\/www.kyriad-vannes.fr\/wp-content\/uploads\/2024\/09\/Activites_en_morbihan_Vannes_hotel-1024x683.jpg 1024w, https:\/\/www.kyriad-vannes.fr\/wp-content\/uploads\/2024\/09\/Activites_en_morbihan_Vannes_hotel-300x200.jpg 300w, https:\/\/www.kyriad-vannes.fr\/wp-content\/uploads\/2024\/09\/Activites_en_morbihan_Vannes_hotel-768x512.jpg 768w, https:\/\/www.kyriad-vannes.fr\/wp-content\/uploads\/2024\/09\/Activites_en_morbihan_Vannes_hotel-18x12.jpg 18w, https:\/\/www.kyriad-vannes.fr\/wp-content\/uploads\/2024\/09\/Activites_en_morbihan_Vannes_hotel.jpg 1417w\" sizes=\"(max-width: 1024px) 100vw, 1024px\" \/><\/figure>\n<p><\/p>\n<div class=\"wp-block-spacer\" style=\"height: 60px;\" aria-hidden=\"true\">\u00a0<\/div>\n<p><\/p>\n<h3 class=\"wp-block-heading\"><strong>Our Kyriad hotel in Vannes city centre is ideal for attending the Semaine du Golfe<\/strong><\/h3>\n<p><\/p>\n<p>From<strong> 26 May to 1 June 2025<\/strong>you're wondering\u00a0<strong>where to sleep during<\/strong>\u00a0<strong>Gulf Week 2025<\/strong>. Book your stay at the<strong>hotel Kyriad Vannes centre<\/strong>\u00a0: Thanks to our 3-star hotel's city-centre location, at the gateway to the medieval city, you'll be close to all the entertainment venues and boat departures.<\/p>\n<p><strong>Accommodation in Vannes during Gulf Week<\/strong>\u00a0in our comfortable hotel will allow you to fully appreciate this major maritime event, in the heart of the\u00a0<strong><a href=\"https:\/\/www.kyriad-vannes.fr\/en\/vannes-golfe.html\/\">Morbihan Gulf<\/a><\/strong>. Stay in one of our warm, tastefully decorated rooms and enjoy a delicious meal.\u00a0<strong>A l'Image Sainte Anne<\/strong>The restaurant, which has been awarded the \"Ma\u00eetre Restaurateur\" label, offers French market cuisine based on local produce. Our private car park will also make your life easier during your stay.\u00a0<strong>stay in Brittany<\/strong>.<\/p>\n<p><\/p>\t\t\t\t\t\t\t\t<\/div>\n\t\t\t\t<\/div>\n\t\t\t\t\t<\/div>\n\t\t\t\t<\/div>\n\t\t\t\t<\/div>","protected":false},"excerpt":{"rendered":"<p>S\u00e9journez\u00a0dans notre h\u00f4tel Vannes\u00a0proche des festivit\u00e9s de la Semaine du Golfe 2025\u00a0 Vous cherchez\u00a0o\u00f9 loger pendant la Semaine du Golfe 2025\u00a0?\u00a0Ne cherchez plus, notre h\u00f4tel Kyriad Vannes centre-ville vous accueille dans le centre-ville de Vannes, pour profiter au mieux de cet \u00e9v\u00e8nement maritime international qui aura lieu cette ann\u00e9e du 26 mai au 1er juin [&hellip;]<\/p>\n","protected":false},"author":7,"featured_media":8282,"comment_status":"closed","ping_status":"open","sticky":false,"template":"","format":"standard","meta":{"_acf_changed":false,"inline_featured_image":false,"footnotes":""},"categories":[16],"tags":[],"class_list":["post-8279","post","type-post","status-publish","format-standard","has-post-thumbnail","hentry","category-actualites"],"acf":[],"_links":{"self":[{"href":"https:\/\/www.kyriad-vannes.fr\/en\/wp-json\/wp\/v2\/posts\/8279","targetHints":{"allow":["GET"]}}],"collection":[{"href":"https:\/\/www.kyriad-vannes.fr\/en\/wp-json\/wp\/v2\/posts"}],"about":[{"href":"https:\/\/www.kyriad-vannes.fr\/en\/wp-json\/wp\/v2\/types\/post"}],"author":[{"embeddable":true,"href":"https:\/\/www.kyriad-vannes.fr\/en\/wp-json\/wp\/v2\/users\/7"}],"replies":[{"embeddable":true,"href":"https:\/\/www.kyriad-vannes.fr\/en\/wp-json\/wp\/v2\/comments?post=8279"}],"version-history":[{"count":9,"href":"https:\/\/www.kyriad-vannes.fr\/en\/wp-json\/wp\/v2\/posts\/8279\/revisions"}],"predecessor-version":[{"id":11144,"href":"https:\/\/www.kyriad-vannes.fr\/en\/wp-json\/wp\/v2\/posts\/8279\/revisions\/11144"}],"wp:featuredmedia":[{"embeddable":true,"href":"https:\/\/www.kyriad-vannes.fr\/en\/wp-json\/wp\/v2\/media\/8282"}],"wp:attachment":[{"href":"https:\/\/www.kyriad-vannes.fr\/en\/wp-json\/wp\/v2\/media?parent=8279"}],"wp:term":[{"taxonomy":"category","embeddable":true,"href":"https:\/\/www.kyriad-vannes.fr\/en\/wp-json\/wp\/v2\/categories?post=8279"},{"taxonomy":"post_tag","embeddable":true,"href":"https:\/\/www.kyriad-vannes.fr\/en\/wp-json\/wp\/v2\/tags?post=8279"}],"curies":[{"name":"wp","href":"https:\/\/api.w.org\/{rel}","templated":true}]}}