{"id":8985,"date":"2025-01-03T11:08:43","date_gmt":"2025-01-03T10:08:43","guid":{"rendered":"https:\/\/www.kyriad-vannes.fr\/?p=8985"},"modified":"2026-04-02T12:12:38","modified_gmt":"2026-04-02T10:12:38","slug":"celebrate-easter-in-our-restaurant-in-limage-sainte-anne","status":"publish","type":"post","link":"https:\/\/www.kyriad-vannes.fr\/en\/actualites\/fetez-paques-dans-notre-restaurant-a-limage-sainte-anne\/","title":{"rendered":"Celebrate Easter in our restaurant \u00c0 l'Image Sainte Anne"},"content":{"rendered":"<div data-elementor-type=\"wp-post\" data-elementor-id=\"8985\" class=\"elementor elementor-8985\" data-elementor-post-type=\"post\">\n\t\t\t\t<div class=\"elementor-element elementor-element-5dba4bb e-flex e-con-boxed e-con e-parent\" data-id=\"5dba4bb\" data-element_type=\"container\" data-e-type=\"container\">\n\t\t\t\t\t<div class=\"e-con-inner\">\n\t\t\t\t<div class=\"elementor-element elementor-element-496b0e96 elementor-widget elementor-widget-text-editor\" data-id=\"496b0e96\" data-element_type=\"widget\" data-e-type=\"widget\" data-widget_type=\"text-editor.default\">\n\t\t\t\t<div class=\"elementor-widget-container\">\n\t\t\t\t\t\t\t\t\t<div style=\"height: 50px;\" aria-hidden=\"true\">\u00a0<\/div>\n<p><!-- \/wp:spacer --><!-- wp:heading --><\/p>\n<h2>Easter at the \u00c0 l'Image Sainte Anne restaurant<\/h2>\n<p><!-- \/wp:heading --><!-- wp:paragraph --><\/p>\n<p>Your\u00a0<strong>restaurant in Vannes<\/strong> is open on Easter Sunday and Easter Monday 2026.<\/p>\n<p><!-- \/wp:paragraph --><!-- wp:paragraph --><\/p>\n<p>To mark the occasion, the chef has put together a\u00a0<strong>special Easter menu in Vannes<\/strong>. You can take advantage of this\u00a0<strong>Easter menu<\/strong> on Sunday 5 April at lunchtime. It's a great way to spend some quality time with the family over a bistronomic meal in Vannes town centre.<\/p>\n<p>\u00a0<\/p>\n<p><!-- \/wp:paragraph --><!-- wp:heading --><\/p>\n<h2>Discover the Easter menu at our restaurant in Vannes<\/h2>\n<p><!-- \/wp:heading --><!-- wp:paragraph --><\/p>\n<p>To mark the\u00a0<strong>Easter<\/strong>our restaurant in Vannes\u00a0<strong><a href=\"https:\/\/www.kyriad-vannes.fr\/en\/restaurant-vannes.html\/\">\u00c0 l'Image Sainte-Anne<\/a><\/strong>a Ma\u00eetre Restaurateur and 100% home-made restaurant, is offering a\u00a0<strong>special menu at \u20ac40 per person<\/strong>, including a starter, main course and dessert (excluding drinks).<\/p>\n<p>\u00a0<\/p>\n<p>Option to add a drinks package at \u20ac20\/person, including :<\/p>\n<p>\u00a0<\/p>\n<ul>\n<li>1 glass of Champagne<\/li>\n<li>1 glass of wine<\/li>\n<li>1 Glass of Kystin Buckwheat Cider<\/li>\n<\/ul>\n<p>\u00a0<\/p>\n<p>Our chef has specially created this seasonal menu for the occasion. Taste, authenticity and creativity in a refined setting in the heart of Vannes.\u00a0<em><strong>Book your table now!\u00a0<\/strong><\/em><\/p>\n<p><!-- \/wp:paragraph --><!-- wp:paragraph --><\/p>\n<p>\u00a0<\/p>\n<p><!-- \/wp:paragraph --><!-- wp:paragraph --><\/p>\n<p>Discover our menu available on\u00a0<strong>Sunday 5 April at lunchtime<\/strong>\u00a0:<\/p>\n<p>\u00a0<\/p>\n<p><img fetchpriority=\"high\" decoding=\"async\" class=\"aligncenter wp-image-12133\" src=\"https:\/\/www.kyriad-vannes.fr\/wp-content\/uploads\/2026\/04\/Menu-de-Paques-Vannes-restaurant-A-lImage-Sainte-Anne-2026-724x1024.png\" alt=\"\" width=\"601\" height=\"850\" title=\"\" srcset=\"https:\/\/www.kyriad-vannes.fr\/wp-content\/uploads\/2026\/04\/Menu-de-Paques-Vannes-restaurant-A-lImage-Sainte-Anne-2026-724x1024.png 724w, https:\/\/www.kyriad-vannes.fr\/wp-content\/uploads\/2026\/04\/Menu-de-Paques-Vannes-restaurant-A-lImage-Sainte-Anne-2026-212x300.png 212w, https:\/\/www.kyriad-vannes.fr\/wp-content\/uploads\/2026\/04\/Menu-de-Paques-Vannes-restaurant-A-lImage-Sainte-Anne-2026-768x1086.png 768w, https:\/\/www.kyriad-vannes.fr\/wp-content\/uploads\/2026\/04\/Menu-de-Paques-Vannes-restaurant-A-lImage-Sainte-Anne-2026-1086x1536.png 1086w, https:\/\/www.kyriad-vannes.fr\/wp-content\/uploads\/2026\/04\/Menu-de-Paques-Vannes-restaurant-A-lImage-Sainte-Anne-2026-8x12.png 8w, https:\/\/www.kyriad-vannes.fr\/wp-content\/uploads\/2026\/04\/Menu-de-Paques-Vannes-restaurant-A-lImage-Sainte-Anne-2026.png 1414w\" sizes=\"(max-width: 601px) 100vw, 601px\" \/><\/p>\n<p><!-- \/wp:paragraph --><!-- wp:spacer {\"height\":\"31px\"} --><!-- \/wp:spacer --><!-- wp:image {\"id\":8986,\"width\":\"516px\",\"height\":\"auto\",\"sizeSlug\":\"full\",\"linkDestination\":\"none\"} --><\/p>\n<figure><\/figure>\n<p><!-- \/wp:image --><!-- wp:spacer {\"height\":\"60px\"} --><!-- \/wp:spacer --><!-- wp:heading --><\/p>\n<p>\u00a0<\/p>\n<h2>Celebrate Easter in a restaurant in Vannes city centre<\/h2>\n<p><!-- \/wp:heading --><!-- wp:paragraph --><\/p>\n<p>Thanks to our\u00a0<strong>restaurant open on Sundays in Vannes<\/strong>Enjoy family time together in a warm and relaxed atmosphere, with gourmet dishes to tantalise your taste buds!<\/p>\n<p>\u00a0<\/p>\n<p><!-- \/wp:paragraph --><!-- wp:paragraph --><\/p>\n<p>Le\u00a0<strong>\u00c0 l'Image Sainte-Anne restaurant<\/strong> welcomes you to the heart of Vannes, on Place de la Lib\u00e9ration. After enjoying our\u00a0<strong>special Easter menu<\/strong>Take a stroll with the whole family through the cobbled streets of the town centre.<\/p>\n<p>\u00a0<\/p>\n<p><!-- \/wp:paragraph --><!-- wp:paragraph --><\/p>\n<p>As Monday 6 April is a public holiday, you can also treat yourself to a day off. <strong><a href=\"https:\/\/www.kyriad-vannes.fr\/en\/FR\/actus\/week-end-de-paques-a-vannes-68.html\/\">Easter weekend in Vannes<\/a><\/strong>by booking in our\u00a0<strong>hotel Kyriad Vannes centre-ville<\/strong>.<\/p>\n<p>\u00a0<\/p>\n<p><!-- \/wp:paragraph --><!-- wp:paragraph --><\/p>\n<p>This 3-star hotel offers a wide range of services, including\u00a0<a href=\"https:\/\/www.kyriad-vannes.fr\/en\/chambre-vannes.html\/\">cosy rooms<\/a> with its tasteful decor, room service, 24-hour reception, memory foam pillows, private and secure parking... Book now for your stay in France.\u00a0<strong>weekend in Vannes<\/strong>\u00a0!<\/p>\n<p>\u00a0<\/p>\n<p><!-- \/wp:paragraph --><!-- wp:paragraph --><\/p>\n<p><em><strong>&gt; Follow our restaurant on social networks\u00a0<a href=\"https:\/\/www.facebook.com\/alimagesainteanne\/\" target=\"_blank\" rel=\"noreferrer noopener nofollow\">Facebook<\/a>\u00a0and\u00a0<a href=\"https:\/\/www.instagram.com\/restaurant_a_image_sainte_anne\/\" target=\"_blank\" rel=\"noreferrer noopener nofollow\">Instagram<\/a>\u00a0!<\/strong><\/em><\/p>\n<p><!-- \/wp:paragraph --><!-- wp:heading {\"level\":3} --><\/p>\n<h3>\u00a0<\/h3>\n<p><!-- \/wp:heading --><\/p>\t\t\t\t\t\t\t\t<\/div>\n\t\t\t\t<\/div>\n\t\t\t\t\t<\/div>\n\t\t\t\t<\/div>\n\t\t\t\t<\/div>","protected":false},"excerpt":{"rendered":"<p>\u00a0 P\u00e2ques au restaurant \u00c0 l&rsquo;Image Sainte Anne Votre\u00a0restaurant \u00e0 Vannes est ouvert le dimanche \u00e0 P\u00e2ques, ainsi que le lundi de P\u00e2ques 2026. Le chef vous a concoct\u00e9 \u00e0 cette occasion un\u00a0menu sp\u00e9cial P\u00e2ques \u00e0 Vannes. Vous pourrez profiter de ce\u00a0menu de P\u00e2ques le dimanche 5 avril au d\u00e9jeuner. De quoi passer un moment [&hellip;]<\/p>\n","protected":false},"author":7,"featured_media":11110,"comment_status":"closed","ping_status":"open","sticky":false,"template":"","format":"standard","meta":{"_acf_changed":false,"inline_featured_image":false,"footnotes":""},"categories":[16],"tags":[],"class_list":["post-8985","post","type-post","status-publish","format-standard","has-post-thumbnail","hentry","category-actualites"],"acf":[],"_links":{"self":[{"href":"https:\/\/www.kyriad-vannes.fr\/en\/wp-json\/wp\/v2\/posts\/8985","targetHints":{"allow":["GET"]}}],"collection":[{"href":"https:\/\/www.kyriad-vannes.fr\/en\/wp-json\/wp\/v2\/posts"}],"about":[{"href":"https:\/\/www.kyriad-vannes.fr\/en\/wp-json\/wp\/v2\/types\/post"}],"author":[{"embeddable":true,"href":"https:\/\/www.kyriad-vannes.fr\/en\/wp-json\/wp\/v2\/users\/7"}],"replies":[{"embeddable":true,"href":"https:\/\/www.kyriad-vannes.fr\/en\/wp-json\/wp\/v2\/comments?post=8985"}],"version-history":[{"count":26,"href":"https:\/\/www.kyriad-vannes.fr\/en\/wp-json\/wp\/v2\/posts\/8985\/revisions"}],"predecessor-version":[{"id":12136,"href":"https:\/\/www.kyriad-vannes.fr\/en\/wp-json\/wp\/v2\/posts\/8985\/revisions\/12136"}],"wp:featuredmedia":[{"embeddable":true,"href":"https:\/\/www.kyriad-vannes.fr\/en\/wp-json\/wp\/v2\/media\/11110"}],"wp:attachment":[{"href":"https:\/\/www.kyriad-vannes.fr\/en\/wp-json\/wp\/v2\/media?parent=8985"}],"wp:term":[{"taxonomy":"category","embeddable":true,"href":"https:\/\/www.kyriad-vannes.fr\/en\/wp-json\/wp\/v2\/categories?post=8985"},{"taxonomy":"post_tag","embeddable":true,"href":"https:\/\/www.kyriad-vannes.fr\/en\/wp-json\/wp\/v2\/tags?post=8985"}],"curies":[{"name":"wp","href":"https:\/\/api.w.org\/{rel}","templated":true}]}}