{"id":9045,"date":"2024-09-26T09:23:08","date_gmt":"2024-09-26T07:23:08","guid":{"rendered":"https:\/\/www.kyriad-vannes.fr\/?p=9045"},"modified":"2025-09-10T15:50:01","modified_gmt":"2025-09-10T13:50:01","slug":"the-chateau-de-lhermine-in-vannes-2","status":"publish","type":"post","link":"https:\/\/www.kyriad-vannes.fr\/en\/actualites\/le-chateau-de-lhermine-a-vannes-2\/","title":{"rendered":"European Heritage Days"},"content":{"rendered":"<div data-elementor-type=\"wp-post\" data-elementor-id=\"9045\" class=\"elementor elementor-9045\" data-elementor-post-type=\"post\">\n\t\t\t\t<div class=\"elementor-element elementor-element-70b4b18c e-flex e-con-boxed e-con e-parent\" data-id=\"70b4b18c\" data-element_type=\"container\" data-e-type=\"container\">\n\t\t\t\t\t<div class=\"e-con-inner\">\n\t\t\t\t<div class=\"elementor-element elementor-element-1b0aa6c0 elementor-widget elementor-widget-text-editor\" data-id=\"1b0aa6c0\" data-element_type=\"widget\" data-e-type=\"widget\" data-widget_type=\"text-editor.default\">\n\t\t\t\t<div class=\"elementor-widget-container\">\n\t\t\t\t\t\t\t\t\t<h2 class=\"content_cms\">A magical moment full of discoveries<\/h2><p>On 20 and 21 September 2025, take advantage of the <strong>European Heritage Days\u00a0<\/strong>in Vannes: a unique opportunity to discover local and national heritage. As every year, the\u00a0<strong>city of Vannes<\/strong>\u00a0invites you to discover or rediscover exceptional sites that open their doors to you and reveal their secrets.<\/p><p>\u00a0<\/p><p>It's the perfect time to set off and discover Southern Brittany because<strong>\u00a0Vannes and the surrounding area<\/strong>\u00a0are packed with incredible sites and\u00a0<strong>historical monuments to visit<\/strong>\u00a0which are part of the\u00a0<strong>Morbihan heritage<\/strong>.<\/p>\t\t\t\t\t\t\t\t<\/div>\n\t\t\t\t<\/div>\n\t\t\t\t<div class=\"elementor-element elementor-element-3dd605f elementor-widget elementor-widget-image\" data-id=\"3dd605f\" data-element_type=\"widget\" data-e-type=\"widget\" data-widget_type=\"image.default\">\n\t\t\t\t<div class=\"elementor-widget-container\">\n\t\t\t\t\t\t\t\t\t\t\t\t\t\t\t<img fetchpriority=\"high\" decoding=\"async\" width=\"405\" height=\"305\" src=\"https:\/\/www.kyriad-vannes.fr\/wp-content\/uploads\/2024\/09\/Vannes.jpg\" class=\"attachment-full size-full wp-image-9046\" alt=\"\" srcset=\"https:\/\/www.kyriad-vannes.fr\/wp-content\/uploads\/2024\/09\/Vannes.jpg 405w, https:\/\/www.kyriad-vannes.fr\/wp-content\/uploads\/2024\/09\/Vannes-300x226.jpg 300w, https:\/\/www.kyriad-vannes.fr\/wp-content\/uploads\/2024\/09\/Vannes-16x12.jpg 16w\" sizes=\"(max-width: 405px) 100vw, 405px\" title=\"\">\t\t\t\t\t\t\t\t\t\t\t\t\t\t\t<\/div>\n\t\t\t\t<\/div>\n\t\t\t\t<div class=\"elementor-element elementor-element-d0c6a0a elementor-widget elementor-widget-text-editor\" data-id=\"d0c6a0a\" data-element_type=\"widget\" data-e-type=\"widget\" data-widget_type=\"text-editor.default\">\n\t\t\t\t<div class=\"elementor-widget-container\">\n\t\t\t\t\t\t\t\t\t<p>La\u00a0<strong>42nd European Heritage Days<\/strong> will be held on 20 and 21 September 2025, with the theme ? The<strong> \"architectural heritage<\/strong>. Visits free of charge and reservations recommended for certain sites.<\/p><p>For more information and the full programme, visit the\u00a0<strong>City of Vannes<\/strong>\u00a0:\u00a0<span style=\"text-decoration: underline;\"><strong><a title=\"European Heritage Days 2024 Vannes\" href=\"https:\/\/www.mairie-vannes.fr\/agenda\/journees-europeennes-du-patrimoine-0\" target=\"_blank\" rel=\"noopener noreferrer nofollow\">JEP 2025 programme<\/a><\/strong><\/span><\/p><p>\u00a0<\/p><h2 class=\"content_cms\">Near your Kyriad hotel in Vannes city centre<\/h2><p>Why not\u00a0<strong>book your weekend<\/strong>\u00a0at the Kyriad Vannes centre-ville hotel? So you can take full advantage of the many events organised\u00a0<strong>in the heart of Vannes<\/strong>\u00a0for the\u00a0<strong>European Heritage Days<\/strong>. After a good breakfast served in\u00a0<a title=\"restaurant Kyriad Vannes\" href=\"https:\/\/www.kyriad-vannes.fr\/en\/restaurant-vannes.html\/\">our restaurant<\/a>You'll be in great shape to wander around the museums and admire the city's various monuments.<\/p><p>\u00a0<\/p><h3 class=\"content_cms\">The history of our hotel and Vannes on the walls<\/h3><p>During your stay or\u00a0<strong>weekend at the Kyriad Vannes Centre hotel<\/strong>discover more<strong>old photos of Vannes<\/strong>\u00a0posted in our restaurant and in the hotel corridors. This\u00a0<strong>mini-exhibition<\/strong>\u00a0was produced in partnership with the archives of the town of Vannes. The history of our establishment is also retraced, in the menu of our restaurant but also thanks to old photos of the building. So there's plenty of food for thought right here in the hotel!<\/p><p>\u00a0<\/p><p>The Auberge \u00c0 l'Image Sainte-Anne, set up in 1738 on rue Hoche, is the origin of our\u00a0<strong>hotel-restaurant in Vannes<\/strong>. Come and discover its evolution through the ages with a meal at the\u00a0<strong>\u00c0 l'Image Sainte-Anne restaurant<\/strong>\u00a0or a stay in our\u00a0<strong>3-star hotel in the centre of Vannes<\/strong>.<\/p>\t\t\t\t\t\t\t\t<\/div>\n\t\t\t\t<\/div>\n\t\t\t\t\t<\/div>\n\t\t\t\t<\/div>\n\t\t\t\t<\/div>","protected":false},"excerpt":{"rendered":"<p>Un moment magique plein de d\u00e9couvertes Le 20 et 21 septembre 2025, profitez des Journ\u00e9es Europ\u00e9ennes du Patrimoine\u00a0\u00e0 Vannes :\u00a0ce moment privil\u00e9gi\u00e9 vous permet de d\u00e9couvrir le patrimoine local et national. Comme chaque ann\u00e9e, la\u00a0ville de Vannes\u00a0vous propose de d\u00e9couvrir ou red\u00e9couvrir des sites exceptionnels qui vous ouvrent leurs portes et vous d\u00e9voilent leurs secrets. [&hellip;]<\/p>\n","protected":false},"author":7,"featured_media":8952,"comment_status":"closed","ping_status":"open","sticky":false,"template":"","format":"standard","meta":{"_acf_changed":false,"inline_featured_image":false,"footnotes":""},"categories":[16],"tags":[],"class_list":["post-9045","post","type-post","status-publish","format-standard","has-post-thumbnail","hentry","category-actualites"],"acf":[],"_links":{"self":[{"href":"https:\/\/www.kyriad-vannes.fr\/en\/wp-json\/wp\/v2\/posts\/9045","targetHints":{"allow":["GET"]}}],"collection":[{"href":"https:\/\/www.kyriad-vannes.fr\/en\/wp-json\/wp\/v2\/posts"}],"about":[{"href":"https:\/\/www.kyriad-vannes.fr\/en\/wp-json\/wp\/v2\/types\/post"}],"author":[{"embeddable":true,"href":"https:\/\/www.kyriad-vannes.fr\/en\/wp-json\/wp\/v2\/users\/7"}],"replies":[{"embeddable":true,"href":"https:\/\/www.kyriad-vannes.fr\/en\/wp-json\/wp\/v2\/comments?post=9045"}],"version-history":[{"count":7,"href":"https:\/\/www.kyriad-vannes.fr\/en\/wp-json\/wp\/v2\/posts\/9045\/revisions"}],"predecessor-version":[{"id":11683,"href":"https:\/\/www.kyriad-vannes.fr\/en\/wp-json\/wp\/v2\/posts\/9045\/revisions\/11683"}],"wp:featuredmedia":[{"embeddable":true,"href":"https:\/\/www.kyriad-vannes.fr\/en\/wp-json\/wp\/v2\/media\/8952"}],"wp:attachment":[{"href":"https:\/\/www.kyriad-vannes.fr\/en\/wp-json\/wp\/v2\/media?parent=9045"}],"wp:term":[{"taxonomy":"category","embeddable":true,"href":"https:\/\/www.kyriad-vannes.fr\/en\/wp-json\/wp\/v2\/categories?post=9045"},{"taxonomy":"post_tag","embeddable":true,"href":"https:\/\/www.kyriad-vannes.fr\/en\/wp-json\/wp\/v2\/tags?post=9045"}],"curies":[{"name":"wp","href":"https:\/\/api.w.org\/{rel}","templated":true}]}}