{"id":9056,"date":"2024-09-26T15:05:11","date_gmt":"2024-09-26T13:05:11","guid":{"rendered":"https:\/\/www.kyriad-vannes.fr\/?p=9056"},"modified":"2025-03-06T10:30:54","modified_gmt":"2025-03-06T09:30:54","slug":"sleep-peacefully-with-our-memory-foam-pillows","status":"publish","type":"post","link":"https:\/\/www.kyriad-vannes.fr\/en\/actualites\/dormez-paisiblement-grace-a-nos-oreillers-a-memoire-de-forme\/","title":{"rendered":"Sleep peacefully with our memory foam pillows\u00a0"},"content":{"rendered":"<div data-elementor-type=\"wp-post\" data-elementor-id=\"9056\" class=\"elementor elementor-9056\" data-elementor-post-type=\"post\">\n\t\t\t\t<div class=\"elementor-element elementor-element-70b4b18c e-flex e-con-boxed e-con e-parent\" data-id=\"70b4b18c\" data-element_type=\"container\" data-e-type=\"container\">\n\t\t\t\t\t<div class=\"e-con-inner\">\n\t\t\t\t<div class=\"elementor-element elementor-element-1b0aa6c0 elementor-widget elementor-widget-text-editor\" data-id=\"1b0aa6c0\" data-element_type=\"widget\" data-e-type=\"widget\" data-widget_type=\"text-editor.default\">\n\t\t\t\t<div class=\"elementor-widget-container\">\n\t\t\t\t\t\t\t\t\t<h2 style=\"font-family: Prata, sans-serif; line-height: 1.1; color: #333333; margin-top: 20px; margin-bottom: 40px; font-size: 30px; text-align: center;\">Enjoy an innovative experience in your Kyriad hotel in the centre of Vannes<\/h2>\n<p style=\"margin-right: 0px; margin-bottom: 10px; margin-left: 0px; color: #333333; font-family: Karla, Helvetica, sans-serif; font-size: 20px;\">\u00a0<\/p>\n<p style=\"margin-right: 0px; margin-bottom: 10px; margin-left: 0px; color: #333333; font-family: Karla, Helvetica, sans-serif; font-size: 20px;\">For a successful stay in our\u00a0<span style=\"font-weight: bold;\">hotel in Vannes city centre<\/span>sleep like a baby with our memory foam pillows!\u00a0<\/p>\n<div class=\"content clearfix\">\n<div class=\"page-editoriale\">\n<div class=\"articles\">\n<div class=\"field field-name-field-articles field-type-text-long field-label-hidden\">\n<div class=\"field-items\">\n<div class=\"field-item even\">\u00a0<\/div>\n<\/div>\n<\/div>\n<\/div>\n<\/div>\n<\/div>\t\t\t\t\t\t\t\t<\/div>\n\t\t\t\t<\/div>\n\t\t\t\t<div class=\"elementor-element elementor-element-3dd605f elementor-widget elementor-widget-image\" data-id=\"3dd605f\" data-element_type=\"widget\" data-e-type=\"widget\" data-widget_type=\"image.default\">\n\t\t\t\t<div class=\"elementor-widget-container\">\n\t\t\t\t\t\t\t\t\t\t\t\t\t\t\t<img fetchpriority=\"high\" decoding=\"async\" width=\"1748\" height=\"1240\" src=\"https:\/\/www.kyriad-vannes.fr\/wp-content\/uploads\/2024\/09\/Vignette-rectangle-KY-2.png\" class=\"attachment-full size-full wp-image-11016\" alt=\"\" srcset=\"https:\/\/www.kyriad-vannes.fr\/wp-content\/uploads\/2024\/09\/Vignette-rectangle-KY-2.png 1748w, https:\/\/www.kyriad-vannes.fr\/wp-content\/uploads\/2024\/09\/Vignette-rectangle-KY-2-300x213.png 300w, https:\/\/www.kyriad-vannes.fr\/wp-content\/uploads\/2024\/09\/Vignette-rectangle-KY-2-1024x726.png 1024w, https:\/\/www.kyriad-vannes.fr\/wp-content\/uploads\/2024\/09\/Vignette-rectangle-KY-2-768x545.png 768w, https:\/\/www.kyriad-vannes.fr\/wp-content\/uploads\/2024\/09\/Vignette-rectangle-KY-2-1536x1090.png 1536w, https:\/\/www.kyriad-vannes.fr\/wp-content\/uploads\/2024\/09\/Vignette-rectangle-KY-2-18x12.png 18w\" sizes=\"(max-width: 1748px) 100vw, 1748px\" title=\"\">\t\t\t\t\t\t\t\t\t\t\t\t\t\t\t<\/div>\n\t\t\t\t<\/div>\n\t\t\t\t<div class=\"elementor-element elementor-element-d0c6a0a elementor-widget elementor-widget-text-editor\" data-id=\"d0c6a0a\" data-element_type=\"widget\" data-e-type=\"widget\" data-widget_type=\"text-editor.default\">\n\t\t\t\t<div class=\"elementor-widget-container\">\n\t\t\t\t\t\t\t\t\t<p>With its memory foam, this pillow gives you all the comfort you could wish for your neck and cervical spine. It\u00a0<strong>fits the shape of your head perfectly<\/strong>\u00a0for ideal support throughout the night. Made in France, the Kyriad pillow is suitable for all body shapes, providing immediate relief and eliminating the risk of perspiration! Relaxation and comfort guaranteed!\u00a0<\/p>\n<p>Don't wait any longer to enjoy this innovative experience and spend an unforgettable night in our\u00a0<a title=\"KYRIAD Hotel in Vannes\" href=\"https:\/\/www.kyriad-vannes.fr\/en\/\" target=\"_blank\" rel=\"noopener noreferrer\">hotel in Vannes Centre-Ville<\/a>\u00a0!  Your 100% comfort memory foam pillow is waiting for you in your room, so why not book your stay now?<\/p>\n<p>\u00a0<\/p>\n<p>And to extend the Kyriad experience, you have the option of<strong>buy your own Kyriad pillow<\/strong>\u00a0memory foam for just \u00a348.90!<\/p>\n<p>Go to reception to ask for it.<\/p>\n<p>\u00a0<\/p>\n<h2 class=\"content_cms\">And for an even better stay, discover our restaurant \u00c0 L'Image Sainte-Anne<\/h2>\n<p>A restful night is important, but if you can enjoy a tasty meal beforehand, that's even better!<\/p>\n<p>For a holiday full of flavour in Southern Brittany, don't miss out on our\u00a0<a title=\"Restaurant A l&#039;Image Sainte-Anne Vannes\" href=\"https:\/\/www.kyriad-vannes.fr\/en\/restaurant-vannes.html\/\" target=\"_blank\" rel=\"noopener noreferrer\"><strong>\u00c0 L'Image Sainte-Anne restaurant<\/strong><\/a>which offers a\u00a0<strong>creative and authentic cuisine<\/strong>with a strong Breton accent. What's more, his cooking is\u00a0<strong>certified Ma\u00eetre Restaurateur<\/strong>A real treat for your taste buds, we guarantee it!\u00a0<\/p>\n<div class=\"content clearfix\">\n<div class=\"page-editoriale\">\n<div class=\"articles\">\n<div class=\"field field-name-field-articles field-type-text-long field-label-hidden\">\n<div class=\"field-items\">\n<div class=\"field-item even\">\u00a0<\/div>\n<\/div>\n<\/div>\n<\/div>\n<\/div>\n<\/div>\t\t\t\t\t\t\t\t<\/div>\n\t\t\t\t<\/div>\n\t\t\t\t<div class=\"elementor-element elementor-element-67aeb3e elementor-widget elementor-widget-image\" data-id=\"67aeb3e\" data-element_type=\"widget\" data-e-type=\"widget\" data-widget_type=\"image.default\">\n\t\t\t\t<div class=\"elementor-widget-container\">\n\t\t\t\t\t\t\t\t\t\t\t\t\t\t\t<img decoding=\"async\" width=\"1080\" height=\"1080\" src=\"https:\/\/www.kyriad-vannes.fr\/wp-content\/uploads\/2024\/09\/vaiselle.png\" class=\"attachment-full size-full wp-image-11017\" alt=\"\" srcset=\"https:\/\/www.kyriad-vannes.fr\/wp-content\/uploads\/2024\/09\/vaiselle.png 1080w, https:\/\/www.kyriad-vannes.fr\/wp-content\/uploads\/2024\/09\/vaiselle-300x300.png 300w, https:\/\/www.kyriad-vannes.fr\/wp-content\/uploads\/2024\/09\/vaiselle-1024x1024.png 1024w, https:\/\/www.kyriad-vannes.fr\/wp-content\/uploads\/2024\/09\/vaiselle-150x150.png 150w, https:\/\/www.kyriad-vannes.fr\/wp-content\/uploads\/2024\/09\/vaiselle-768x768.png 768w, https:\/\/www.kyriad-vannes.fr\/wp-content\/uploads\/2024\/09\/vaiselle-12x12.png 12w\" sizes=\"(max-width: 1080px) 100vw, 1080px\" title=\"\">\t\t\t\t\t\t\t\t\t\t\t\t\t\t\t<\/div>\n\t\t\t\t<\/div>\n\t\t\t\t<div class=\"elementor-element elementor-element-3051d1a elementor-widget elementor-widget-text-editor\" data-id=\"3051d1a\" data-element_type=\"widget\" data-e-type=\"widget\" data-widget_type=\"text-editor.default\">\n\t\t\t\t<div class=\"elementor-widget-container\">\n\t\t\t\t\t\t\t\t\t<p>You can enjoy our dish of the day for just \u20ac15.90, or opt for a 3-course menu for even more indulgence. Our restaurant is THE place to be for your business lunches or social meals with friends or family.\u00a0<\/p>\n<p>Take a look at the\u00a0<a title=\"restaurant menu\" href=\"http:\/\/www.assiwa.fr\/medias\/kyriad\/Restaurant%20A%20l%27Image%20Sainte-Anne-Carte%202020%20complete-BD%20Web.pdf\" target=\"_blank\" rel=\"noopener noreferrer nofollow\">restaurant menu<\/a>We've got a range of homemade dishes to suit all tastes, from land to sea... Give in to temptation and tantalise your taste buds!\u00a0<\/p>\n<p>If you're tempted, don't wait any longer to book! Our\u00a0<strong>\u00c0 l'Image Sainte-Anne restaurant\u00a0<\/strong>welcomes you warmly every day from 12.00 to 14.00, then from 19.00 to 21.30 (closed on Saturday and Sunday evenings out of season).<\/p>\t\t\t\t\t\t\t\t<\/div>\n\t\t\t\t<\/div>\n\t\t\t\t\t<\/div>\n\t\t\t\t<\/div>\n\t\t\t\t<\/div>","protected":false},"excerpt":{"rendered":"<p>Vivez une exp\u00e9rience innovante dans votre h\u00f4tel Kyriad au centre de Vannes \u00a0 Pour un s\u00e9jour r\u00e9ussi dans notre\u00a0h\u00f4tel \u00e0 Vannes centre-ville, dormez comme un b\u00e9b\u00e9 gr\u00e2ce \u00e0 nos oreillers \u00e0 m\u00e9moire de forme !\u00a0 \u00a0 Avec sa mousse \u00e0 m\u00e9moire de forme, cet oreiller vous apporte tout le confort dont vous pouvez r\u00eaver\u00a0pour votre [&hellip;]<\/p>\n","protected":false},"author":7,"featured_media":8962,"comment_status":"closed","ping_status":"open","sticky":false,"template":"","format":"standard","meta":{"_acf_changed":false,"inline_featured_image":false,"footnotes":""},"categories":[16],"tags":[],"class_list":["post-9056","post","type-post","status-publish","format-standard","has-post-thumbnail","hentry","category-actualites"],"acf":[],"_links":{"self":[{"href":"https:\/\/www.kyriad-vannes.fr\/en\/wp-json\/wp\/v2\/posts\/9056","targetHints":{"allow":["GET"]}}],"collection":[{"href":"https:\/\/www.kyriad-vannes.fr\/en\/wp-json\/wp\/v2\/posts"}],"about":[{"href":"https:\/\/www.kyriad-vannes.fr\/en\/wp-json\/wp\/v2\/types\/post"}],"author":[{"embeddable":true,"href":"https:\/\/www.kyriad-vannes.fr\/en\/wp-json\/wp\/v2\/users\/7"}],"replies":[{"embeddable":true,"href":"https:\/\/www.kyriad-vannes.fr\/en\/wp-json\/wp\/v2\/comments?post=9056"}],"version-history":[{"count":7,"href":"https:\/\/www.kyriad-vannes.fr\/en\/wp-json\/wp\/v2\/posts\/9056\/revisions"}],"predecessor-version":[{"id":11020,"href":"https:\/\/www.kyriad-vannes.fr\/en\/wp-json\/wp\/v2\/posts\/9056\/revisions\/11020"}],"wp:featuredmedia":[{"embeddable":true,"href":"https:\/\/www.kyriad-vannes.fr\/en\/wp-json\/wp\/v2\/media\/8962"}],"wp:attachment":[{"href":"https:\/\/www.kyriad-vannes.fr\/en\/wp-json\/wp\/v2\/media?parent=9056"}],"wp:term":[{"taxonomy":"category","embeddable":true,"href":"https:\/\/www.kyriad-vannes.fr\/en\/wp-json\/wp\/v2\/categories?post=9056"},{"taxonomy":"post_tag","embeddable":true,"href":"https:\/\/www.kyriad-vannes.fr\/en\/wp-json\/wp\/v2\/tags?post=9056"}],"curies":[{"name":"wp","href":"https:\/\/api.w.org\/{rel}","templated":true}]}}