{"id":9110,"date":"2025-06-01T17:06:21","date_gmt":"2025-06-01T15:06:21","guid":{"rendered":"https:\/\/www.kyriad-vannes.fr\/?p=9110"},"modified":"2025-06-19T10:36:31","modified_gmt":"2025-06-19T08:36:31","slug":"lorient-interceltic-festival-3-star-hotel-kyriad","status":"publish","type":"post","link":"https:\/\/www.kyriad-vannes.fr\/en\/actualites\/festival-interceltique-de-lorient-hotel-kyriad-3-etoiles\/","title":{"rendered":"LORIENT INTERCELTIC FESTIVAL- Kyriad 3-star hotel"},"content":{"rendered":"<div data-elementor-type=\"wp-post\" data-elementor-id=\"9110\" class=\"elementor elementor-9110\" data-elementor-post-type=\"post\">\n\t\t\t\t<div class=\"elementor-element elementor-element-70b4b18c e-flex e-con-boxed e-con e-parent\" data-id=\"70b4b18c\" data-element_type=\"container\" data-e-type=\"container\">\n\t\t\t\t\t<div class=\"e-con-inner\">\n\t\t\t\t<div class=\"elementor-element elementor-element-1b0aa6c0 elementor-widget elementor-widget-text-editor\" data-id=\"1b0aa6c0\" data-element_type=\"widget\" data-e-type=\"widget\" data-widget_type=\"text-editor.default\">\n\t\t\t\t<div class=\"elementor-widget-container\">\n\t\t\t\t\t\t\t\t\t<h2>Asturias in the spotlight at the 54th Lorient Interceltic Festival for 10 days<\/h2><p>Le\u00a0<strong>Lorient Interceltic Festival\u00a0<\/strong>offers you 10 days and 10 nights of shows and events from 1 to 10 August 2025, not to be missed during your stay at the<strong><a title=\"3-star hotel Vannes\" href=\"https:\/\/www.kyriad-vannes.fr\/en\/\">hotel Kyriad Vannes centre-ville<\/a><\/strong>\u00a0in Vannes.<\/p><p>Escape to Lorient and meet the regulars at the Interceltic Festival: the Interceltic Nights, the grand parade, the pavilion of honour...<\/p>\t\t\t\t\t\t\t\t<\/div>\n\t\t\t\t<\/div>\n\t\t\t\t<div class=\"elementor-element elementor-element-3dd605f elementor-widget elementor-widget-image\" data-id=\"3dd605f\" data-element_type=\"widget\" data-e-type=\"widget\" data-widget_type=\"image.default\">\n\t\t\t\t<div class=\"elementor-widget-container\">\n\t\t\t\t\t\t\t\t\t\t\t\t\t\t\t<img fetchpriority=\"high\" decoding=\"async\" width=\"1050\" height=\"500\" src=\"https:\/\/www.kyriad-vannes.fr\/wp-content\/uploads\/2025\/03\/Vignette-Site-2025-nouveau-format.png\" class=\"attachment-full size-full wp-image-11313\" alt=\"\" srcset=\"https:\/\/www.kyriad-vannes.fr\/wp-content\/uploads\/2025\/03\/Vignette-Site-2025-nouveau-format.png 1050w, https:\/\/www.kyriad-vannes.fr\/wp-content\/uploads\/2025\/03\/Vignette-Site-2025-nouveau-format-300x143.png 300w, https:\/\/www.kyriad-vannes.fr\/wp-content\/uploads\/2025\/03\/Vignette-Site-2025-nouveau-format-1024x488.png 1024w, https:\/\/www.kyriad-vannes.fr\/wp-content\/uploads\/2025\/03\/Vignette-Site-2025-nouveau-format-768x366.png 768w, https:\/\/www.kyriad-vannes.fr\/wp-content\/uploads\/2025\/03\/Vignette-Site-2025-nouveau-format-18x9.png 18w\" sizes=\"(max-width: 1050px) 100vw, 1050px\" title=\"\">\t\t\t\t\t\t\t\t\t\t\t\t\t\t\t<\/div>\n\t\t\t\t<\/div>\n\t\t\t\t<div class=\"elementor-element elementor-element-d0c6a0a elementor-widget elementor-widget-text-editor\" data-id=\"d0c6a0a\" data-element_type=\"widget\" data-e-type=\"widget\" data-widget_type=\"text-editor.default\">\n\t\t\t\t<div class=\"elementor-widget-container\">\n\t\t\t\t\t\t\t\t\t<h2 class=\"content_cms\">What is the Lorient Interceltic Festival?<\/h2><ul><li>10 days of shows and events in early August<\/li><li>4500 musicians, singers, dancers, visual artists, academics and film-makers from Scotland, Ireland, Wales, Cornwall, the Isle of Man, Galicia, Asturias, Brittany, the USA, Canada, Australia, etc...<\/li><li>A huge parade attracting over 60,000 spectators on the first Sunday<\/li><li>Some 80,000 paying spectators<\/li><li>750,000 visitors and spectators<\/li><li>120 live shows, 60 of which % are free.<\/li><li>Honouring a Celtic nation every year with a wide range of activities: a Breton weekend (bagado\u00f9 championship, big parade broadcast on television, triumph of the ringers, Brittany dances), etc.<\/li><li>Free fest noziou, music workshops, lectures, concerts every day on the town's stages and in its bars, free master classes in Celtic instruments, daily parades, bagpipe, gaita, accordion, Celtic harp, drum and pipe band competitions, an arts and luthiers' garden, a Paroles et solidaire (Words and solidarity) area, etc.<\/li><li>Sport and exhibitions...<\/li><\/ul><p>\u00a0<\/p><h2 class=\"content_cms\">Shows and events not to be missed at the Lorient Interceltic Festival in 2025<\/h2><p>At Quai de la Bretagne, the concerts are one after the other at\u00a0<strong>Lorient Interceltic Festival<\/strong>\u00a0:<\/p><p>Friday 1 August 2025:<\/p><p>Breizh Amerika Collective; Brieg Guerveno - Plantec - DJ Miss Blue; Colloque Les Diasporas, une chance pour les pays celtiques; Cotriade, Breton dinner-concert; Fest-Noz; Soir\u00e9e des Cousins d'Am\u00e9rique; Tulua - Taff Rapids<\/p><p>\u00a0<\/p><p>Saturday 2 August :<\/p><p>38th MacCrimmon Trophy for Ga\u00efta soloists; Bagad de Lann-Bihou\u00e9, \" Odyss\u00e9e \"; Fest-Noz; Grand spectacle des Bagado\u00f9 1re cat\u00e9gorie, Troph\u00e9e FIL Polig Monjarret; Horizons Celtiques; Krenadenn - Laureate Concours Interlyc\u00e9es 2025 - KAOLILA, \" Pilho\u00f9 \"; Marisa Valle Roso - Dominique Dupuis - Breizh Amerika Collective; Master Class : GA\u00cfTA; Celtic Music and Dance; Irish Song Evening; Galicia Dinner Concert; The Friel Sisters - Taff Rapids - DJ Miss Blue; Tulua - War-Sav - Carr\u00e9 Manchot\u00a0<\/p><p>\u00a0<\/p><p>Sunday 3 August 2025:<\/p><p>43rd MacCrimmon Highland Bagpipe Trophy; Alan Stivell, \"Libert\u00e9\"; Alana - 'Ndiaz - DJ Miss Blue; Brittany dances and costumes; Fest-Noz; Grand spectacle des Bagado\u00f9 2e cat\u00e9gorie, Troph\u00e9e Hubert Raud; Grande Parade des Nations Celtes; Guieldu; Horizons Celtiques; Soir\u00e9e Irlande, d\u00eener-concert; Tarran - Eben - Ampouailh; Triomphe des sonneurs et des danseurs.<\/p><p>\u00a0<\/p><p>Monday 4 August 2025:<\/p><p>19th FIL Young Ringers' Trophy; 27th Pibroc'h International Competition; Alana - Arvest - Talec \/ Noguet Quartet; Amarre &amp; Basse; Fest-Noz; Kelt Duo - Sova! - Kavaz; Luz Casal; Celtic Music and Dance; Asturias Evening, dinner-concert; Celtic Legends Evening; Tarran; Lo\u00efc Raison Celtic Music Trophy<\/p><p>\u00a0<\/p><p>Tuesday 5 August 2025:<\/p><p>Alienda - Huartan - \u00c7heumooie; Amarre &amp; Basse; Amarre &amp; Basse ; Eva Tejedor &amp; Les Pandereteres - Planch\u00e9e - Safar ; Fest-Noz ; Grande Nuit Irlando-am\u00e9ricaine; Horizons Celtiques; Litha - Inorzen- Nolwenn Korbell; Mari Mathias Band; Master Class : TIN WHISTLE; Music and Dance from Celtic Lands; Scottish Evening, dinner concert; On the Roads of Scotland; Lo\u00efc Raison Celtic Music Trophy; Celtic Voices: Zo\u00eb Conway and John McIntyre - TRIP<\/p><p>\u00a0<\/p><p>Wednesday 6 August 2025:<\/p><p>Amarre &amp; Basse ; Brise-Glace - Alienda ; Concours Kitchen Music Lancelot ; Fall Foen - Fagon \/ Hellard - La Belle \u00c9quipe ; Fest-Noz; Horizons Celtiques ; Le Vent du Nord Symphonique; Red Cardell - Talisk - \u00c7heumooie ; Smooinaght Mie - ZO\u00d1J - Ital Express; Soir\u00e9e Pays de Galles, d\u00eener-concert; Sur les routes des Celtes du Sud ; Troph\u00e9e de musique celtique Lo\u00efc Raison ; Voix celtes : Annie Baylis band - VR\u00ef<\/p><p>\u00a0<\/p><div class=\"et_pb_module et_pb_code et_pb_code_0\"><div class=\"et_pb_code_inner\"><div class=\"fgl-126p8ju\"><div class=\"fgl-1kcy6ek\"><div class=\"fgl-11y066q\"><div class=\"fgl-17en9kt\"><div class=\"fgl-11icaob\">Thursday 7 August 2025:<\/div><\/div><div class=\"fgl-1nooipg\">Celtic Odyss\u00e9e #4 ; Fest-Noz l; Gloaguen \/ Le H\u00e9naff - La M\u00e9zanj - Brise-Glace ; Horizons Celtiques ; Lynda Lemay ;\u00a0<\/div><\/div><div class=\"fgl-11y066q\"><div class=\"fgl-1nooipg\">Mari Mathias Band - Segal - Sonerien Du ; Master Class: KANOMP BREIZH ; Celtic Music and Dance; Scottish Fish - Cala - \u00c7heumooie ; Isle of Man evening, dinner concert; Treorchy Male Choir - Kanomp Breizh - Paul McKenna - Du Glas - Katia Rock ; Lo\u00efc Raison Celtic Music Trophy<\/div><\/div><div>\u00a0<\/div><\/div><\/div><\/div><\/div><div class=\"et_pb_module et_pb_code et_pb_code_1\"><div class=\"et_pb_code_inner\"><div class=\"fgl-126p8ju\"><div class=\"fgl-11icaob\">Friday 8 August 2025:<\/div><div class=\"fgl-1nooipg\"><div class=\"fgl-11y066q\"><div class=\"fgl-1nooipg\">18th Castagnari \/ Loric Accordion Competition; Cotriade, Breton dinner concert; Dalla Duo - Eris - Storvan;\u00a0<\/div><\/div><div class=\"fgl-11y066q\"><div class=\"fgl-1nooipg\">Du Glas - Startijenn - Krismenn &amp; Shamoniks; Fest-Noz; Grande Nuit de l'Ecosse; Master Class: FIDDLE;\u00a0<\/div><\/div><div class=\"fgl-11y066q\"><div class=\"fgl-1nooipg\">Musiques et Danses des Pays Celtes; Smooinaght Mie - Scottish Fish - Claymore; Soir\u00e9e Bouge ton Celte !; Strak - Descofar - Jean-Charles Guichen; Lo\u00efc Raison Celtic Music Trophy<\/div><div>\u00a0<\/div><\/div><div>Saturday 9 August 2025:<\/div><div><div class=\"fgl-11y066q\"><div class=\"fgl-1nooipg\">16th Troph\u00e9e Camac de Harpe Celtique; Amzer ar vugale - la parade des enfants; Aziliz Manrow - Astro Bloc - Krismenn &amp; Shamoniks; Bl\u00e1th - Cuas; Claymore - MAD\u00c8N - Hamon Martin Quintet; Fest-Noz, Sp\u00e9cial Jeunes; Winner Kan Ar Bobl 2025 - Neizh - Iskis; Cornouailles evening, dinner-concert; ElectroFIL evening; On the roads of the islands; Friendly Gaelic football tournament, Lorient GAC; Lo\u00efc Raison Celtic music trophy.<\/div><div>\u00a0<\/div><\/div><div>Sunday 10 August 2025:<\/div><div class=\"fgl-11y066q\"><div class=\"fgl-11y066q\"><div class=\"fgl-1nooipg\">32nd Troph\u00e9e Matilin an Dall, Pair ringing competition; Celtic Brunch; Kenavo An Distro; Lorient Chante - Dalla Dua - The Chair - Astro Bloc; Interceltic Mass in Breton; Music and Dance of the Lorient region<\/div><\/div><\/div><\/div><\/div><\/div><\/div><\/div><p>\u00a0<\/p><p>\u00a0<\/p><p>\u00a0<\/p><p>To find out more about the programme, visit the\u00a0<strong><a title=\"Interceltic Festival 2022\" href=\"https:\/\/www.festival-interceltique.bzh\/\" rel=\"nofollow noopener\" target=\"_blank\">Interceltic Festival 2022<\/a><\/strong>.<\/p><p>For reservations at the<strong><a href=\"https:\/\/www.kyriad-vannes.fr\/en\/hotel-vannes.html\/\">hotel Kyriad Vannes centre-ville<\/a><\/strong>\u00a0in Vannes, contact us by telephone on 02 97 63 27 36 or by email at\u00a0<a href=\"mailto:info@kyriad-vannescentre.com%20\">info@kyriad-vannescentre.com\u00a0<\/a><\/p>\t\t\t\t\t\t\t\t<\/div>\n\t\t\t\t<\/div>\n\t\t\t\t\t<\/div>\n\t\t\t\t<\/div>\n\t\t\t\t<\/div>","protected":false},"excerpt":{"rendered":"<p>Les Asturies sont \u00e0 l&rsquo;honneur pour la 54 \u00e8me \u00e9dition du Festival Interceltique de Lorient pendant 10 jours Le\u00a0Festival Interceltique de Lorient\u00a0vous offre 10 jours et 10 nuits de spectacles et d&rsquo;\u00e9v\u00e9nements du 1er au 10 ao\u00fbt 2025, \u00e0 ne pas manquer lors de votre s\u00e9jour \u00e0 l&rsquo;h\u00f4tel Kyriad Vannes centre-ville\u00a0\u00e0\u00a0Vannes. Evadez-vous \u00e0 Lorient et [&hellip;]<\/p>\n","protected":false},"author":7,"featured_media":8947,"comment_status":"closed","ping_status":"open","sticky":false,"template":"","format":"standard","meta":{"_acf_changed":false,"inline_featured_image":false,"footnotes":""},"categories":[16],"tags":[],"class_list":["post-9110","post","type-post","status-publish","format-standard","has-post-thumbnail","hentry","category-actualites"],"acf":[],"_links":{"self":[{"href":"https:\/\/www.kyriad-vannes.fr\/en\/wp-json\/wp\/v2\/posts\/9110","targetHints":{"allow":["GET"]}}],"collection":[{"href":"https:\/\/www.kyriad-vannes.fr\/en\/wp-json\/wp\/v2\/posts"}],"about":[{"href":"https:\/\/www.kyriad-vannes.fr\/en\/wp-json\/wp\/v2\/types\/post"}],"author":[{"embeddable":true,"href":"https:\/\/www.kyriad-vannes.fr\/en\/wp-json\/wp\/v2\/users\/7"}],"replies":[{"embeddable":true,"href":"https:\/\/www.kyriad-vannes.fr\/en\/wp-json\/wp\/v2\/comments?post=9110"}],"version-history":[{"count":7,"href":"https:\/\/www.kyriad-vannes.fr\/en\/wp-json\/wp\/v2\/posts\/9110\/revisions"}],"predecessor-version":[{"id":11316,"href":"https:\/\/www.kyriad-vannes.fr\/en\/wp-json\/wp\/v2\/posts\/9110\/revisions\/11316"}],"wp:featuredmedia":[{"embeddable":true,"href":"https:\/\/www.kyriad-vannes.fr\/en\/wp-json\/wp\/v2\/media\/8947"}],"wp:attachment":[{"href":"https:\/\/www.kyriad-vannes.fr\/en\/wp-json\/wp\/v2\/media?parent=9110"}],"wp:term":[{"taxonomy":"category","embeddable":true,"href":"https:\/\/www.kyriad-vannes.fr\/en\/wp-json\/wp\/v2\/categories?post=9110"},{"taxonomy":"post_tag","embeddable":true,"href":"https:\/\/www.kyriad-vannes.fr\/en\/wp-json\/wp\/v2\/tags?post=9110"}],"curies":[{"name":"wp","href":"https:\/\/api.w.org\/{rel}","templated":true}]}}