{"id":9138,"date":"2024-09-27T09:17:18","date_gmt":"2024-09-27T07:17:18","guid":{"rendered":"https:\/\/www.kyriad-vannes.fr\/?p=9138"},"modified":"2024-09-27T09:19:11","modified_gmt":"2024-09-27T07:19:11","slug":"dedale-vannes-ephemeral-creative-space-in-brittany","status":"publish","type":"post","link":"https:\/\/www.kyriad-vannes.fr\/en\/actualites\/dedale-vannes-lieu-de-creation-ephemere-en-bretagne\/","title":{"rendered":"D\u00c9DALE VANNES: A TEMPORARY CREATIVE SPACE IN BRITTANY"},"content":{"rendered":"<div data-elementor-type=\"wp-post\" data-elementor-id=\"9138\" class=\"elementor elementor-9138\" data-elementor-post-type=\"post\">\n\t\t\t\t<div class=\"elementor-element elementor-element-70b4b18c e-flex e-con-boxed e-con e-parent\" data-id=\"70b4b18c\" data-element_type=\"container\" data-e-type=\"container\">\n\t\t\t\t\t<div class=\"e-con-inner\">\n\t\t\t\t<div class=\"elementor-element elementor-element-d0c6a0a elementor-widget elementor-widget-text-editor\" data-id=\"d0c6a0a\" data-element_type=\"widget\" data-e-type=\"widget\" data-widget_type=\"text-editor.default\">\n\t\t\t\t<div class=\"elementor-widget-container\">\n\t\t\t\t\t\t\t\t\t<h2 class=\"content_cms\">Artistic performances, events, galleries and exhibitions at Le D\u00e9dale in Vannes, a must-see urban art venue.<\/h2><p>Le\u00a0<strong>DEDALE in Vannes<\/strong>a temporary cultural venue run by the l'Association l'<a title=\"D\u00e9dale Vannes\" href=\"https:\/\/dedale.lartprendlarue.org\/\" rel=\"nofollow noopener\" target=\"_blank\">Art Prend la Rue<\/a>\u00a0extends over 4500m2 and is invested from floor to ceiling by local, French and even international artists in the heart of Vannes city centre.<\/p>\t\t\t\t\t\t\t\t<\/div>\n\t\t\t\t<\/div>\n\t\t\t\t<div class=\"elementor-element elementor-element-c0a0a20 elementor-widget elementor-widget-image\" data-id=\"c0a0a20\" data-element_type=\"widget\" data-e-type=\"widget\" data-widget_type=\"image.default\">\n\t\t\t\t<div class=\"elementor-widget-container\">\n\t\t\t\t\t\t\t\t\t\t\t\t\t\t\t<img fetchpriority=\"high\" decoding=\"async\" width=\"1600\" height=\"900\" src=\"https:\/\/www.kyriad-vannes.fr\/wp-content\/uploads\/2024\/09\/Dedale_vannes.jpg\" class=\"attachment-full size-full wp-image-9140\" alt=\"\" srcset=\"https:\/\/www.kyriad-vannes.fr\/wp-content\/uploads\/2024\/09\/Dedale_vannes.jpg 1600w, https:\/\/www.kyriad-vannes.fr\/wp-content\/uploads\/2024\/09\/Dedale_vannes-300x169.jpg 300w, https:\/\/www.kyriad-vannes.fr\/wp-content\/uploads\/2024\/09\/Dedale_vannes-1024x576.jpg 1024w, https:\/\/www.kyriad-vannes.fr\/wp-content\/uploads\/2024\/09\/Dedale_vannes-768x432.jpg 768w, https:\/\/www.kyriad-vannes.fr\/wp-content\/uploads\/2024\/09\/Dedale_vannes-1536x864.jpg 1536w, https:\/\/www.kyriad-vannes.fr\/wp-content\/uploads\/2024\/09\/Dedale_vannes-18x10.jpg 18w\" sizes=\"(max-width: 1600px) 100vw, 1600px\" title=\"\">\t\t\t\t\t\t\t\t\t\t\t\t\t\t\t<\/div>\n\t\t\t\t<\/div>\n\t\t\t\t<div class=\"elementor-element elementor-element-d67b4de elementor-widget elementor-widget-text-editor\" data-id=\"d67b4de\" data-element_type=\"widget\" data-e-type=\"widget\" data-widget_type=\"text-editor.default\">\n\t\t\t\t<div class=\"elementor-widget-container\">\n\t\t\t\t\t\t\t\t\t<h2 class=\"content_cms\">What is DEDALE Vannes?<\/h2><div class=\"content_cms\">This artistic venue that celebrates street art opened in September 2018, but its existence is well and truly ephemeral, so make the most of it!<br \/>Set up opposite the port in a former DDE administrative centre, D\u00e9dale invites you to immerse yourself in a labyrinth of airtight rooms, repainted from floor to ceiling, where you move seamlessly from one universe to another, at the risk of getting lost.<br \/>This landmark is both an exhibition space and a trendy caf\u00e9 where enthusiasts can try their hand at creative work. The people of Vannes have fully embraced this urban wasteland, a symbol of renewal, as has the\u00a0<strong>D\u00e9dale Caf\u00e9 Vannes<\/strong>This popular bar has become the place to be all day long. With its terrace overlooking the harbour and its salvaged furniture, this popular bar has become the town's must-visit spot.<br \/><h2 class=\"content_cms\">The DEDALE in Vannes, dedicated to art and creation, is also a place to live.<\/h2><p><strong>DEDALE Vannes<\/strong>\u00a0is an ephemeral space dedicated to art and creation, but also a cultural and living space where meetings, exchanges and sharing are offered throughout the year.<\/p><p>Although primarily designed for \"urban art\", D\u00c9DALE's artistic guidelines are not exclusive to this form of artistic expression. It is defined by 3 criteria: All the works are produced<strong>\u00a0<\/strong>in-situ (no hanging of works made in the studio). The work must offer an immersive experience: visitors will lose themselves in D\u00c9DALE. The work must be inspired by the \"genius of the place\": D\u00c9DALE shows contextual art that feeds on the spirit of the building, its history, its new artistic life and\/or its future disappearance.<\/p><p>The aim is to offer the public an immersive, enveloping experience, entirely focused on sensations and emotions.<\/p><p>D\u00c9DALE also initiates partnerships with cultural associations in the Vannes area and the Golfe du Morbihan to create events throughout the cultural season. For the Vannes region, D\u00c9DALE aims to be a place of connection with the cultural and associative milieu.<\/p><p>D\u00c9DALE is a laboratory for experimentation and experimentation, serving innovation, invention and creation. It remains a place on the move, just like the art it promotes.<br \/><br \/>While you're in Vannes, make the most of your stay at the Kyriad Vannes centre-ville hotel.\u00a0<strong><a title=\"Visit Morbihan\" href=\"https:\/\/www.kyriad-vannes.fr\/en\/activites-vannes.html\/\">visit Morbihan<\/a><\/strong>.<br \/><br \/><\/p><\/div><p>For further information or to make a reservation at the<a title=\"Hotel near Le D\u00e9dale Vannes\" href=\"https:\/\/www.kyriad-vannes.fr\/en\/\">hotel Kyriad Vannes centre-ville<\/a>If you have any questions, please do not hesitate to contact us by telephone on 02.97.63.27.36 or by email at the following address\u00a0<a href=\"mailto:info@bestwestern-vannescentre.com\">info@kyriad-vannescentre.com<\/a><\/p>\t\t\t\t\t\t\t\t<\/div>\n\t\t\t\t<\/div>\n\t\t\t\t\t<\/div>\n\t\t\t\t<\/div>\n\t\t\t\t<\/div>","protected":false},"excerpt":{"rendered":"<p>Performances artistiques, \u00e9v\u00e9nements, galerie, expositions au D\u00e9dale \u00e0 Vannes, lieu culturel d&rsquo;art urbain \u00e0 visiter absolument Le\u00a0DEDALE \u00e0 Vannes, lieu associatif culturel \u00e9ph\u00e9m\u00e8re propuls\u00e9 par l\u2019Association\u00a0l\u2019Art Prend la Rue\u00a0s&rsquo;\u00e9tend sur 4500m2\u00a0et est investis du sol au plafond par des artistes locaux, Fran\u00e7ais et m\u00eame internationaux en plein centre-ville\u00a0de Vannes. Qu&rsquo;est-ce que DEDALE Vannes ? Ce [&hellip;]<\/p>\n","protected":false},"author":2,"featured_media":8945,"comment_status":"closed","ping_status":"open","sticky":false,"template":"","format":"standard","meta":{"_acf_changed":false,"inline_featured_image":false,"footnotes":""},"categories":[16],"tags":[],"class_list":["post-9138","post","type-post","status-publish","format-standard","has-post-thumbnail","hentry","category-actualites"],"acf":[],"_links":{"self":[{"href":"https:\/\/www.kyriad-vannes.fr\/en\/wp-json\/wp\/v2\/posts\/9138","targetHints":{"allow":["GET"]}}],"collection":[{"href":"https:\/\/www.kyriad-vannes.fr\/en\/wp-json\/wp\/v2\/posts"}],"about":[{"href":"https:\/\/www.kyriad-vannes.fr\/en\/wp-json\/wp\/v2\/types\/post"}],"author":[{"embeddable":true,"href":"https:\/\/www.kyriad-vannes.fr\/en\/wp-json\/wp\/v2\/users\/2"}],"replies":[{"embeddable":true,"href":"https:\/\/www.kyriad-vannes.fr\/en\/wp-json\/wp\/v2\/comments?post=9138"}],"version-history":[{"count":4,"href":"https:\/\/www.kyriad-vannes.fr\/en\/wp-json\/wp\/v2\/posts\/9138\/revisions"}],"predecessor-version":[{"id":9143,"href":"https:\/\/www.kyriad-vannes.fr\/en\/wp-json\/wp\/v2\/posts\/9138\/revisions\/9143"}],"wp:featuredmedia":[{"embeddable":true,"href":"https:\/\/www.kyriad-vannes.fr\/en\/wp-json\/wp\/v2\/media\/8945"}],"wp:attachment":[{"href":"https:\/\/www.kyriad-vannes.fr\/en\/wp-json\/wp\/v2\/media?parent=9138"}],"wp:term":[{"taxonomy":"category","embeddable":true,"href":"https:\/\/www.kyriad-vannes.fr\/en\/wp-json\/wp\/v2\/categories?post=9138"},{"taxonomy":"post_tag","embeddable":true,"href":"https:\/\/www.kyriad-vannes.fr\/en\/wp-json\/wp\/v2\/tags?post=9138"}],"curies":[{"name":"wp","href":"https:\/\/api.w.org\/{rel}","templated":true}]}}