{"id":9189,"date":"2024-09-27T10:04:03","date_gmt":"2024-09-27T08:04:03","guid":{"rendered":"https:\/\/www.kyriad-vannes.fr\/?p=9189"},"modified":"2024-09-27T10:56:06","modified_gmt":"2024-09-27T08:56:06","slug":"vannes-cite-dart-et-dhistoire","status":"publish","type":"post","link":"https:\/\/www.kyriad-vannes.fr\/en\/actualites\/vannes-cite-dart-et-dhistoire\/","title":{"rendered":"Vannes: a city of art and history"},"content":{"rendered":"<div data-elementor-type=\"wp-post\" data-elementor-id=\"9189\" class=\"elementor elementor-9189\" data-elementor-post-type=\"post\">\n\t\t\t\t<div class=\"elementor-element elementor-element-70b4b18c e-flex e-con-boxed e-con e-parent\" data-id=\"70b4b18c\" data-element_type=\"container\" data-e-type=\"container\">\n\t\t\t\t\t<div class=\"e-con-inner\">\n\t\t\t\t<div class=\"elementor-element elementor-element-91b8749 elementor-widget elementor-widget-text-editor\" data-id=\"91b8749\" data-element_type=\"widget\" data-e-type=\"widget\" data-widget_type=\"text-editor.default\">\n\t\t\t\t<div class=\"elementor-widget-container\">\n\t\t\t\t\t\t\t\t\t<h2 class=\"content_cms\">The Mus\u00e9e des Beaux-Arts: La Cohue<\/h2><p>La Cohue, the\u00a0<a title=\"beaux arts vannes\" href=\"https:\/\/www.mairie-vannes.fr\/vannesloisirs\/musees\/musee-des-beaux-arts-la-cohue\/\" target=\"_blank\" rel=\"noopener noreferrer nofollow\"><strong>museum of fine arts<\/strong>\u00a0<\/a><strong><a title=\"beaux arts vannes\" href=\"https:\/\/www.mairie-vannes.fr\/vannesloisirs\/musees\/musee-des-beaux-arts-la-cohue\/\" target=\"_blank\" rel=\"noopener noreferrer nofollow\">of Vannes<\/a>\u00a0<\/strong>has a very contemporary style. If you are\u00a0<strong>art lovers<\/strong>You're going to love this museum, which has been hosting temporary exhibitions for the last thirty years, giving you the chance to admire an ever-increasing variety of works.<\/p><p>On the first floor, you'll find works by Genevi\u00e8ve Asse, an internationally-renowned painter from Brittany. Visit\u00a0<strong>Vannes Museum of Fine Arts<\/strong>\u00a0also has a permanent exhibition area where you can see\u00a0<strong>discover a wide range of artistic creations<\/strong>\u00a0from the late 19th and early 20th centuries. Here you can admire the famous\u00a0<em>Christ on the cross<\/em>a famous painting by Eug\u00e8ne Delacroix.<\/p><p>It's also a chance to see some sublime Breton landscapes painted on canvas - a real moment of escape!<\/p><p>\u00a0<\/p><h2 class=\"content_cms\">The Museum of History and Archaeology: Ch\u00e2teau Gaillard<\/h2><h3 class=\"content_cms\">Ch\u00e2teau Gaillard and its history<\/h3><p>The current\u00a0<a title=\"Vannes Museum of History and Archaeology\" href=\"https:\/\/www.morbihan.com\/vannes\/chateau-gaillard-musee-d-histoire-de-vannes\/tabid\/12562\/offreid\/e8e5fcc8-7e4c-417b-a4c1-cdc0460c607d\" target=\"_blank\" rel=\"noopener noreferrer nofollow\">Vannes Museum of History and Archaeology<\/a><strong>\u00a0<\/strong>is also commonly known as\u00a0<strong>Ch\u00e2teau Gaillard<\/strong>\u00a0because of its history. It is in fact a former hotel built into the ramparts of Vannes, dating from the 15th century, which housed the parliament of Brittany.<\/p>\t\t\t\t\t\t\t\t<\/div>\n\t\t\t\t<\/div>\n\t\t\t\t\t<\/div>\n\t\t\t\t<\/div>\n\t\t<div class=\"elementor-element elementor-element-b9832ff e-flex e-con-boxed e-con e-parent\" data-id=\"b9832ff\" data-element_type=\"container\" data-e-type=\"container\">\n\t\t\t\t\t<div class=\"e-con-inner\">\n\t\t\t\t<div class=\"elementor-element elementor-element-46a71cb elementor-widget elementor-widget-image\" data-id=\"46a71cb\" data-element_type=\"widget\" data-e-type=\"widget\" data-widget_type=\"image.default\">\n\t\t\t\t<div class=\"elementor-widget-container\">\n\t\t\t\t\t\t\t\t\t\t\t\t\t\t\t<img fetchpriority=\"high\" decoding=\"async\" width=\"900\" height=\"1350\" src=\"https:\/\/www.kyriad-vannes.fr\/wp-content\/uploads\/2024\/09\/chateau_gaillard_vannes.jpg\" class=\"attachment-full size-full wp-image-9191\" alt=\"\" srcset=\"https:\/\/www.kyriad-vannes.fr\/wp-content\/uploads\/2024\/09\/chateau_gaillard_vannes.jpg 900w, https:\/\/www.kyriad-vannes.fr\/wp-content\/uploads\/2024\/09\/chateau_gaillard_vannes-200x300.jpg 200w, https:\/\/www.kyriad-vannes.fr\/wp-content\/uploads\/2024\/09\/chateau_gaillard_vannes-683x1024.jpg 683w, https:\/\/www.kyriad-vannes.fr\/wp-content\/uploads\/2024\/09\/chateau_gaillard_vannes-768x1152.jpg 768w, https:\/\/www.kyriad-vannes.fr\/wp-content\/uploads\/2024\/09\/chateau_gaillard_vannes-8x12.jpg 8w\" sizes=\"(max-width: 900px) 100vw, 900px\" title=\"\">\t\t\t\t\t\t\t\t\t\t\t\t\t\t\t<\/div>\n\t\t\t\t<\/div>\n\t\t\t\t<div class=\"elementor-element elementor-element-3e0fac8 elementor-widget elementor-widget-text-editor\" data-id=\"3e0fac8\" data-element_type=\"widget\" data-e-type=\"widget\" data-widget_type=\"text-editor.default\">\n\t\t\t\t<div class=\"elementor-widget-container\">\n\t\t\t\t\t\t\t\t\t<p>Over the centuries there have been a succession of owners, and in the 20th century the Morbihan polymathic society took possession of the manor to exhibit a series of archaeological and historical objects.<\/p><p>The building still retains its old fireplaces, 15th-century beams and old archives.<\/p><p>\u00a0<\/p><h3>The Museum of History and Archaeology in Vannes<\/h3><p>Le\u00a0<strong>Vannes Museum of History and Archaeology<\/strong>based in\u00a0<a title=\"Ch\u00e2teau Gaillard\" href=\"https:\/\/www.mairie-vannes.fr\/chateau-gaillard-en-detail\/\" target=\"_blank\" rel=\"noopener noreferrer nofollow\">Ch\u00e2teau Gaillard<\/a>a listed monument, presents a number of\u00a0<strong>objects from Morbihan's past<\/strong>. Dating from the Palaeolithic period to the Gallo-Roman era, these numerous objects trace the history of the ancient civilisations of the department and the region. The museum reveals the Morbihan's wildest secrets, including the history of the megalithic alignments at Carnac and other Neolithic sites in Brittany...<\/p><p>\u00a0<\/p><h2 class=\"content_cms\">Just a few steps from your Kyriad hotel in Vannes city centre!<\/h2><p>If you're dreaming of a\u00a0<strong>cultural trip to Vannes<\/strong>now is the time to book your\u00a0<strong>stay at the Kyriad hotel in Vannes<\/strong>\u00a0It's just a 10-minute walk from the Museum of Fine Arts and the Museum of History and Archaeology. You can also take advantage of the<strong><a title=\"Special offers stay in Vannes Kyriad vannes centre\" href=\"https:\/\/www.kyriad-vannes.fr\/en\/tarifs-hotel-vannes.html\/\">current offer Kyriad<\/a><\/strong>\u00a0and a great value holiday!<\/p><p>So start with a good breakfast in our<strong>\u00a0<a title=\"restaurant A l&#039;Image Sainte-Anne\" href=\"https:\/\/www.kyriad-vannes.fr\/en\/restaurant-vannes.html\/\">restaurant A l'Image Sainte-Anne<\/a><\/strong>Then it's off to the museum for a day of learning.<\/p>\t\t\t\t\t\t\t\t<\/div>\n\t\t\t\t<\/div>\n\t\t\t\t\t<\/div>\n\t\t\t\t<\/div>\n\t\t\t\t<\/div>","protected":false},"excerpt":{"rendered":"<p>Le Mus\u00e9e des Beaux-Arts : La Cohue La Cohue, le\u00a0mus\u00e9e de beaux-arts\u00a0de Vannes\u00a0arbore un style tr\u00e8s contemporain. Si vous \u00eates\u00a0amateurs d&rsquo;art, vous allez adorer ce mus\u00e9e\u00a0qui abrite des expositions eph\u00e9m\u00e8res depuis une trentaine d\u2019ann\u00e9es et vous permet d\u2019admirer des \u0153uvres toujours plus diverses et vari\u00e9es. Au premier \u00e9tage, vous trouverez\u00a0les \u0153uvres de Genevi\u00e8ve Asse, peintre [&hellip;]<\/p>\n","protected":false},"author":2,"featured_media":8943,"comment_status":"closed","ping_status":"open","sticky":false,"template":"","format":"standard","meta":{"_acf_changed":false,"inline_featured_image":false,"footnotes":""},"categories":[16],"tags":[],"class_list":["post-9189","post","type-post","status-publish","format-standard","has-post-thumbnail","hentry","category-actualites"],"acf":[],"_links":{"self":[{"href":"https:\/\/www.kyriad-vannes.fr\/en\/wp-json\/wp\/v2\/posts\/9189","targetHints":{"allow":["GET"]}}],"collection":[{"href":"https:\/\/www.kyriad-vannes.fr\/en\/wp-json\/wp\/v2\/posts"}],"about":[{"href":"https:\/\/www.kyriad-vannes.fr\/en\/wp-json\/wp\/v2\/types\/post"}],"author":[{"embeddable":true,"href":"https:\/\/www.kyriad-vannes.fr\/en\/wp-json\/wp\/v2\/users\/2"}],"replies":[{"embeddable":true,"href":"https:\/\/www.kyriad-vannes.fr\/en\/wp-json\/wp\/v2\/comments?post=9189"}],"version-history":[{"count":7,"href":"https:\/\/www.kyriad-vannes.fr\/en\/wp-json\/wp\/v2\/posts\/9189\/revisions"}],"predecessor-version":[{"id":9205,"href":"https:\/\/www.kyriad-vannes.fr\/en\/wp-json\/wp\/v2\/posts\/9189\/revisions\/9205"}],"wp:featuredmedia":[{"embeddable":true,"href":"https:\/\/www.kyriad-vannes.fr\/en\/wp-json\/wp\/v2\/media\/8943"}],"wp:attachment":[{"href":"https:\/\/www.kyriad-vannes.fr\/en\/wp-json\/wp\/v2\/media?parent=9189"}],"wp:term":[{"taxonomy":"category","embeddable":true,"href":"https:\/\/www.kyriad-vannes.fr\/en\/wp-json\/wp\/v2\/categories?post=9189"},{"taxonomy":"post_tag","embeddable":true,"href":"https:\/\/www.kyriad-vannes.fr\/en\/wp-json\/wp\/v2\/tags?post=9189"}],"curies":[{"name":"wp","href":"https:\/\/api.w.org\/{rel}","templated":true}]}}