{"id":9254,"date":"2025-06-15T14:43:52","date_gmt":"2025-06-15T12:43:52","guid":{"rendered":"https:\/\/www.kyriad-vannes.fr\/?p=9254"},"modified":"2026-01-09T14:19:10","modified_gmt":"2026-01-09T13:19:10","slug":"group-meals-room-hire-for-your-private-events","status":"publish","type":"post","link":"https:\/\/www.kyriad-vannes.fr\/en\/actualites\/repas-de-groupe-location-de-salle-pour-vos-evenements-prives\/","title":{"rendered":"Group meals: room hire for your private events"},"content":{"rendered":"<div data-elementor-type=\"wp-post\" data-elementor-id=\"9254\" class=\"elementor elementor-9254\" data-elementor-post-type=\"post\">\n\t\t\t\t<div class=\"elementor-element elementor-element-70b4b18c e-flex e-con-boxed e-con e-parent\" data-id=\"70b4b18c\" data-element_type=\"container\" data-e-type=\"container\">\n\t\t\t\t\t<div class=\"e-con-inner\">\n\t\t\t\t<div class=\"elementor-element elementor-element-91b8749 elementor-widget elementor-widget-text-editor\" data-id=\"91b8749\" data-element_type=\"widget\" data-e-type=\"widget\" data-widget_type=\"text-editor.default\">\n\t\t\t\t<div class=\"elementor-widget-container\">\n\t\t\t\t\t\t\t\t\t<p><strong>Would you like to organise a group meal in Vannes? The Kyriad Vannes Centre-Ville hotel and its restaurant\u00a0<a title=\"restaurant vannes\" href=\"https:\/\/www.kyriad-vannes.fr\/en\/restaurant-vannes.html\/\">\u00c0 l'Image Sainte-Anne<\/a>\u00a0are here for you!<\/strong><\/p><p>\u00a0<\/p><h2 class=\"content_cms\">Organisation of private events<\/h2><p>To organise your\u00a0<strong>private functions<\/strong>Our hotel's restaurant has a room specially adapted to welcome your guests for an unforgettable event.\u00a0<strong>group lunch or dinner<\/strong>.<\/p><p>There's no shortage of opportunities to organise a party or an evening out.<strong>\u00a0group meal<\/strong>. Whether it's a family event, birthday party, wedding, communion, christening or farewell party, our team will welcome you with open arms and adapt to every occasion!<\/p><p><strong><br \/>For a warm, friendly atmosphere, choose the\u00a0<a title=\"hotel vannes centre-ville\" href=\"https:\/\/www.kyriad-vannes.fr\/en\/hotel-vannes.html\/\">Kyriad Vannes Centre-Ville<\/a>.<\/strong><\/p><p>\u00a0<\/p>\t\t\t\t\t\t\t\t<\/div>\n\t\t\t\t<\/div>\n\t\t\t\t\t<\/div>\n\t\t\t\t<\/div>\n\t\t<div class=\"elementor-element elementor-element-e147c34 e-flex e-con-boxed e-con e-parent\" data-id=\"e147c34\" data-element_type=\"container\" data-e-type=\"container\">\n\t\t\t\t\t<div class=\"e-con-inner\">\n\t\t\t\t<div class=\"elementor-element elementor-element-7be024f elementor-widget elementor-widget-image\" data-id=\"7be024f\" data-element_type=\"widget\" data-e-type=\"widget\" data-widget_type=\"image.default\">\n\t\t\t\t<div class=\"elementor-widget-container\">\n\t\t\t\t\t\t\t\t\t\t\t\t\t\t\t<img fetchpriority=\"high\" decoding=\"async\" width=\"900\" height=\"600\" src=\"https:\/\/www.kyriad-vannes.fr\/wp-content\/uploads\/2024\/09\/Table_restaurant_A_Image_Sainte_Anne_Vannes.jpg\" class=\"attachment-full size-full wp-image-9256\" alt=\"\" srcset=\"https:\/\/www.kyriad-vannes.fr\/wp-content\/uploads\/2024\/09\/Table_restaurant_A_Image_Sainte_Anne_Vannes.jpg 900w, https:\/\/www.kyriad-vannes.fr\/wp-content\/uploads\/2024\/09\/Table_restaurant_A_Image_Sainte_Anne_Vannes-300x200.jpg 300w, https:\/\/www.kyriad-vannes.fr\/wp-content\/uploads\/2024\/09\/Table_restaurant_A_Image_Sainte_Anne_Vannes-768x512.jpg 768w, https:\/\/www.kyriad-vannes.fr\/wp-content\/uploads\/2024\/09\/Table_restaurant_A_Image_Sainte_Anne_Vannes-18x12.jpg 18w\" sizes=\"(max-width: 900px) 100vw, 900px\" title=\"\">\t\t\t\t\t\t\t\t\t\t\t\t\t\t\t<\/div>\n\t\t\t\t<\/div>\n\t\t\t\t<div class=\"elementor-element elementor-element-555bff8 elementor-widget elementor-widget-text-editor\" data-id=\"555bff8\" data-element_type=\"widget\" data-e-type=\"widget\" data-widget_type=\"text-editor.default\">\n\t\t\t\t<div class=\"elementor-widget-container\">\n\t\t\t\t\t\t\t\t\t<h2 class=\"content_cms\">Celebrate your events in style!<\/h2><p>Your private events deserve to be celebrated to the full. And there's nothing better than a bistronomic meal in an elegant setting.\u00a0<strong>pleasant, friendly surroundings<\/strong>.<\/p><p>Birthdays, christenings, communions, weddings, farewells, etc. - every occasion has its own opportunity to celebrate.<\/p><p>You would like to organise a\u00a0<strong>private evening<\/strong>What about a special event? That's also possible! A<strong>\u00a0restaurant privatisation<\/strong>\u00a0to organise a meal in Vannes, perfect for your festivities!<\/p><p><strong><br \/>Book and hire a restaurant in Vannes for your private events - you won't be disappointed! The opportunity to celebrate your private events in an original way.<\/strong><\/p><p>\u00a0<\/p><h3 class=\"content_cms\"><strong>Restaurant certified Ma\u00eetre Restaurateur<\/strong><\/h3><p>Our\u00a0<strong>\u00c0 L'Image Sainte-Anne restaurant<\/strong>certified\u00a0<a title=\"master restorer certification\" href=\"https:\/\/www.kyriad-vannes.fr\/en\/actus\/restaurant-vannes-maitre-restaurateur-a-l-image-sainte-anne-34.html\/\">Master Restaurateur<\/a>offers bistronomic cuisine using fresh seasonal produce. Our chef strives to find the perfect balance to tantalise your taste buds and offer you unique flavours.<\/p><p>The menu between land and sea evolves with the seasons to offer you a cuisine of the highest quality.<strong>\u00a0broad Breton accent.<\/strong>\u00a0You can be sure of surprising your guests and delighting them.<\/p><p>The decor of our establishment combines<strong>\u00a0authenticity and modernity<\/strong>. Look up and discover frames of the city of Vannes in the\u00a0<strong>1900s<\/strong>thanks to our collaboration with\u00a0<a title=\"archives municipales de vannes\" href=\"https:\/\/www.mairie-vannes.fr\/archives-municipales\" target=\"_blank\" rel=\"noopener noreferrer nofollow\"><strong>Archives Municipales de Vannes<\/strong><\/a>.<\/p><p>\u00a0<\/p><h3 class=\"content_cms\"><strong>A private evening with complete peace of mind<\/strong><\/h3><p>Would you like to organise a dinner for your private events and enjoy a pleasant evening at the same time? Book\u00a0<strong>hotel rooms for your guests<\/strong>\u00a0and you can be sure that you'll have a wonderful time.<strong>\u00a0an evening of peace<\/strong>.<\/p><p>Our\u00a0<a title=\"hotel confort in vannes\" href=\"https:\/\/www.kyriad-vannes.fr\/en\/chambre-vannes.html\/\"><strong>hotel rooms<\/strong><\/a>\u00a0are extremely comfortable and fully-equipped for your enjoyment.\u00a0<strong>Memory foam pillows<\/strong>... in a decor that combines tradition and modernity.<\/p><p>Take this opportunity to relax and enjoy yourself.<\/p><p>\u00a0<\/p><p><strong><em>For a great time in Vannes!<\/em><\/strong><\/p>\t\t\t\t\t\t\t\t<\/div>\n\t\t\t\t<\/div>\n\t\t\t\t\t<\/div>\n\t\t\t\t<\/div>\n\t\t\t\t<\/div>","protected":false},"excerpt":{"rendered":"<p>Vous souhaitez organiser un\u00a0repas de groupe \u00e0 Vannes\u00a0? L\u2019h\u00f4tel\u00a0Kyriad Vannes Centre-Ville\u00a0et son restaurant\u00a0\u00c0 l\u2019Image Sainte-Anne\u00a0sont l\u00e0 pour vous ! \u00a0 Organisation d&rsquo;\u00e9v\u00e9nements priv\u00e9s Pour l\u2019organisation de vos\u00a0r\u00e9ceptions priv\u00e9es, le restaurant de notre h\u00f4tel propose une salle adapt\u00e9e pour accueillir vos convives lors d\u2019un\u00a0d\u00e9jeuner ou d\u00eener de groupe. Les occasions ne manquent pas pour organiser une [&hellip;]<\/p>\n","protected":false},"author":2,"featured_media":11106,"comment_status":"closed","ping_status":"open","sticky":false,"template":"","format":"standard","meta":{"_acf_changed":false,"inline_featured_image":false,"footnotes":""},"categories":[16],"tags":[],"class_list":["post-9254","post","type-post","status-publish","format-standard","has-post-thumbnail","hentry","category-actualites"],"acf":[],"_links":{"self":[{"href":"https:\/\/www.kyriad-vannes.fr\/en\/wp-json\/wp\/v2\/posts\/9254","targetHints":{"allow":["GET"]}}],"collection":[{"href":"https:\/\/www.kyriad-vannes.fr\/en\/wp-json\/wp\/v2\/posts"}],"about":[{"href":"https:\/\/www.kyriad-vannes.fr\/en\/wp-json\/wp\/v2\/types\/post"}],"author":[{"embeddable":true,"href":"https:\/\/www.kyriad-vannes.fr\/en\/wp-json\/wp\/v2\/users\/2"}],"replies":[{"embeddable":true,"href":"https:\/\/www.kyriad-vannes.fr\/en\/wp-json\/wp\/v2\/comments?post=9254"}],"version-history":[{"count":4,"href":"https:\/\/www.kyriad-vannes.fr\/en\/wp-json\/wp\/v2\/posts\/9254\/revisions"}],"predecessor-version":[{"id":9259,"href":"https:\/\/www.kyriad-vannes.fr\/en\/wp-json\/wp\/v2\/posts\/9254\/revisions\/9259"}],"wp:featuredmedia":[{"embeddable":true,"href":"https:\/\/www.kyriad-vannes.fr\/en\/wp-json\/wp\/v2\/media\/11106"}],"wp:attachment":[{"href":"https:\/\/www.kyriad-vannes.fr\/en\/wp-json\/wp\/v2\/media?parent=9254"}],"wp:term":[{"taxonomy":"category","embeddable":true,"href":"https:\/\/www.kyriad-vannes.fr\/en\/wp-json\/wp\/v2\/categories?post=9254"},{"taxonomy":"post_tag","embeddable":true,"href":"https:\/\/www.kyriad-vannes.fr\/en\/wp-json\/wp\/v2\/tags?post=9254"}],"curies":[{"name":"wp","href":"https:\/\/api.w.org\/{rel}","templated":true}]}}