{"id":10898,"date":"2025-02-26T15:03:37","date_gmt":"2025-02-26T14:03:37","guid":{"rendered":"https:\/\/www.kyriad-vannes.fr\/?p=10898"},"modified":"2025-07-23T12:07:02","modified_gmt":"2025-07-23T10:07:02","slug":"descubra-el-nuevo-y-elegante-ambiente-de-nuestro-restaurante-en-el-limage-sainte-anne-de-vannes","status":"publish","type":"post","link":"https:\/\/www.kyriad-vannes.fr\/es\/actualites\/decouvrez-la-nouvelle-ambiance-elegante-de-notre-restaurant-a-limage-sainte-anne-a-vannes\/","title":{"rendered":"Descubra el nuevo ambiente elegante de nuestro restaurante \u00c0 l'Image Sainte Anne en Vannes"},"content":{"rendered":"<div data-elementor-type=\"wp-post\" data-elementor-id=\"10898\" class=\"elementor elementor-10898\" data-elementor-post-type=\"post\">\n\t\t\t\t<div class=\"elementor-element elementor-element-e147c34 e-flex e-con-boxed e-con e-parent\" data-id=\"e147c34\" data-element_type=\"container\" data-e-type=\"container\">\n\t\t\t\t\t<div class=\"e-con-inner\">\n\t\t\t\t<div class=\"elementor-element elementor-element-555bff8 elementor-widget elementor-widget-text-editor\" data-id=\"555bff8\" data-element_type=\"widget\" data-e-type=\"widget\" data-widget_type=\"text-editor.default\">\n\t\t\t\t<div class=\"elementor-widget-container\">\n\t\t\t\t\t\t\t\t\t<h2 class=\"content_cms\"><strong>El restaurante de Vannetais \u00c0 l'Image Sainte-Anne ha pasado por...<\/strong><\/h2>\t\t\t\t\t\t\t\t<\/div>\n\t\t\t\t<\/div>\n\t\t<div class=\"elementor-element elementor-element-439104b e-con-full e-flex e-con e-child\" data-id=\"439104b\" data-element_type=\"container\" data-e-type=\"container\">\n\t\t\t\t<div class=\"elementor-element elementor-element-4b3cf14 elementor-widget elementor-widget-image\" data-id=\"4b3cf14\" data-element_type=\"widget\" data-e-type=\"widget\" data-widget_type=\"image.default\">\n\t\t\t\t<div class=\"elementor-widget-container\">\n\t\t\t\t\t\t\t\t\t\t\t\t\t\t\t<img fetchpriority=\"high\" decoding=\"async\" width=\"768\" height=\"512\" src=\"https:\/\/www.kyriad-vannes.fr\/wp-content\/uploads\/2025\/02\/Restaurant-A-l-Image-Sainte-Anne-Vannes-Centre-3-ConvertImage-768x512.jpg\" class=\"attachment-medium_large size-medium_large wp-image-11604\" alt=\"\" srcset=\"https:\/\/www.kyriad-vannes.fr\/wp-content\/uploads\/2025\/02\/Restaurant-A-l-Image-Sainte-Anne-Vannes-Centre-3-ConvertImage-768x512.jpg 768w, https:\/\/www.kyriad-vannes.fr\/wp-content\/uploads\/2025\/02\/Restaurant-A-l-Image-Sainte-Anne-Vannes-Centre-3-ConvertImage-300x200.jpg 300w, https:\/\/www.kyriad-vannes.fr\/wp-content\/uploads\/2025\/02\/Restaurant-A-l-Image-Sainte-Anne-Vannes-Centre-3-ConvertImage-1024x683.jpg 1024w, https:\/\/www.kyriad-vannes.fr\/wp-content\/uploads\/2025\/02\/Restaurant-A-l-Image-Sainte-Anne-Vannes-Centre-3-ConvertImage-18x12.jpg 18w\" sizes=\"(max-width: 768px) 100vw, 768px\" title=\"\">\t\t\t\t\t\t\t\t\t\t\t\t\t\t\t<\/div>\n\t\t\t\t<\/div>\n\t\t\t\t<\/div>\n\t\t\t\t<div class=\"elementor-element elementor-element-b5b55df elementor-widget elementor-widget-text-editor\" data-id=\"b5b55df\" data-element_type=\"widget\" data-e-type=\"widget\" data-widget_type=\"text-editor.default\">\n\t\t\t\t<div class=\"elementor-widget-container\">\n\t\t\t\t\t\t\t\t\t<p>Le<strong>\u00a0<a title=\"restaurante Vannes\" href=\"https:\/\/www.kyriad-vannes.fr\/es\/restaurant-vannes.html\/\">Restaurante \u00c0 l'Image Sainte-Anne en Vannes<\/a><\/strong>establecimiento emblem\u00e1tico desde 1738, se revela bajo una nueva luz tras una importante renovaci\u00f3n.\u00a0<strong>renovaci\u00f3n completa<\/strong>. Esta transformaci\u00f3n ofrece ahora una decoraci\u00f3n moderna que realza la historia y el encanto \u00fanico de este edificio hist\u00f3rico.\u00a0<strong>restaurante hist\u00f3rico<\/strong>.<\/p><h3 class=\"content_cms\">\u00a0<\/h3><h3 class=\"content_cms\"><strong>Renovaci\u00f3n por artesanos locales<\/strong><\/h3><p>La renovaci\u00f3n del\u00a0<a title=\"restaurante vannes\" href=\"https:\/\/www.kyriad-vannes.fr\/es\/restaurant-vannes.html\/\"><strong>Restaurante \u00c0 l'Image Sainte-Anne en Vanne<\/strong>s<\/a>\u00a0se cre\u00f3 con talento local para garantizar un toque aut\u00e9ntico. Laetitia Lepetit, de L.Decor en S\u00e9n\u00e9, cre\u00f3 un ambiente refinado sustituyendo el rojo tradicional por un elegante azul noche. Este color aporta una modernidad tranquilizadora, al tiempo que conserva la elegancia intemporal del lugar.<\/p><p>La identidad gr\u00e1fica ha sido redise\u00f1ada por Accessweb (Plouhinec 56), y los r\u00f3tulos y gr\u00e1ficos de los escaparates han sido realizados por Fabrik'En Pub (Le H\u00e9zo). La pintura y el mobiliario han sido cuidadosamente realizados por el artesano Jean Beguin (Arradon).<\/p>\t\t\t\t\t\t\t\t<\/div>\n\t\t\t\t<\/div>\n\t\t\t\t<div class=\"elementor-element elementor-element-3e41a9c elementor-widget elementor-widget-image\" data-id=\"3e41a9c\" data-element_type=\"widget\" data-e-type=\"widget\" data-widget_type=\"image.default\">\n\t\t\t\t<div class=\"elementor-widget-container\">\n\t\t\t\t\t\t\t\t\t\t\t\t\t\t\t<img decoding=\"async\" width=\"768\" height=\"512\" src=\"https:\/\/www.kyriad-vannes.fr\/wp-content\/uploads\/2025\/02\/Restaurant-A-l-Image-Sainte-Anne-Vannes-Centre-21-ConvertImage-768x512.jpg\" class=\"attachment-medium_large size-medium_large wp-image-11606\" alt=\"\" srcset=\"https:\/\/www.kyriad-vannes.fr\/wp-content\/uploads\/2025\/02\/Restaurant-A-l-Image-Sainte-Anne-Vannes-Centre-21-ConvertImage-768x512.jpg 768w, https:\/\/www.kyriad-vannes.fr\/wp-content\/uploads\/2025\/02\/Restaurant-A-l-Image-Sainte-Anne-Vannes-Centre-21-ConvertImage-300x200.jpg 300w, https:\/\/www.kyriad-vannes.fr\/wp-content\/uploads\/2025\/02\/Restaurant-A-l-Image-Sainte-Anne-Vannes-Centre-21-ConvertImage-1024x683.jpg 1024w, https:\/\/www.kyriad-vannes.fr\/wp-content\/uploads\/2025\/02\/Restaurant-A-l-Image-Sainte-Anne-Vannes-Centre-21-ConvertImage-18x12.jpg 18w\" sizes=\"(max-width: 768px) 100vw, 768px\" title=\"\">\t\t\t\t\t\t\t\t\t\t\t\t\t\t\t<\/div>\n\t\t\t\t<\/div>\n\t\t\t\t<div class=\"elementor-element elementor-element-4edc849 elementor-widget elementor-widget-text-editor\" data-id=\"4edc849\" data-element_type=\"widget\" data-e-type=\"widget\" data-widget_type=\"text-editor.default\">\n\t\t\t\t<div class=\"elementor-widget-container\">\n\t\t\t\t\t\t\t\t\t<h2 class=\"content_cms\"><strong>Una fusi\u00f3n perfecta de tradici\u00f3n y modernidad para este lugar emblem\u00e1tico de Vannes<\/strong><\/h2><p>En la Image Sainte-Anne,\u00a0<strong>restaurante en Vannes<\/strong>sigue ofreciendo\u00a0<strong>cocina bistron\u00f3mica<\/strong>\u00a0bajo la direcci\u00f3n del chef Fr\u00e9d\u00e9ric Thebaud. Desde su\u00a0<strong>Certificaci\u00f3n de Ma\u00eetre Restaurateur\u00a0<\/strong>en 2013, nuestro restaurante destaca por su respeto a las tradiciones culinarias bretonas a la vez que innova con platos caseros. Este<a title=\"maestro restaurador kyriad\" href=\"https:\/\/www.kyriad-vannes.fr\/es\/actus\/restaurant-vannes-maitre-restaurateur-a-l-image-sainte-anne-34.html\/\">\u00a0<strong>t\u00edtulo de<\/strong>\u00a0<strong>Maestro restaurador<\/strong>\u00a0<\/a>encarna la excelencia de los principales profesionales de la restauraci\u00f3n tradicional, poniendo de relieve su experiencia y su compromiso con una calidad impecable.<\/p><p>\u00a0<\/p><p>Cabe se\u00f1alar que si el<strong>\u00a0<a title=\"restaurante Vannes\" href=\"https:\/\/www.kyriad-vannes.fr\/es\/restaurant-vannes.html\/\">Restaurante \u00c0 l'Image Sainte-Anne en Vannes<\/a><\/strong> ha evolucionado con una decoraci\u00f3n m\u00e1s moderna, el alma de su cocina, centrada en platos caseros y productos locales, permanece inalterable.<\/p><p>\u00a0<\/p><p>La\u00a0<strong>nueva decoraci\u00f3n<\/strong>\u00a0El azul noche crea un ambiente sereno y elegante, perfecto para saborear una cocina generosa y refinada en un marco moderno.<\/p><h3 class=\"content_cms\">\u00a0<\/h3><h3 class=\"content_cms\"><strong>Un marco ideal para su escapada gastron\u00f3mica a Vannes<\/strong><\/h3><p>Nuestra\u00a0<strong>restaurante en Vannes<\/strong>situado en la Place de la Lib\u00e9ration y contiguo al<strong><a title=\"sitio web hotel vannes Kyriad\" href=\"https:\/\/www.kyriad-vannes.fr\/es\/hotel-vannes.html\/\">hotel Kyriad Vannes Centre-ville<\/a><\/strong>le invita a descubrir su nuevo ambiente. Tanto si busca una velada gastron\u00f3mica como una estancia que combine confort y descubrimiento, este establecimiento renovado le ofrece una experiencia culinaria inolvidable.<\/p>\t\t\t\t\t\t\t\t<\/div>\n\t\t\t\t<\/div>\n\t\t<div class=\"elementor-element elementor-element-068595e e-con-full e-flex e-con e-child\" data-id=\"068595e\" data-element_type=\"container\" data-e-type=\"container\">\n\t\t\t\t<div class=\"elementor-element elementor-element-25cb529 elementor-widget elementor-widget-image\" data-id=\"25cb529\" data-element_type=\"widget\" data-e-type=\"widget\" data-widget_type=\"image.default\">\n\t\t\t\t<div class=\"elementor-widget-container\">\n\t\t\t\t\t\t\t\t\t\t\t\t\t\t\t<img decoding=\"async\" width=\"768\" height=\"545\" src=\"https:\/\/www.kyriad-vannes.fr\/wp-content\/uploads\/2025\/02\/Vignette-rectangle-KY-11-768x545.png\" class=\"attachment-medium_large size-medium_large wp-image-11596\" alt=\"\" srcset=\"https:\/\/www.kyriad-vannes.fr\/wp-content\/uploads\/2025\/02\/Vignette-rectangle-KY-11-768x545.png 768w, https:\/\/www.kyriad-vannes.fr\/wp-content\/uploads\/2025\/02\/Vignette-rectangle-KY-11-300x213.png 300w, https:\/\/www.kyriad-vannes.fr\/wp-content\/uploads\/2025\/02\/Vignette-rectangle-KY-11-1024x726.png 1024w, https:\/\/www.kyriad-vannes.fr\/wp-content\/uploads\/2025\/02\/Vignette-rectangle-KY-11-1536x1090.png 1536w, https:\/\/www.kyriad-vannes.fr\/wp-content\/uploads\/2025\/02\/Vignette-rectangle-KY-11-2048x1453.png 2048w, https:\/\/www.kyriad-vannes.fr\/wp-content\/uploads\/2025\/02\/Vignette-rectangle-KY-11-18x12.png 18w\" sizes=\"(max-width: 768px) 100vw, 768px\" title=\"\">\t\t\t\t\t\t\t\t\t\t\t\t\t\t\t<\/div>\n\t\t\t\t<\/div>\n\t\t\t\t<\/div>\n\t\t\t\t<div class=\"elementor-element elementor-element-b23f281 elementor-widget elementor-widget-text-editor\" data-id=\"b23f281\" data-element_type=\"widget\" data-e-type=\"widget\" data-widget_type=\"text-editor.default\">\n\t\t\t\t<div class=\"elementor-widget-container\">\n\t\t\t\t\t\t\t\t\t<p>Idealmente situado cerca del puerto deportivo y del casco antiguo de Vannes, este\u00a0<strong>establecimiento hist\u00f3rico\u00a0<\/strong>goza de una ubicaci\u00f3n privilegiada. De f\u00e1cil acceso, ofrece una serie de servicios, como habitaciones decoradas con esmero y confort, servicio de habitaciones, recepci\u00f3n 24 horas y almohadas de espuma viscoel\u00e1stica para una experiencia a\u00fan m\u00e1s placentera.<\/p><p>Encuentre todas las fotos e informaci\u00f3n de nuestro\u00a0<strong>hotel-restaurante en Vannes<\/strong>\u00a0en nuestras redes sociales, como\u00a0<a title=\"facebook ISA\" href=\"https:\/\/www.facebook.com\/KyriadVannesCentre\/\" rel=\"nofollow noopener\" target=\"_blank\">Facebook<\/a>\u00a0y\u00a0<a title=\"instagram ISA\" href=\"https:\/\/www.instagram.com\/restaurant_a_image_sainte_anne\/?hl=fr\" rel=\"nofollow noopener\" target=\"_blank\">Instagram<\/a><\/p>\t\t\t\t\t\t\t\t<\/div>\n\t\t\t\t<\/div>\n\t\t\t\t\t<\/div>\n\t\t\t\t<\/div>\n\t\t\t\t<\/div>","protected":false},"excerpt":{"rendered":"<p>Le Restaurant Vannetais \u00c0 l&rsquo;Image Sainte-Anne traverse les \u00e9poques\u2026 Le\u00a0restaurant \u00c0 l&rsquo;Image Sainte-Anne \u00e0 Vannes, un \u00e9tablissement embl\u00e9matique depuis 1738, se d\u00e9voile sous un nouveau jour apr\u00e8s une\u00a0r\u00e9novation compl\u00e8te. Cette transformation offre d\u00e9sormais une d\u00e9coration moderne qui sublime l&rsquo;histoire et le charme unique de ce\u00a0restaurant historique. \u00a0 Une R\u00e9novation Sign\u00e9e par des Artisans Locaux La [&hellip;]<\/p>\n","protected":false},"author":7,"featured_media":11022,"comment_status":"closed","ping_status":"open","sticky":false,"template":"","format":"standard","meta":{"_acf_changed":false,"inline_featured_image":false,"footnotes":""},"categories":[16],"tags":[],"class_list":["post-10898","post","type-post","status-publish","format-standard","has-post-thumbnail","hentry","category-actualites"],"acf":[],"_links":{"self":[{"href":"https:\/\/www.kyriad-vannes.fr\/es\/wp-json\/wp\/v2\/posts\/10898","targetHints":{"allow":["GET"]}}],"collection":[{"href":"https:\/\/www.kyriad-vannes.fr\/es\/wp-json\/wp\/v2\/posts"}],"about":[{"href":"https:\/\/www.kyriad-vannes.fr\/es\/wp-json\/wp\/v2\/types\/post"}],"author":[{"embeddable":true,"href":"https:\/\/www.kyriad-vannes.fr\/es\/wp-json\/wp\/v2\/users\/7"}],"replies":[{"embeddable":true,"href":"https:\/\/www.kyriad-vannes.fr\/es\/wp-json\/wp\/v2\/comments?post=10898"}],"version-history":[{"count":19,"href":"https:\/\/www.kyriad-vannes.fr\/es\/wp-json\/wp\/v2\/posts\/10898\/revisions"}],"predecessor-version":[{"id":11609,"href":"https:\/\/www.kyriad-vannes.fr\/es\/wp-json\/wp\/v2\/posts\/10898\/revisions\/11609"}],"wp:featuredmedia":[{"embeddable":true,"href":"https:\/\/www.kyriad-vannes.fr\/es\/wp-json\/wp\/v2\/media\/11022"}],"wp:attachment":[{"href":"https:\/\/www.kyriad-vannes.fr\/es\/wp-json\/wp\/v2\/media?parent=10898"}],"wp:term":[{"taxonomy":"category","embeddable":true,"href":"https:\/\/www.kyriad-vannes.fr\/es\/wp-json\/wp\/v2\/categories?post=10898"},{"taxonomy":"post_tag","embeddable":true,"href":"https:\/\/www.kyriad-vannes.fr\/es\/wp-json\/wp\/v2\/tags?post=10898"}],"curies":[{"name":"wp","href":"https:\/\/api.w.org\/{rel}","templated":true}]}}