{"id":10908,"date":"2025-02-26T15:14:10","date_gmt":"2025-02-26T14:14:10","guid":{"rendered":"https:\/\/www.kyriad-vannes.fr\/?p=10908"},"modified":"2025-03-06T10:36:41","modified_gmt":"2025-03-06T09:36:41","slug":"vino-biodinamico-en-vannes-en-el-restaurante-a-limage-sainte-anne","status":"publish","type":"post","link":"https:\/\/www.kyriad-vannes.fr\/es\/actualites\/le-vin-biodynamique-a-vannes-au-restaurant-a-limage-sainte-anne\/","title":{"rendered":"Vino biodin\u00e1mico en Vannes, en el restaurante \u00c0 l'Image Sainte-Anne"},"content":{"rendered":"<div data-elementor-type=\"wp-post\" data-elementor-id=\"10908\" class=\"elementor elementor-10908\" data-elementor-post-type=\"post\">\n\t\t\t\t<div class=\"elementor-element elementor-element-e147c34 e-flex e-con-boxed e-con e-parent\" data-id=\"e147c34\" data-element_type=\"container\" data-e-type=\"container\">\n\t\t\t\t\t<div class=\"e-con-inner\">\n\t\t\t\t<div class=\"elementor-element elementor-element-555bff8 elementor-widget elementor-widget-text-editor\" data-id=\"555bff8\" data-element_type=\"widget\" data-e-type=\"widget\" data-widget_type=\"text-editor.default\">\n\t\t\t\t<div class=\"elementor-widget-container\">\n\t\t\t\t\t\t\t\t\t<p>Ofrecerle una experiencia culinaria aut\u00e9ntica y respetuosa con el medio ambiente est\u00e1 en el centro de nuestras preocupaciones. Por eso le ofrecemos una\u00a0<strong>vino biodin\u00e1mico<\/strong>que no es s\u00f3lo un vino, sino un vino que celebra un\u00a0<strong>viticultura sana<\/strong>Es un entorno ideal y una filosof\u00eda de vida en armon\u00eda con la naturaleza.<\/p><p>\u00bfLe gustar\u00eda disfrutar de un\u00a0<strong>vino ecol\u00f3gico<\/strong>\u00a0y natural? Visite nuestro\u00a0<a href=\"https:\/\/www.kyriad-vannes.fr\/es\/restaurant-vannes.html\/\"><strong>restaurante en Vannes<\/strong>\u00a0<\/a>para una comida de temporada acompa\u00f1ada de\u00a0<strong>vino natural<\/strong>\u00a0rigurosamente seleccionados.<\/p><p>\u00a0<\/p><h2 class=\"content_cms\"><strong>\u00bfQu\u00e9 es el vino biodin\u00e1mico?<\/strong><\/h2><p>\u00a0Este vino se cultiva seg\u00fan los principios de\u00a0<strong>biodin\u00e1mica<\/strong>Va m\u00e1s all\u00e1 de las pr\u00e1cticas ecol\u00f3gicas tradicionales. Esta pr\u00e1ctica engloba el respeto por :<\/p><ul><li>Ciclos lunares: los viticultores se gu\u00edan por el calendario lunar para potenciar la vitalidad de las vides.<\/li><li>Pr\u00e1cticas naturales: Uso de preparados espec\u00edficos a base de plantas e ingredientes naturales (esti\u00e9rcol de cuerno o compost org\u00e1nico) para nutrir el suelo y las vides.<\/li><\/ul><p>El vino lleva la etiqueta \"\u00a0<a href=\"https:\/\/www.demeter.fr\/\" rel=\"nofollow noopener\" target=\"_blank\"><strong>Demeter<\/strong><\/a>\u00a0\"Esta certificaci\u00f3n reconocida garantiza la exclusi\u00f3n de productos qu\u00edmicos de s\u00edntesis y una limitaci\u00f3n estricta de los sulfitos a\u00f1adidos. Este m\u00e9todo nos permite producir vinos que reflejan plenamente el terru\u00f1o del que proceden, respetando al mismo tiempo el medio ambiente.<\/p><p>A\u00a0<strong>vino ecol\u00f3gico<\/strong>\u00a0y\u00a0<strong>Etiqueta Demeter<\/strong>\u00a1es lo m\u00e1s!<\/p>\t\t\t\t\t\t\t\t<\/div>\n\t\t\t\t<\/div>\n\t\t\t\t<div class=\"elementor-element elementor-element-7be024f elementor-widget elementor-widget-image\" data-id=\"7be024f\" data-element_type=\"widget\" data-e-type=\"widget\" data-widget_type=\"image.default\">\n\t\t\t\t<div class=\"elementor-widget-container\">\n\t\t\t\t\t\t\t\t\t\t\t\t\t\t\t<img fetchpriority=\"high\" decoding=\"async\" width=\"940\" height=\"788\" src=\"https:\/\/www.kyriad-vannes.fr\/wp-content\/uploads\/2025\/02\/Croisiere_dans_le_Golfe_du_Morbihan_2.png\" class=\"attachment-full size-full wp-image-10911\" alt=\"\" srcset=\"https:\/\/www.kyriad-vannes.fr\/wp-content\/uploads\/2025\/02\/Croisiere_dans_le_Golfe_du_Morbihan_2.png 940w, https:\/\/www.kyriad-vannes.fr\/wp-content\/uploads\/2025\/02\/Croisiere_dans_le_Golfe_du_Morbihan_2-300x251.png 300w, https:\/\/www.kyriad-vannes.fr\/wp-content\/uploads\/2025\/02\/Croisiere_dans_le_Golfe_du_Morbihan_2-768x644.png 768w, https:\/\/www.kyriad-vannes.fr\/wp-content\/uploads\/2025\/02\/Croisiere_dans_le_Golfe_du_Morbihan_2-14x12.png 14w\" sizes=\"(max-width: 940px) 100vw, 940px\" title=\"\">\t\t\t\t\t\t\t\t\t\t\t\t\t\t\t<\/div>\n\t\t\t\t<\/div>\n\t\t\t\t<div class=\"elementor-element elementor-element-b5b55df elementor-widget elementor-widget-text-editor\" data-id=\"b5b55df\" data-element_type=\"widget\" data-e-type=\"widget\" data-widget_type=\"text-editor.default\">\n\t\t\t\t<div class=\"elementor-widget-container\">\n\t\t\t\t\t\t\t\t\t<h2 class=\"content_cms\"><strong>\u00bfPor qu\u00e9 elegir el vino biodin\u00e1mico?<\/strong><\/h2><p>En \u00c0 l'Image Sainte-Anne, creemos que el placer de comer puede ir de la mano de un impacto positivo en el planeta. Al elegir un\u00a0<strong>vino biodin\u00e1mico<\/strong>Degustar\u00e1 un producto excepcional, preparado con pasi\u00f3n y esmero. Tambi\u00e9n estar\u00e1s apoyando una agricultura respetuosa con la biodiversidad y los ecosistemas, y participando en un enfoque sostenible acorde con los valores que defendemos en el restaurante.<\/p><p>\u00a0<\/p><h2 class=\"content_cms\"><strong>Nuestra selecci\u00f3n de vinos biodin\u00e1micos<\/strong><\/h2><p>Nuestra\u00a0<strong>vinos biodin\u00e1micos<\/strong>\u00a0se eligen cuidadosamente para acompa\u00f1ar nuestros platos, elaborados con productos frescos y locales. Tanto si le gustan los tintos potentes como los blancos afrutados, nuestra carta de vinos le invita a descubrir vinos excepcionales para realzar su comida. A\u00a0<a href=\"https:\/\/www.kyriad-vannes.fr\/es\/FR\/actus\/la-selection-de-vin-au-restaurant-a-limage-sainte-anne-191.html\/\"><strong>selecci\u00f3n de vinos<\/strong><\/a>\u00a0Estaremos all\u00ed para aconsejarle y acompa\u00f1arle en su aventura culinaria.<\/p><p>\u00a0<\/p><h2 class=\"content_cms\"><strong>Una experiencia en Vannes<\/strong><\/h2><p>\u00bfPor qu\u00e9 elegir un\u00a0<strong>vino biodin\u00e1mico<\/strong>\u00a0en\u00a0<a href=\"https:\/\/www.kyriad-vannes.fr\/es\/actus\/l-histoire-de-notre-etablissement-hotel-restaurant-a-vannes-102.html\/\"><strong>\u00c0 l'Image Sainte-Anne<\/strong><\/a>\u00a0?<\/p><p>Porque seguro que prefiere lo aut\u00e9ntico. M\u00e1s que una degustaci\u00f3n, \u00a1d\u00e9jese tentar y venga a descubrir la perfecta armon\u00eda entre nuestros refinados platos y los vinos respetuosos con el medio ambiente!<\/p>\t\t\t\t\t\t\t\t<\/div>\n\t\t\t\t<\/div>\n\t\t\t\t\t<\/div>\n\t\t\t\t<\/div>\n\t\t\t\t<\/div>","protected":false},"excerpt":{"rendered":"<p>Vous offrir une exp\u00e9rience culinaire authentique et respectueuse de l&rsquo;environnement est au centre de nos pr\u00e9occupations. C\u2019est pourquoi nous vous proposons un\u00a0vin biodynamique, qui n\u2019est pas un simple vin, mais un vin qui c\u00e9l\u00e8bre une\u00a0viticulture saine, id\u00e9ale et une philosophie de vie en harmonie avec la nature. Vous souhaitez d\u00e9guster un\u00a0vin bio\u00a0et naturel\u00a0? Rendez-vous dans [&hellip;]<\/p>\n","protected":false},"author":7,"featured_media":11023,"comment_status":"closed","ping_status":"open","sticky":false,"template":"","format":"standard","meta":{"_acf_changed":false,"inline_featured_image":false,"footnotes":""},"categories":[16],"tags":[],"class_list":["post-10908","post","type-post","status-publish","format-standard","has-post-thumbnail","hentry","category-actualites"],"acf":[],"_links":{"self":[{"href":"https:\/\/www.kyriad-vannes.fr\/es\/wp-json\/wp\/v2\/posts\/10908","targetHints":{"allow":["GET"]}}],"collection":[{"href":"https:\/\/www.kyriad-vannes.fr\/es\/wp-json\/wp\/v2\/posts"}],"about":[{"href":"https:\/\/www.kyriad-vannes.fr\/es\/wp-json\/wp\/v2\/types\/post"}],"author":[{"embeddable":true,"href":"https:\/\/www.kyriad-vannes.fr\/es\/wp-json\/wp\/v2\/users\/7"}],"replies":[{"embeddable":true,"href":"https:\/\/www.kyriad-vannes.fr\/es\/wp-json\/wp\/v2\/comments?post=10908"}],"version-history":[{"count":4,"href":"https:\/\/www.kyriad-vannes.fr\/es\/wp-json\/wp\/v2\/posts\/10908\/revisions"}],"predecessor-version":[{"id":10914,"href":"https:\/\/www.kyriad-vannes.fr\/es\/wp-json\/wp\/v2\/posts\/10908\/revisions\/10914"}],"wp:featuredmedia":[{"embeddable":true,"href":"https:\/\/www.kyriad-vannes.fr\/es\/wp-json\/wp\/v2\/media\/11023"}],"wp:attachment":[{"href":"https:\/\/www.kyriad-vannes.fr\/es\/wp-json\/wp\/v2\/media?parent=10908"}],"wp:term":[{"taxonomy":"category","embeddable":true,"href":"https:\/\/www.kyriad-vannes.fr\/es\/wp-json\/wp\/v2\/categories?post=10908"},{"taxonomy":"post_tag","embeddable":true,"href":"https:\/\/www.kyriad-vannes.fr\/es\/wp-json\/wp\/v2\/tags?post=10908"}],"curies":[{"name":"wp","href":"https:\/\/api.w.org\/{rel}","templated":true}]}}