{"id":10915,"date":"2025-06-17T15:35:36","date_gmt":"2025-06-17T13:35:36","guid":{"rendered":"https:\/\/www.kyriad-vannes.fr\/?p=10915"},"modified":"2026-01-09T14:18:44","modified_gmt":"2026-01-09T13:18:44","slug":"que-hacer-en-vannes-en-otono-las-mejores-actividades-para-descubrir-la-ciudad","status":"publish","type":"post","link":"https:\/\/www.kyriad-vannes.fr\/es\/actualites\/que-faire-en-automne-a-vannes-les-meilleures-activites-pour-decouvrir-la-ville\/","title":{"rendered":"Qu\u00e9 hacer en oto\u00f1o en Vannes Las mejores cosas que hacer en la ciudad"},"content":{"rendered":"<div data-elementor-type=\"wp-post\" data-elementor-id=\"10915\" class=\"elementor elementor-10915\" data-elementor-post-type=\"post\">\n\t\t\t\t<div class=\"elementor-element elementor-element-e147c34 e-flex e-con-boxed e-con e-parent\" data-id=\"e147c34\" data-element_type=\"container\" data-e-type=\"container\">\n\t\t\t\t\t<div class=\"e-con-inner\">\n\t\t\t\t<div class=\"elementor-element elementor-element-555bff8 elementor-widget elementor-widget-text-editor\" data-id=\"555bff8\" data-element_type=\"widget\" data-e-type=\"widget\" data-widget_type=\"text-editor.default\">\n\t\t\t\t<div class=\"elementor-widget-container\">\n\t\t\t\t\t\t\t\t\t<h2 class=\"content_cms\">Disfrute de los encantos de Vannes en oto\u00f1o: naturaleza, historia y descubrimientos<\/h2><p>Cuando las hojas cambian de color y el aire se enfr\u00eda, Vannes revela una cara nueva y encantadora. Situada en el coraz\u00f3n del\u00a0<strong>Golfo de Morbihan<\/strong>Esta hist\u00f3rica ciudad bretona ofrece un amplio abanico de actividades.\u00a0<strong>actividades para descubrir en oto\u00f1o<\/strong>ideal para una escapada relajante o unas vacaciones ricas en descubrimientos.<\/p><p>Tanto si es un aficionado a la historia como un amante de la naturaleza o busca eventos locales, \u00e9ste es el lugar ideal.\u00a0<strong>Qu\u00e9 hacer en Vannes en oto\u00f1o<\/strong>.<\/p>\t\t\t\t\t\t\t\t<\/div>\n\t\t\t\t<\/div>\n\t\t\t\t<div class=\"elementor-element elementor-element-7be024f elementor-widget elementor-widget-image\" data-id=\"7be024f\" data-element_type=\"widget\" data-e-type=\"widget\" data-widget_type=\"image.default\">\n\t\t\t\t<div class=\"elementor-widget-container\">\n\t\t\t\t\t\t\t\t\t\t\t\t\t\t\t<img fetchpriority=\"high\" decoding=\"async\" width=\"1748\" height=\"1240\" src=\"https:\/\/www.kyriad-vannes.fr\/wp-content\/uploads\/2025\/02\/3_2.png\" class=\"attachment-full size-full wp-image-10917\" alt=\"\" srcset=\"https:\/\/www.kyriad-vannes.fr\/wp-content\/uploads\/2025\/02\/3_2.png 1748w, https:\/\/www.kyriad-vannes.fr\/wp-content\/uploads\/2025\/02\/3_2-300x213.png 300w, https:\/\/www.kyriad-vannes.fr\/wp-content\/uploads\/2025\/02\/3_2-1024x726.png 1024w, https:\/\/www.kyriad-vannes.fr\/wp-content\/uploads\/2025\/02\/3_2-768x545.png 768w, https:\/\/www.kyriad-vannes.fr\/wp-content\/uploads\/2025\/02\/3_2-1536x1090.png 1536w, https:\/\/www.kyriad-vannes.fr\/wp-content\/uploads\/2025\/02\/3_2-18x12.png 18w\" sizes=\"(max-width: 1748px) 100vw, 1748px\" title=\"\">\t\t\t\t\t\t\t\t\t\t\t\t\t\t\t<\/div>\n\t\t\t\t<\/div>\n\t\t\t\t<div class=\"elementor-element elementor-element-b5b55df elementor-widget elementor-widget-text-editor\" data-id=\"b5b55df\" data-element_type=\"widget\" data-e-type=\"widget\" data-widget_type=\"text-editor.default\">\n\t\t\t\t<div class=\"elementor-widget-container\">\n\t\t\t\t\t\t\t\t\t<h2 class=\"content_cms\">Paseo oto\u00f1al por el centro hist\u00f3rico de Vannes<\/h2><p>L'<strong>oto\u00f1o en Vannes<\/strong>\u00a0es un buen momento para pasear por las calles empedradas del centro de la ciudad, lejos de las multitudes del verano. Podr\u00e1 admirar la aut\u00e9ntica arquitectura de las casas con entramado de madera mientras aprende sobre la historia milenaria de la ciudad. Las callejuelas est\u00e1n salpicadas de tiendas y caf\u00e9s donde podr\u00e1 tomarse un respiro mientras observa el apacible ritmo de vida de Vannes.<\/p><p>Lugares de visita obligada\u00a0<strong>para visitar en oto\u00f1o<\/strong>\u00a0y no s\u00f3lo :<\/p><ul><li>Las murallas de Vannes: d\u00e9 un paseo por las antiguas murallas que a\u00fan rodean el centro hist\u00f3rico. En esta \u00e9poca del a\u00f1o, el jard\u00edn de las murallas adquiere tonos dorados y se convierte en un magn\u00edfico tel\u00f3n de fondo.<\/li><li>Cath\u00e9drale Saint-Pierre: sum\u00e9rjase en la historia de la ciudad con una visita a esta impresionante catedral g\u00f3tica, que domina la ciudad desde hace siglos.<\/li><li>Mus\u00e9e de la Cohue: este museo, ubicado en un edificio medieval, es un lugar ideal para hacer una escapada cultural y descubrir sus exposiciones de arte.<\/li><\/ul><h3 class=\"content_cms\">Disfrute de los productos de oto\u00f1o en el mercado de Vannes<\/h3><p>Todos los mi\u00e9rcoles y s\u00e1bados, la\u00a0<a title=\"Mercado de Vannes\" href=\"https:\/\/www.golfedumorbihan.bzh\/explorer-vannes\/gastronomie-vannes\/marches\/marche-de-vannes\/\" rel=\"nofollow noopener\" target=\"_blank\">Mercado de Vannes<\/a>\u00a0le invita a descubrir los productos locales de temporada. Es la ocasi\u00f3n perfecta para degustar los sabores del oto\u00f1o: setas reci\u00e9n cogidas, manzanas, casta\u00f1as y otras especialidades bretonas como el kouign-amann. Si se aloja en<a title=\"sitio Hotel Kyriad Vannes Centre-Ville\" href=\"https:\/\/www.kyriad-vannes.fr\/es\/hotel-vannes.html\/\">Hotel Kyriad Vannes Centre-Ville<\/a>El mercado est\u00e1 a poca distancia a pie.<\/p><h3 class=\"content_cms\">Descubra los festivales y eventos de oto\u00f1o en Vannes<\/h3><p>En Vannes no faltan eventos para animar su jornada.\u00a0<strong>escapada de oto\u00f1o a Breta\u00f1a<\/strong>. Varios festivales y actos culturales jalonan la temporada, entre ellos\u00a0<a title=\"Jornadas del Patrimonio\" href=\"https:\/\/www.kyriad-vannes.fr\/es\/actus\/journees-europeennes-du-patrimoine-a-vannes-79.html\/\">Jornadas del Patrimonio<\/a>. Es una oportunidad para descubrir algunos de los lugares m\u00e1s emblem\u00e1ticos de la ciudad, con visitas y actos gratuitos. Otros eventos, como el Festival del C\u00f3mic y el Sal\u00f3n del Chocolate, completan este rico y acogedor programa cultural.<\/p>\t\t\t\t\t\t\t\t<\/div>\n\t\t\t\t<\/div>\n\t\t\t\t<div class=\"elementor-element elementor-element-c82e5b9 elementor-widget elementor-widget-image\" data-id=\"c82e5b9\" data-element_type=\"widget\" data-e-type=\"widget\" data-widget_type=\"image.default\">\n\t\t\t\t<div class=\"elementor-widget-container\">\n\t\t\t\t\t\t\t\t\t\t\t\t\t\t\t<img decoding=\"async\" width=\"1748\" height=\"1240\" src=\"https:\/\/www.kyriad-vannes.fr\/wp-content\/uploads\/2025\/02\/Vignette_rectangle_KY_1_1.png\" class=\"attachment-full size-full wp-image-10918\" alt=\"\" srcset=\"https:\/\/www.kyriad-vannes.fr\/wp-content\/uploads\/2025\/02\/Vignette_rectangle_KY_1_1.png 1748w, https:\/\/www.kyriad-vannes.fr\/wp-content\/uploads\/2025\/02\/Vignette_rectangle_KY_1_1-300x213.png 300w, https:\/\/www.kyriad-vannes.fr\/wp-content\/uploads\/2025\/02\/Vignette_rectangle_KY_1_1-1024x726.png 1024w, https:\/\/www.kyriad-vannes.fr\/wp-content\/uploads\/2025\/02\/Vignette_rectangle_KY_1_1-768x545.png 768w, https:\/\/www.kyriad-vannes.fr\/wp-content\/uploads\/2025\/02\/Vignette_rectangle_KY_1_1-1536x1090.png 1536w, https:\/\/www.kyriad-vannes.fr\/wp-content\/uploads\/2025\/02\/Vignette_rectangle_KY_1_1-18x12.png 18w\" sizes=\"(max-width: 1748px) 100vw, 1748px\" title=\"\">\t\t\t\t\t\t\t\t\t\t\t\t\t\t\t<\/div>\n\t\t\t\t<\/div>\n\t\t\t\t<div class=\"elementor-element elementor-element-52497b6 elementor-widget elementor-widget-text-editor\" data-id=\"52497b6\" data-element_type=\"widget\" data-e-type=\"widget\" data-widget_type=\"text-editor.default\">\n\t\t\t\t<div class=\"elementor-widget-container\">\n\t\t\t\t\t\t\t\t\t<h3 class=\"content_cms\">Paseos y escapadas por la naturaleza en los alrededores de Vannes<\/h3><p>Si le gusta la naturaleza, el oto\u00f1o es una \u00e9poca ideal para disfrutar de los espacios verdes de los alrededores de Vannes. El clima suave de Breta\u00f1a propicia maravillosas escapadas al aire libre, donde la luz oto\u00f1al sublima los paisajes.<\/p><ul><li>La pen\u00ednsula de Rhuys: situada a pocos kil\u00f3metros de Vannes, la pen\u00ednsula ofrece magn\u00edficas vistas panor\u00e1micas sobre el golfo de Morbihan. Rutas de senderismo como la GR34 permiten admirar las playas y calas bajo un cielo oto\u00f1al.<\/li><li>La Pointe d'Arradon: a pocos kil\u00f3metros de Vannes, la Pointe d'Arradon ofrece un paisaje excepcional con vistas a las islas del golfo de Morbihan. Este sendero costero es ideal para un paseo oto\u00f1al en familia.<\/li><li>Bois de Kerozer: para pasear tranquilamente a la sombra de \u00e1rboles de colores, dir\u00edjase al Bois de Kerozer, perfecto para una tarde de relax.<\/li><\/ul><p>\u00a0<\/p><p>Ah\u00ed lo tienes\u00a0<strong>Qu\u00e9 hacer en Vannes en oto\u00f1o<\/strong>para que sus vacaciones en Breta\u00f1a sean todo un \u00e9xito.<\/p><p>\u00a0<\/p><h2 class=\"content_cms\">Estancia en el Hotel Kyriad Vannes Centre-Ville en oto\u00f1o<\/h2><p>Tras un d\u00eda de descubrimientos y<strong>actividades de oto\u00f1o en Vannes<\/strong>Disfrute de la comodidad del Hotel Kyriad Vannes Centre-Ville. Nuestra c\u00e9ntrica ubicaci\u00f3n le permitir\u00e1 llegar r\u00e1pidamente a todos los lugares de inter\u00e9s de la ciudad. Ofrecemos un ambiente c\u00e1lido y moderno para una estancia relajante. Nuestras c\u00f3modas habitaciones son ideales para relajarse despu\u00e9s de sus paseos, y nuestro equipo estar\u00e1 encantado de recomendarle las mejores direcciones locales para ampliar su experiencia.<\/p><p>A\u00a0<strong>oto\u00f1o en el golfo de Morbihan<\/strong>\u00a0\u00a1en Vannes es m\u00e1gico!<\/p><p>\u00a0<\/p><p>| S\u00edguenos en nuestras redes:\u00a0<a title=\"Instagram Kyriad Vannes \" href=\"https:\/\/www.instagram.com\/restaurant_a_image_sainte_anne\/?hl=fr\" rel=\"nofollow noopener\" target=\"_blank\">Instagram<\/a>\u00a0;\u00a0<a title=\"Facebook Kyriad Vannes \" href=\"https:\/\/www.facebook.com\/KyriadVannesCentre\/\" rel=\"nofollow noopener\" target=\"_blank\">Facebook<\/a><\/p>\t\t\t\t\t\t\t\t<\/div>\n\t\t\t\t<\/div>\n\t\t\t\t\t<\/div>\n\t\t\t\t<\/div>\n\t\t\t\t<\/div>","protected":false},"excerpt":{"rendered":"<p>Profitez des charmes de Vannes en automne : entre nature, histoire et d\u00e9couverte Lorsque les feuilles changent de couleur et que l\u2019air se rafra\u00eechit, Vannes d\u00e9voile une nouvelle facette pleine de charme. Situ\u00e9e au c\u0153ur du\u00a0Golfe du Morbihan, cette ville bretonne historique offre de nombreuses\u00a0activit\u00e9s \u00e0 d\u00e9couvrir en automne, id\u00e9ales pour une escapade reposante ou [&hellip;]<\/p>\n","protected":false},"author":7,"featured_media":11024,"comment_status":"closed","ping_status":"open","sticky":false,"template":"","format":"standard","meta":{"_acf_changed":false,"inline_featured_image":false,"footnotes":""},"categories":[16],"tags":[],"class_list":["post-10915","post","type-post","status-publish","format-standard","has-post-thumbnail","hentry","category-actualites"],"acf":[],"_links":{"self":[{"href":"https:\/\/www.kyriad-vannes.fr\/es\/wp-json\/wp\/v2\/posts\/10915","targetHints":{"allow":["GET"]}}],"collection":[{"href":"https:\/\/www.kyriad-vannes.fr\/es\/wp-json\/wp\/v2\/posts"}],"about":[{"href":"https:\/\/www.kyriad-vannes.fr\/es\/wp-json\/wp\/v2\/types\/post"}],"author":[{"embeddable":true,"href":"https:\/\/www.kyriad-vannes.fr\/es\/wp-json\/wp\/v2\/users\/7"}],"replies":[{"embeddable":true,"href":"https:\/\/www.kyriad-vannes.fr\/es\/wp-json\/wp\/v2\/comments?post=10915"}],"version-history":[{"count":4,"href":"https:\/\/www.kyriad-vannes.fr\/es\/wp-json\/wp\/v2\/posts\/10915\/revisions"}],"predecessor-version":[{"id":10922,"href":"https:\/\/www.kyriad-vannes.fr\/es\/wp-json\/wp\/v2\/posts\/10915\/revisions\/10922"}],"wp:featuredmedia":[{"embeddable":true,"href":"https:\/\/www.kyriad-vannes.fr\/es\/wp-json\/wp\/v2\/media\/11024"}],"wp:attachment":[{"href":"https:\/\/www.kyriad-vannes.fr\/es\/wp-json\/wp\/v2\/media?parent=10915"}],"wp:term":[{"taxonomy":"category","embeddable":true,"href":"https:\/\/www.kyriad-vannes.fr\/es\/wp-json\/wp\/v2\/categories?post=10915"},{"taxonomy":"post_tag","embeddable":true,"href":"https:\/\/www.kyriad-vannes.fr\/es\/wp-json\/wp\/v2\/tags?post=10915"}],"curies":[{"name":"wp","href":"https:\/\/api.w.org\/{rel}","templated":true}]}}