{"id":10936,"date":"2025-06-30T17:08:56","date_gmt":"2025-06-30T15:08:56","guid":{"rendered":"https:\/\/www.kyriad-vannes.fr\/?p=10936"},"modified":"2026-01-09T14:15:02","modified_gmt":"2026-01-09T13:15:02","slug":"visitas-al-museo-de-vannes","status":"publish","type":"post","link":"https:\/\/www.kyriad-vannes.fr\/es\/actualites\/sorties-au-musee-a-vannes\/","title":{"rendered":"Salidas a museos en Vannes"},"content":{"rendered":"<div data-elementor-type=\"wp-post\" data-elementor-id=\"10936\" class=\"elementor elementor-10936\" data-elementor-post-type=\"post\">\n\t\t\t\t<div class=\"elementor-element elementor-element-e147c34 e-flex e-con-boxed e-con e-parent\" data-id=\"e147c34\" data-element_type=\"container\" data-e-type=\"container\">\n\t\t\t\t\t<div class=\"e-con-inner\">\n\t\t\t\t<div class=\"elementor-element elementor-element-555bff8 elementor-widget elementor-widget-text-editor\" data-id=\"555bff8\" data-element_type=\"widget\" data-e-type=\"widget\" data-widget_type=\"text-editor.default\">\n\t\t\t\t<div class=\"elementor-widget-container\">\n\t\t\t\t\t\t\t\t\t<h2 class=\"content_cms\">Mus\u00e9e des Beaux-Arts: La Cohue<\/h2>\n<p>La Cohue, el\u00a0<a title=\"beaux arts vannes\" href=\"https:\/\/www.mairie-vannes.fr\/vannesloisirs\/musees\/musee-des-beaux-arts-la-cohue\/\" target=\"_blank\" rel=\"noopener noreferrer nofollow\"><strong>museo de bellas artes<\/strong>\u00a0<\/a><strong><a title=\"beaux arts vannes\" href=\"https:\/\/www.mairie-vannes.fr\/vannesloisirs\/musees\/musee-des-beaux-arts-la-cohue\/\" target=\"_blank\" rel=\"noopener noreferrer nofollow\">de Vannes<\/a>\u00a0<\/strong>tiene un estilo muy contempor\u00e1neo. Si usted es\u00a0<strong>amantes del arte<\/strong>Le encantar\u00e1 este museo que, desde hace treinta a\u00f1os, acoge exposiciones temporales que le permitir\u00e1n admirar obras cada vez m\u00e1s variadas.<\/p>\n<p>En la primera planta encontrar\u00e1 obras de Genevi\u00e8ve Asse, pintora bretona de fama internacional. Visite\u00a0<strong>Museo de Bellas Artes de Vannes<\/strong>\u00a0tambi\u00e9n cuenta con una zona de exposici\u00f3n permanente donde podr\u00e1 ver\u00a0<strong>descubra una amplia gama de creaciones art\u00edsticas<\/strong>\u00a0de finales del siglo XIX y principios del XX. Aqu\u00ed podr\u00e1 admirar el famoso\u00a0<em>Cristo en la cruz<\/em>un famoso cuadro de Eug\u00e8ne Delacroix.<\/p>\n<p>Tambi\u00e9n es la ocasi\u00f3n de contemplar sublimes paisajes bretones pintados sobre lienzo, \u00a1un verdadero momento de evasi\u00f3n!<\/p>\n<p>\u00a0<\/p>\n<h2 class=\"content_cms\">Museo de Historia y Arqueolog\u00eda: Ch\u00e2teau Gaillard<\/h2>\n<h3 class=\"content_cms\">Ch\u00e2teau Gaillard y su historia<\/h3>\n<p>El actual\u00a0<a title=\"Museo de Historia y Arqueolog\u00eda de Vannes\" href=\"https:\/\/www.morbihan.com\/vannes\/chateau-gaillard-musee-d-histoire-de-vannes\/tabid\/12562\/offreid\/e8e5fcc8-7e4c-417b-a4c1-cdc0460c607d\" target=\"_blank\" rel=\"noopener noreferrer nofollow\">Museo de Historia y Arqueolog\u00eda de Vannes<\/a><strong>\u00a0<\/strong>tambi\u00e9n se conoce com\u00fanmente como\u00a0<strong>Castillo Gaillard<\/strong>\u00a0por su historia. De hecho, se trata de un antiguo hotel construido en las murallas de Vannes, del siglo XV, que albergaba el parlamento de Breta\u00f1a.<\/p>\t\t\t\t\t\t\t\t<\/div>\n\t\t\t\t<\/div>\n\t\t\t\t<div class=\"elementor-element elementor-element-7be024f elementor-widget elementor-widget-image\" data-id=\"7be024f\" data-element_type=\"widget\" data-e-type=\"widget\" data-widget_type=\"image.default\">\n\t\t\t\t<div class=\"elementor-widget-container\">\n\t\t\t\t\t\t\t\t\t\t\t\t\t\t\t<img fetchpriority=\"high\" decoding=\"async\" width=\"900\" height=\"1350\" src=\"https:\/\/www.kyriad-vannes.fr\/wp-content\/uploads\/2025\/02\/chateau_gaillard_vannes.jpg\" class=\"attachment-full size-full wp-image-10938\" alt=\"\" srcset=\"https:\/\/www.kyriad-vannes.fr\/wp-content\/uploads\/2025\/02\/chateau_gaillard_vannes.jpg 900w, https:\/\/www.kyriad-vannes.fr\/wp-content\/uploads\/2025\/02\/chateau_gaillard_vannes-200x300.jpg 200w, https:\/\/www.kyriad-vannes.fr\/wp-content\/uploads\/2025\/02\/chateau_gaillard_vannes-683x1024.jpg 683w, https:\/\/www.kyriad-vannes.fr\/wp-content\/uploads\/2025\/02\/chateau_gaillard_vannes-768x1152.jpg 768w, https:\/\/www.kyriad-vannes.fr\/wp-content\/uploads\/2025\/02\/chateau_gaillard_vannes-8x12.jpg 8w\" sizes=\"(max-width: 900px) 100vw, 900px\" title=\"\">\t\t\t\t\t\t\t\t\t\t\t\t\t\t\t<\/div>\n\t\t\t\t<\/div>\n\t\t\t\t<div class=\"elementor-element elementor-element-b5b55df elementor-widget elementor-widget-text-editor\" data-id=\"b5b55df\" data-element_type=\"widget\" data-e-type=\"widget\" data-widget_type=\"text-editor.default\">\n\t\t\t\t<div class=\"elementor-widget-container\">\n\t\t\t\t\t\t\t\t\t<p>A lo largo de los siglos se han sucedido los propietarios, y en el siglo XX la sociedad polim\u00e1tica de Morbihan tom\u00f3 posesi\u00f3n de la mansi\u00f3n para exponer una serie de objetos arqueol\u00f3gicos e hist\u00f3ricos.<\/p>\n<p>El edificio conserva sus antiguas chimeneas, vigas del siglo XV y archivos antiguos.<\/p>\n<p>\u00a0<\/p>\n<h3>Museo de Historia y Arqueolog\u00eda de Vannes<\/h3>\n<p>Le\u00a0<strong>Museo de Historia y Arqueolog\u00eda de Vannes<\/strong>con sede en\u00a0<a title=\"Castillo Gaillard\" href=\"https:\/\/www.mairie-vannes.fr\/chateau-gaillard-en-detail\/\" target=\"_blank\" rel=\"noopener noreferrer nofollow\">Castillo Gaillard<\/a>monumento protegido, presenta una serie de\u00a0<strong>objetos del pasado de Morbihan<\/strong>. Desde el Paleol\u00edtico hasta la \u00e9poca galo-romana, estos numerosos objetos trazan la historia de las antiguas civilizaciones del departamento y de la regi\u00f3n. El museo desvela los secretos m\u00e1s salvajes del Morbihan, como la historia de los alineamientos megal\u00edticos de Carnac y otros yacimientos neol\u00edticos de Breta\u00f1a...<\/p>\n<p>\u00a0<\/p>\n<h2 class=\"content_cms\">A dos pasos de su hotel Kyriad en el centro de Vannes.<\/h2>\n<p>Si sue\u00f1a con un\u00a0<strong>viaje cultural a Vannes<\/strong>ahora es el momento de reservar su\u00a0<strong>estancia en el hotel Kyriad de Vannes<\/strong>\u00a0Est\u00e1 a s\u00f3lo 10 minutos a pie del Museo de Bellas Artes y del Museo de Historia y Arqueolog\u00eda. Tambi\u00e9n puede aprovechar la<strong><a title=\"Ofertas especiales estancia en Vannes Kyriad vannes centro\" href=\"https:\/\/www.kyriad-vannes.fr\/es\/tarifs-hotel-vannes.html\/\">oferta actual Kyriad<\/a><\/strong>\u00a0y unas vacaciones a buen precio<\/p>\n<p>As\u00ed que empiece con un buen desayuno en nuestro<strong>\u00a0<a title=\"restaurante A l&#039;Image Sainte-Anne\" href=\"https:\/\/www.kyriad-vannes.fr\/es\/restaurant-vannes.html\/\">restaurante A l'Image Sainte-Anne<\/a><\/strong>Despu\u00e9s, al museo para un d\u00eda de aprendizaje.<\/p>\n<p>\u00a0<\/p>\n<div class=\"emphase2\">Para m\u00e1s informaci\u00f3n o reservas, llame al 02 97 63 27 36<\/div>\t\t\t\t\t\t\t\t<\/div>\n\t\t\t\t<\/div>\n\t\t\t\t\t<\/div>\n\t\t\t\t<\/div>\n\t\t\t\t<\/div>","protected":false},"excerpt":{"rendered":"<p>Le Mus\u00e9e des Beaux-Arts : La Cohue La Cohue, le\u00a0mus\u00e9e de beaux-arts\u00a0de Vannes\u00a0arbore un style tr\u00e8s contemporain. Si vous \u00eates\u00a0amateurs d&rsquo;art, vous allez adorer ce mus\u00e9e\u00a0qui abrite des expositions eph\u00e9m\u00e8res depuis une trentaine d\u2019ann\u00e9es et vous permet d\u2019admirer des \u0153uvres toujours plus diverses et vari\u00e9es. Au premier \u00e9tage, vous trouverez\u00a0les \u0153uvres de Genevi\u00e8ve Asse, peintre [&hellip;]<\/p>\n","protected":false},"author":7,"featured_media":9147,"comment_status":"closed","ping_status":"open","sticky":false,"template":"","format":"standard","meta":{"_acf_changed":false,"inline_featured_image":false,"footnotes":""},"categories":[16],"tags":[],"class_list":["post-10936","post","type-post","status-publish","format-standard","has-post-thumbnail","hentry","category-actualites"],"acf":[],"_links":{"self":[{"href":"https:\/\/www.kyriad-vannes.fr\/es\/wp-json\/wp\/v2\/posts\/10936","targetHints":{"allow":["GET"]}}],"collection":[{"href":"https:\/\/www.kyriad-vannes.fr\/es\/wp-json\/wp\/v2\/posts"}],"about":[{"href":"https:\/\/www.kyriad-vannes.fr\/es\/wp-json\/wp\/v2\/types\/post"}],"author":[{"embeddable":true,"href":"https:\/\/www.kyriad-vannes.fr\/es\/wp-json\/wp\/v2\/users\/7"}],"replies":[{"embeddable":true,"href":"https:\/\/www.kyriad-vannes.fr\/es\/wp-json\/wp\/v2\/comments?post=10936"}],"version-history":[{"count":4,"href":"https:\/\/www.kyriad-vannes.fr\/es\/wp-json\/wp\/v2\/posts\/10936\/revisions"}],"predecessor-version":[{"id":10941,"href":"https:\/\/www.kyriad-vannes.fr\/es\/wp-json\/wp\/v2\/posts\/10936\/revisions\/10941"}],"wp:featuredmedia":[{"embeddable":true,"href":"https:\/\/www.kyriad-vannes.fr\/es\/wp-json\/wp\/v2\/media\/9147"}],"wp:attachment":[{"href":"https:\/\/www.kyriad-vannes.fr\/es\/wp-json\/wp\/v2\/media?parent=10936"}],"wp:term":[{"taxonomy":"category","embeddable":true,"href":"https:\/\/www.kyriad-vannes.fr\/es\/wp-json\/wp\/v2\/categories?post=10936"},{"taxonomy":"post_tag","embeddable":true,"href":"https:\/\/www.kyriad-vannes.fr\/es\/wp-json\/wp\/v2\/tags?post=10936"}],"curies":[{"name":"wp","href":"https:\/\/api.w.org\/{rel}","templated":true}]}}