{"id":10948,"date":"2025-06-18T17:36:56","date_gmt":"2025-06-18T15:36:56","guid":{"rendered":"https:\/\/www.kyriad-vannes.fr\/?p=10948"},"modified":"2026-01-09T14:17:46","modified_gmt":"2026-01-09T13:17:46","slug":"recetas-de-nuestro-chef-para-recordar-la-imagen-de-santa-ana","status":"publish","type":"post","link":"https:\/\/www.kyriad-vannes.fr\/es\/actualites\/les-recettes-de-notre-chef-qui-vous-rappellent-a-limage-sainte-anne\/","title":{"rendered":"Las recetas de nuestro chef que recuerdan a \u00c0 l'Image Sainte-Anne"},"content":{"rendered":"<div data-elementor-type=\"wp-post\" data-elementor-id=\"10948\" class=\"elementor elementor-10948\" data-elementor-post-type=\"post\">\n\t\t\t\t<div class=\"elementor-element elementor-element-e147c34 e-flex e-con-boxed e-con e-parent\" data-id=\"e147c34\" data-element_type=\"container\" data-e-type=\"container\">\n\t\t\t\t\t<div class=\"e-con-inner\">\n\t\t\t\t<div class=\"elementor-element elementor-element-555bff8 elementor-widget elementor-widget-text-editor\" data-id=\"555bff8\" data-element_type=\"widget\" data-e-type=\"widget\" data-widget_type=\"text-editor.default\">\n\t\t\t\t<div class=\"elementor-widget-container\">\n\t\t\t\t\t\t\t\t\t<p>Nuestro restaurante ha decidido ofrecerle algunas recetas mientras esperamos su reapertura.<\/p><p>Para que pueda\u00a0<strong>date un capricho en casa<\/strong>\u00a0o reg\u00e1lese un capricho cocinando para sus amigos y familiares, nuestro chef Fr\u00e9d\u00e9ric Th\u00e9baud ha reunido algunas de sus propias recetas.<\/p><p>\u00a0<\/p><h2 class=\"content_cms\"><strong>Recetas dulces y saladas que combinan modernidad y tradici\u00f3n<\/strong><\/h2><p>Encontrar\u00e1 el acento bret\u00f3n en algunas recetas y el sabor de anta\u00f1o en otras... \u00a1Tambi\u00e9n puede descubrir la receta del c\u00f3ctel \u00c0 l'Image Sainte-Anne en la carta de nuestro restaurante!<\/p><p>Cocina platos que cambian o grandes cl\u00e1sicos, como nuestro restaurante, que combina tradici\u00f3n y modernidad en sus platos.<\/p><p>Encontrar\u00e1 un avance de las recetas en la p\u00e1gina\u00a0<a href=\"https:\/\/www.instagram.com\/restaurant_a_image_sainte_anne\/\" target=\"_blank\" rel=\"noopener noreferrer nofollow\"><strong>Cuenta Instagram<\/strong><\/a>\u00a0de nuestra\u00a0<strong>Restaurante \u00c0 l'Image Sainte-Anne.<\/strong><\/p><p>\u00a0<\/p><p><strong><em>De lo dulce a lo salado, \u00a1divi\u00e9rtete jugando a ser chef!<\/em><\/strong><\/p><p>\u00a0<\/p><h3 class=\"content_cms\"><strong>Nuestras recetas hasta la reapertura de los restaurantes<\/strong><\/h3><p>\u00a0<\/p><ul><li><strong>Receta n\u00b0I<\/strong>\u00a0:\u00a0<em>Risotto en infusi\u00f3n - bacon bret\u00f3n y salchicha andouille<\/em><\/li><\/ul><p><strong><a title=\"Receta A l&#039;Image Sainte Anne Risotto a la Vannes\" href=\"https:\/\/www.assiwa.fr\/medias\/kyriad\/Recette%20A%20l&#039;Image%20Sainte%20Anne%20-%20Risotto%20infuse.pdf\" target=\"_blank\" rel=\"noopener noreferrer nofollow\">HOJA DE RECETAS<\/a><\/strong><\/p><p><a title=\"Receta A l&#039;Image Sainte Anne Risotto infusionado\" href=\"https:\/\/www.assiwa.fr\/medias\/kyriad\/Recette%20A%20l&#039;Image%20Sainte%20Anne%20-%20Risotto%20infuse.pdf\" target=\"_blank\" rel=\"noopener noreferrer nofollow\"><img decoding=\"async\" src=\"https:\/\/www.kyriad-vannes.fr\/medias\/5_1.png\" alt=\"Imagen Receta de risotto Sainte Anne \" width=\"200\" height=\"200\" title=\"\"><\/a><\/p><ul><li>\u00a0<strong>Receta n\u00b0II<\/strong>\u00a0:\u00a0<em>Fresas y vino tinto<\/em><\/li><\/ul><p><strong><a title=\"Receta Fresas y vino tinto \u00c0 l&#039;Image Sainte Anne restaurante Vannes\" href=\"https:\/\/www.assiwa.fr\/medias\/kyriad\/Recette%20Fraises%20et%20vin%20rouge%20restaurant%20A%20l&#039;Image%20Sainte%20Anne.pdf\" rel=\"nofollow noopener\" target=\"_blank\">HOJA DE RECETAS<\/a><\/strong><\/p><p><em><a title=\"receta fresas y vino tinto restaurante Vannes a l&#039;image sainte anne Kyriad\" href=\"https:\/\/www.assiwa.fr\/medias\/kyriad\/Recette%20Fraises%20et%20vin%20rouge%20restaurant%20A%20l&#039;Image%20Sainte%20Anne.pdf\" rel=\"nofollow noopener\" target=\"_blank\"><img decoding=\"async\" src=\"https:\/\/www.kyriad-vannes.fr\/medias\/Recette_n%C2%B02_Fraises_et_vin_rouge_restaurant_%C3%80_lImage_Sainte_Anne.png\" alt=\"receta n\u00b02 fresas y vino tinto restaurante \u00c0 l&#039;Image Sainte Anne Vannes\" width=\"200\" height=\"200\" title=\"\"><\/a><br \/><\/em><\/p><h2 class=\"content_cms\">\u00a0<\/h2><h2 class=\"content_cms\"><strong>Nuestro restaurante Ma\u00eetre Restaurateur le propone algunas de sus recetas<\/strong><\/h2><p>Nuestro restaurante recibi\u00f3 el t\u00edtulo\u00a0<strong>Maestro restaurador<\/strong>\u00a0en septiembre de 2013 y lo renov\u00f3 en 2017.<\/p><p>Nuestro chef y su segundo, Fr\u00e9d\u00e9ric y Guillaume, crean una cocina aut\u00e9ntica que no se basa en el montaje ni en platos precocinados que simplemente hay que recalentar.<\/p><p>Se comprometen a respetar unas normas sencillas que garantizan un servicio de calidad, desde la acogida y el servicio de mesa hasta la decoraci\u00f3n. Tambi\u00e9n cumplen las normas de salud y seguridad, como cualquier restaurador que se precie y respete a sus clientes.<\/p><p>\u00a0<\/p><p><strong><em>\u00c0 l'Image Sainte-Anne sirve cocina tradicional y creativa, siempre casera.<\/em><\/strong><\/p><p>\u00a0<\/p><p>Nuestro saber hacer y la calidad de los productos que utilizamos, principalmente locales, hacen de nuestro establecimiento un restaurante de elecci\u00f3n, como atestigua nuestra certificaci\u00f3n de Ma\u00eetre Restaurateur.<\/p><p><strong><a title=\"restaurante certificado Maitre Restaurateur en Vannes Breta\u00f1a\" href=\"https:\/\/www.kyriad-vannes.fr\/es\/actus\/restaurant-vannes-maitre-restaurateur-a-l-image-sainte-anne-34.html\/\">&gt; M\u00e1s informaci\u00f3n sobre la certificaci\u00f3n Ma\u00eetre Restaurateur<\/a><\/strong><\/p><p>\u00a0<\/p><p>Si preparas nuestras recetas en casa, no dudes en etiquetarnos en Instagram y utilizar la etiqueta\u00a0<a class=\"xil3i\" tabindex=\"0\" title=\"inicio recetas restaurante A l&#039;Image Sainte-Anne\" href=\"https:\/\/www.instagram.com\/explore\/tags\/imagesainteannechezmoi\/\" target=\"_blank\" rel=\"noopener noreferrer nofollow\">#imagesainteannechezmoi<\/a>\u00a1Nos encantar\u00eda volver a compartir tus fotos!\u00a0<\/p><p>\u00a0<\/p><div class=\"emphase emphase2\">Para contactar con nuestro hotel restaurante :\u00a0<strong>02 97 63 27 36<\/strong>\u00a0o\u00a0<strong><a href=\"mailto:info@kyriad-vannescentre.com\">info@kyriad-vannescentre.com<\/a><\/strong><\/div>\t\t\t\t\t\t\t\t<\/div>\n\t\t\t\t<\/div>\n\t\t\t\t\t<\/div>\n\t\t\t\t<\/div>\n\t\t\t\t<\/div>","protected":false},"excerpt":{"rendered":"<p>Notre restaurant a d\u00e9cid\u00e9 de vous proposer quelques recettes en attendant sa r\u00e9ouverture. Pour que vous puissiez vous\u00a0r\u00e9galer \u00e0 la maison\u00a0ou vous faire plaisir en cuisinant pour vos proches, notre chef Fr\u00e9d\u00e9ric Th\u00e9baud vous propose quelques-unes de ses recettes\u00a0! \u00a0 Des recettes sucr\u00e9es et sal\u00e9es entre modernit\u00e9 et tradition Retrouvez l\u2019accent breton dans certaines recettes [&hellip;]<\/p>\n","protected":false},"author":7,"featured_media":11102,"comment_status":"closed","ping_status":"open","sticky":false,"template":"","format":"standard","meta":{"_acf_changed":false,"inline_featured_image":false,"footnotes":""},"categories":[16],"tags":[],"class_list":["post-10948","post","type-post","status-publish","format-standard","has-post-thumbnail","hentry","category-actualites"],"acf":[],"_links":{"self":[{"href":"https:\/\/www.kyriad-vannes.fr\/es\/wp-json\/wp\/v2\/posts\/10948","targetHints":{"allow":["GET"]}}],"collection":[{"href":"https:\/\/www.kyriad-vannes.fr\/es\/wp-json\/wp\/v2\/posts"}],"about":[{"href":"https:\/\/www.kyriad-vannes.fr\/es\/wp-json\/wp\/v2\/types\/post"}],"author":[{"embeddable":true,"href":"https:\/\/www.kyriad-vannes.fr\/es\/wp-json\/wp\/v2\/users\/7"}],"replies":[{"embeddable":true,"href":"https:\/\/www.kyriad-vannes.fr\/es\/wp-json\/wp\/v2\/comments?post=10948"}],"version-history":[{"count":4,"href":"https:\/\/www.kyriad-vannes.fr\/es\/wp-json\/wp\/v2\/posts\/10948\/revisions"}],"predecessor-version":[{"id":10952,"href":"https:\/\/www.kyriad-vannes.fr\/es\/wp-json\/wp\/v2\/posts\/10948\/revisions\/10952"}],"wp:featuredmedia":[{"embeddable":true,"href":"https:\/\/www.kyriad-vannes.fr\/es\/wp-json\/wp\/v2\/media\/11102"}],"wp:attachment":[{"href":"https:\/\/www.kyriad-vannes.fr\/es\/wp-json\/wp\/v2\/media?parent=10948"}],"wp:term":[{"taxonomy":"category","embeddable":true,"href":"https:\/\/www.kyriad-vannes.fr\/es\/wp-json\/wp\/v2\/categories?post=10948"},{"taxonomy":"post_tag","embeddable":true,"href":"https:\/\/www.kyriad-vannes.fr\/es\/wp-json\/wp\/v2\/tags?post=10948"}],"curies":[{"name":"wp","href":"https:\/\/api.w.org\/{rel}","templated":true}]}}