{"id":11345,"date":"2025-06-14T16:14:11","date_gmt":"2025-06-14T14:14:11","guid":{"rendered":"https:\/\/www.kyriad-vannes.fr\/?p=11345"},"modified":"2026-01-09T14:21:22","modified_gmt":"2026-01-09T13:21:22","slug":"un-soplo-de-aire-fresco-en-vannes-nueva-fragancia-dambiance-kyriad","status":"publish","type":"post","link":"https:\/\/www.kyriad-vannes.fr\/es\/actualites\/un-souffle-dete-a-vannes-nouveau-parfum-dambiance-kyriad\/","title":{"rendered":"UN SOPLO DE VERANO EN VANNES: LA NUEVA FRAGANCIA PARA EL HOGAR DE KYRIAD"},"content":{"rendered":"<div data-elementor-type=\"wp-post\" data-elementor-id=\"11345\" class=\"elementor elementor-11345\" data-elementor-post-type=\"post\">\n\t\t\t\t<div class=\"elementor-element elementor-element-533d5549 e-flex e-con-boxed e-con e-parent\" data-id=\"533d5549\" data-element_type=\"container\" data-e-type=\"container\">\n\t\t\t\t\t<div class=\"e-con-inner\">\n\t\t\t\t<div class=\"elementor-element elementor-element-a10f0ce elementor-widget elementor-widget-text-editor\" data-id=\"a10f0ce\" data-element_type=\"widget\" data-e-type=\"widget\" data-widget_type=\"text-editor.default\">\n\t\t\t\t<div class=\"elementor-widget-container\">\n\t\t\t\t\t\t\t\t\t<p><\/p>\n<h2 class=\"wp-block-heading\"><strong>Prolongue su estancia en Vannes con la fragancia de la casa Kyriad<\/strong><\/h2>\n<p><\/p>\n<p>Su estancia en <strong>Kyriad Vannes Centre-Ville <\/strong>es algo m\u00e1s que una noche de hotel: es una experiencia completa, en la que cada detalle cuenta. Y si pudieras llevarte contigo ese ambiente reconfortante de tu propia casa? <strong>vacaciones de verano en Breta\u00f1a<\/strong> ?<\/p>\n<p>\u00a0<\/p>\n<p>Ahora es posible con nuestro <strong>Ambientador Kyriad \"Souffle d'\u00c9t\u00e9<\/strong>\"A la venta en recepci\u00f3n.<\/p>\n<p>\u00a0<\/p>\n<p>\u00a0<\/p>\n<p><\/p>\n<figure class=\"wp-block-image size-full is-resized\"><img fetchpriority=\"high\" decoding=\"async\" class=\"aligncenter wp-image-11361\" src=\"https:\/\/www.kyriad-vannes.fr\/wp-content\/uploads\/2025\/06\/parfum-d-ambiance-KY-2-ConvertImage-1024x726.jpg\" alt=\"Kyriad aire de verano\" width=\"600\" height=\"426\" title=\"\" srcset=\"https:\/\/www.kyriad-vannes.fr\/wp-content\/uploads\/2025\/06\/parfum-d-ambiance-KY-2-ConvertImage-1024x726.jpg 1024w, https:\/\/www.kyriad-vannes.fr\/wp-content\/uploads\/2025\/06\/parfum-d-ambiance-KY-2-ConvertImage-300x213.jpg 300w, https:\/\/www.kyriad-vannes.fr\/wp-content\/uploads\/2025\/06\/parfum-d-ambiance-KY-2-ConvertImage-768x545.jpg 768w, https:\/\/www.kyriad-vannes.fr\/wp-content\/uploads\/2025\/06\/parfum-d-ambiance-KY-2-ConvertImage-1536x1090.jpg 1536w, https:\/\/www.kyriad-vannes.fr\/wp-content\/uploads\/2025\/06\/parfum-d-ambiance-KY-2-ConvertImage-18x12.jpg 18w, https:\/\/www.kyriad-vannes.fr\/wp-content\/uploads\/2025\/06\/parfum-d-ambiance-KY-2-ConvertImage.jpg 1748w\" sizes=\"(max-width: 600px) 100vw, 600px\" \/><\/figure>\n<p><\/p>\n<div class=\"wp-block-spacer\" style=\"height: 31px;\" aria-hidden=\"true\">\u00a0<\/div>\n<p><\/p>\n<h2 class=\"wp-block-heading\"><strong>Un recuerdo de su estancia en el sur de Breta\u00f1a<\/strong><\/h2>\n<p><\/p>\n<p>Desarrollada en colaboraci\u00f3n con los perfumistas de Grasse, esta fragancia <strong>Un soplo de verano Kyriad<\/strong> se ha dise\u00f1ado para encarnar la calidez y suavidad de un <strong>vacaciones de verano en Vannes<\/strong>. En cuanto llegue a nuestro <strong>hotel en Breta\u00f1a<\/strong>Te envuelve y te acompa\u00f1a a lo largo de tu experiencia.<\/p>\n<p>\u00a0<\/p>\n<p>Este <strong>Ambientador Kyriad<\/strong> con notas de verbena, azahar, iris y almizcle evoca la sensaci\u00f3n de un rayo de sol en la piel y el frescor de las noches de verano junto al mar. <a href=\"https:\/\/morbihan.com\/decouvrir\/sauvage-mythique\/un-littoral-dexception\/les-plus-belles-plages-du-morbihan\/\" rel=\"nofollow noopener\" target=\"_blank\">playas de Morbihan<\/a>.<\/p>\n<p>\u00a0<\/p>\n<p>Le <strong>Ambientador Kyriad<\/strong> se presenta en un frasco de 100 ml con un difusor en stick. Es una idea de regalo estupenda para traerte de viaje. <strong>estancia en Breta\u00f1a<\/strong>. A la vez est\u00e9tica y sensorial, se integra f\u00e1cilmente en cualquier interior y nos recuerda con cada respiraci\u00f3n los buenos momentos pasados descubriendo el mundo que nos rodea. <a href=\"https:\/\/www.kyriad-vannes.fr\/es\/noticias\/descubra-vannes-y-sus-alrededores-en-bretana-del-sur\/\">en Vannes y el sur de Breta\u00f1a<\/a><\/p>\n<p>\u00a0<\/p>\n<p><em>A la venta en recepci\u00f3n - 19,90 euros IVA incl.<\/em><\/p>\n<p><\/p>\n<h2 class=\"wp-block-heading\">\u00a0<\/h2>\n<h2 class=\"wp-block-heading\"><strong>Un hotel en el coraz\u00f3n de Vannes para vivir plenamente la Breta\u00f1a francesa<\/strong><\/h2>\n<p><\/p>\n<p>Nuestro hotel <strong>Kyriad Vannes Centre-Ville<\/strong> est\u00e1 idealmente situado a las puertas de la ciudad medieval, a poca distancia de las calles comerciales, el puerto y las atracciones culturales. Gracias a esta c\u00e9ntrica ubicaci\u00f3n, podr\u00e1 salir f\u00e1cilmente a descubrir la ciudad. <strong>Golfo de Morbihan<\/strong>Los principales atractivos de la ciudad son sus museos, mercados, murallas y los numerosos actos que se organizan a lo largo del a\u00f1o.<\/p>\n<p>\u00a0<\/p>\n<p>Disfrute del c\u00e1lido ambiente de nuestras habitaciones, decoradas con gusto, y del\u00e9itese con una deliciosa comida en nuestro restaurante. <a href=\"https:\/\/www.kyriad-vannes.fr\/es\/noticias\/el-restaurante-a-limage-sainte-anne-en-vannes-certificado-maitre-restaurateur\/\"><strong>Restaurante \u00c0 l'Image Sainte-Anne<\/strong><\/a>El restaurante, galardonado con el sello \"Ma\u00eetre Restaurateur\", ofrece una cocina de calidad inspirada en la regi\u00f3n bretona.<\/p>\n<p>\u00a0<\/p>\n<p>Y para una estancia a\u00fan m\u00e1s c\u00f3moda, nuestro <strong>Hotel de 3 estrellas en<\/strong> <strong>V\u00e1lvulas<\/strong> tiene un <strong>aparcamiento privado <\/strong>que le facilitar\u00e1 sus desplazamientos con toda tranquilidad (aparcamiento de pago con reserva, plazas limitadas).<\/p>\n<p>\u00a0<\/p>\n<p>Descubre esto <strong>Ambientador Kyriad<\/strong> que, como un soplo de verano, se convertir\u00e1 en tu atm\u00f3sfera favorita... Nunca querr\u00e1s dejar este aroma, que te recuerda el pasado. <strong>vacaciones en Breta\u00f1a<\/strong>\u00a0!<\/p>\n<p><\/p>\t\t\t\t\t\t\t\t<\/div>\n\t\t\t\t<\/div>\n\t\t\t\t\t<\/div>\n\t\t\t\t<\/div>\n\t\t\t\t<\/div>","protected":false},"excerpt":{"rendered":"<p>Prolongez votre s\u00e9jour \u00e0 Vannes avec le parfum d\u2019ambiance Kyriad Votre s\u00e9jour au Kyriad Vannes Centre-Ville ne se limite pas \u00e0 une nuit d\u2019h\u00f4tel, c\u2019est une exp\u00e9rience compl\u00e8te, o\u00f9 chaque d\u00e9tail compte. Et si vous pouviez emporter chez vous cette ambiance r\u00e9confortante de vos vacances d&rsquo;\u00e9t\u00e9 en Bretagne ? \u00a0 C\u2019est d\u00e9sormais possible avec notre [&hellip;]<\/p>\n","protected":false},"author":18,"featured_media":11352,"comment_status":"closed","ping_status":"open","sticky":false,"template":"","format":"standard","meta":{"_acf_changed":false,"inline_featured_image":false,"footnotes":""},"categories":[16],"tags":[],"class_list":["post-11345","post","type-post","status-publish","format-standard","has-post-thumbnail","hentry","category-actualites"],"acf":[],"_links":{"self":[{"href":"https:\/\/www.kyriad-vannes.fr\/es\/wp-json\/wp\/v2\/posts\/11345","targetHints":{"allow":["GET"]}}],"collection":[{"href":"https:\/\/www.kyriad-vannes.fr\/es\/wp-json\/wp\/v2\/posts"}],"about":[{"href":"https:\/\/www.kyriad-vannes.fr\/es\/wp-json\/wp\/v2\/types\/post"}],"author":[{"embeddable":true,"href":"https:\/\/www.kyriad-vannes.fr\/es\/wp-json\/wp\/v2\/users\/18"}],"replies":[{"embeddable":true,"href":"https:\/\/www.kyriad-vannes.fr\/es\/wp-json\/wp\/v2\/comments?post=11345"}],"version-history":[{"count":13,"href":"https:\/\/www.kyriad-vannes.fr\/es\/wp-json\/wp\/v2\/posts\/11345\/revisions"}],"predecessor-version":[{"id":11406,"href":"https:\/\/www.kyriad-vannes.fr\/es\/wp-json\/wp\/v2\/posts\/11345\/revisions\/11406"}],"wp:featuredmedia":[{"embeddable":true,"href":"https:\/\/www.kyriad-vannes.fr\/es\/wp-json\/wp\/v2\/media\/11352"}],"wp:attachment":[{"href":"https:\/\/www.kyriad-vannes.fr\/es\/wp-json\/wp\/v2\/media?parent=11345"}],"wp:term":[{"taxonomy":"category","embeddable":true,"href":"https:\/\/www.kyriad-vannes.fr\/es\/wp-json\/wp\/v2\/categories?post=11345"},{"taxonomy":"post_tag","embeddable":true,"href":"https:\/\/www.kyriad-vannes.fr\/es\/wp-json\/wp\/v2\/tags?post=11345"}],"curies":[{"name":"wp","href":"https:\/\/api.w.org\/{rel}","templated":true}]}}