{"id":11817,"date":"2022-11-08T10:00:21","date_gmt":"2022-11-08T09:00:21","guid":{"rendered":"https:\/\/www.kyriad-vannes.fr\/?p=11817"},"modified":"2026-01-09T14:02:04","modified_gmt":"2026-01-09T13:02:04","slug":"menu-de-ano-nuevo-para-llevar-en-vannes","status":"publish","type":"post","link":"https:\/\/www.kyriad-vannes.fr\/es\/actualites\/menu-du-nouvel-an-a-emporter-a-vannes\/","title":{"rendered":"Men\u00fa de A\u00f1o Nuevo para llevar en Vannes"},"content":{"rendered":"<div data-elementor-type=\"wp-post\" data-elementor-id=\"11817\" class=\"elementor elementor-11817\" data-elementor-post-type=\"post\">\n\t\t\t\t<div class=\"elementor-element elementor-element-533d5549 e-con-full e-flex e-con e-parent\" data-id=\"533d5549\" data-element_type=\"container\" data-e-type=\"container\">\n\t\t\t\t<div class=\"elementor-element elementor-element-a10f0ce elementor-widget elementor-widget-text-editor\" data-id=\"a10f0ce\" data-element_type=\"widget\" data-e-type=\"widget\" data-widget_type=\"text-editor.default\">\n\t\t\t\t<div class=\"elementor-widget-container\">\n\t\t\t\t\t\t\t\t\t<h2>Tu cena de Nochevieja para llevar en Vannes<\/h2>\n<p>Este a\u00f1o nuestro restaurante \u00c0 l'Image Sainte-Anne se complace en ofrecerle una <strong>men\u00fa festivo para llevar<\/strong> para su <strong>Nochevieja en el golfo de Morbihan<\/strong>. \u00bfQu\u00e9 puede haber m\u00e1s divertido que disfrutar de una deliciosa comida festiva en Nochevieja?<\/p>\n<p>\u00a0<\/p>\n<p>Olv\u00eddese de las horas pasadas en la cocina y dese un capricho con nuestro <strong>men\u00fa de a\u00f1o nuevo para llevar<\/strong>.<\/p>\n<p>\u00a0<\/p>\n<p>Elija el lugar, la decoraci\u00f3n, el ambiente y conf\u00ede su evento a nuestro restaurante. <strong>comida del 31 de diciembre<\/strong> por la noche... (\u00a1Todo lo que tienes que hacer es recalentar la vajilla y poner los platos!)<\/p>\n<p>\u00a0<\/p>\n<p>Le <strong>31 de diciembre men\u00fa para llevar<\/strong> que podemos ofrecerle:<\/p>\n<p><!-- \/wp:paragraph --><\/p>\t\t\t\t\t\t\t\t<\/div>\n\t\t\t\t<\/div>\n\t\t\t\t<div class=\"elementor-element elementor-element-c42e825 elementor-widget__width-initial elementor-widget-mobile__width-initial elementor-widget elementor-widget-image\" data-id=\"c42e825\" data-element_type=\"widget\" data-e-type=\"widget\" data-widget_type=\"image.default\">\n\t\t\t\t<div class=\"elementor-widget-container\">\n\t\t\t\t\t\t\t\t\t\t\t\t\t\t\t<img fetchpriority=\"high\" decoding=\"async\" width=\"1748\" height=\"1240\" src=\"https:\/\/www.kyriad-vannes.fr\/wp-content\/uploads\/2025\/11\/Menu-du-Nouvel-An-a-emporter-a-Vannes-centre-restaurant-maitre-restaurateur.png\" class=\"attachment-full size-full wp-image-11824\" alt=\"\" srcset=\"https:\/\/www.kyriad-vannes.fr\/wp-content\/uploads\/2025\/11\/Menu-du-Nouvel-An-a-emporter-a-Vannes-centre-restaurant-maitre-restaurateur.png 1748w, https:\/\/www.kyriad-vannes.fr\/wp-content\/uploads\/2025\/11\/Menu-du-Nouvel-An-a-emporter-a-Vannes-centre-restaurant-maitre-restaurateur-300x213.png 300w, https:\/\/www.kyriad-vannes.fr\/wp-content\/uploads\/2025\/11\/Menu-du-Nouvel-An-a-emporter-a-Vannes-centre-restaurant-maitre-restaurateur-1024x726.png 1024w, https:\/\/www.kyriad-vannes.fr\/wp-content\/uploads\/2025\/11\/Menu-du-Nouvel-An-a-emporter-a-Vannes-centre-restaurant-maitre-restaurateur-768x545.png 768w, https:\/\/www.kyriad-vannes.fr\/wp-content\/uploads\/2025\/11\/Menu-du-Nouvel-An-a-emporter-a-Vannes-centre-restaurant-maitre-restaurateur-1536x1090.png 1536w, https:\/\/www.kyriad-vannes.fr\/wp-content\/uploads\/2025\/11\/Menu-du-Nouvel-An-a-emporter-a-Vannes-centre-restaurant-maitre-restaurateur-18x12.png 18w\" sizes=\"(max-width: 1748px) 100vw, 1748px\" title=\"\">\t\t\t\t\t\t\t\t\t\t\t\t\t\t\t<\/div>\n\t\t\t\t<\/div>\n\t\t\t\t<div class=\"elementor-element elementor-element-f7f0138 elementor-widget elementor-widget-text-editor\" data-id=\"f7f0138\" data-element_type=\"widget\" data-e-type=\"widget\" data-widget_type=\"text-editor.default\">\n\t\t\t\t<div class=\"elementor-widget-container\">\n\t\t\t\t\t\t\t\t\t<p><em>*Pago completo en el momento del pedido.<\/em><\/p><p>\u00a0<\/p>\t\t\t\t\t\t\t\t<\/div>\n\t\t\t\t<\/div>\n\t\t\t\t<div class=\"elementor-element elementor-element-441bf0b elementor-widget elementor-widget-text-editor\" data-id=\"441bf0b\" data-element_type=\"widget\" data-e-type=\"widget\" data-widget_type=\"text-editor.default\">\n\t\t\t\t<div class=\"elementor-widget-container\">\n\t\t\t\t\t\t\t\t\t<h3>\u00bfC\u00f3mo se pide la cena para llevar del 31 de diciembre?<\/h3>\n<p>\u00a1Es tan sencillo!<\/p>\n<p>\u00a0<\/p>\n<ul>\n<li>T\u00f3mate tu tiempo para revisar el men\u00fa y el n\u00famero de personas a las que recibir\u00e1s en Nochevieja.<\/li>\n<li>Entonces toma nuestro <strong>formulario de pedido<\/strong> m\u00e1s abajo o venga a vernos al hotel.<\/li>\n<li>Rellene el formulario de pedido al final de la p\u00e1gina, indicando la cantidad en la casilla de la derecha (men\u00fa de A\u00f1o Nuevo para llevar y\/o foie gras casero para llevar).<\/li>\n<li>Env\u00edenoslo por correo electr\u00f3nico o entr\u00e9guelo en el hotel.<\/li>\n<li>Nos pondremos en contacto con usted para realizar el pago cuando haga el pedido, o puede realizar el pago en el hotel.<\/li>\n<\/ul>\t\t\t\t\t\t\t\t<\/div>\n\t\t\t\t<\/div>\n\t\t\t\t<div class=\"elementor-element elementor-element-5b0a47c elementor-widget elementor-widget-text-editor\" data-id=\"5b0a47c\" data-element_type=\"widget\" data-e-type=\"widget\" data-widget_type=\"text-editor.default\">\n\t\t\t\t<div class=\"elementor-widget-container\">\n\t\t\t\t\t\t\t\t\t<p>\u00a0<\/p>\n<p><a href=\"https:\/\/www.kyriad-vannes.fr\/wp-content\/uploads\/2025\/11\/Bon-de-commande-Fetes-2025-Restaurant-A-lImage-Sainte-Anne-Vannes.pdf\"><span style=\"text-decoration: underline;\"><strong>FORMULARIO DE PEDIDO - F\u00caTES 2025<\/strong><\/span><\/a><\/p>\n<p>\u00a0<\/p>\n<p>\u00a0<\/p>\t\t\t\t\t\t\t\t<\/div>\n\t\t\t\t<\/div>\n\t\t\t\t<div class=\"elementor-element elementor-element-5694210 elementor-widget elementor-widget-text-editor\" data-id=\"5694210\" data-element_type=\"widget\" data-e-type=\"widget\" data-widget_type=\"text-editor.default\">\n\t\t\t\t<div class=\"elementor-widget-container\">\n\t\t\t\t\t\t\t\t\t<h2>Foie gras casero en Vannes para sus fiestas<\/h2><p>Como las buenas noticias nunca vienen solas... Descubra nuestra <a href=\"https:\/\/www.kyriad-vannes.fr\/es\/noticias\/foie-gras-casero-para-llevar-a-sus-fiestas\/\"><strong><u>foie gras casero para llevar en Vannes<\/u><\/strong><\/a>\u00a0!<\/p><p>Podemos preparar <strong>foie gras casero para las fiestas<\/strong>. Se vende en bloques de 200 a 400g a 120\u20ac\/kg, piense en hacer un pedido.<\/p><p>Imprescindible en cualquier comida festiva, puede disfrutarlo en un restaurante...<\/p><p>\u00bfSe ha enamorado? Ll\u00e9vese a casa un bloque de foie gras casero de nuestro chef para sus ocasiones especiales. <strong>comidas festivas en Morbihan<\/strong>. Ya sea por Navidad <strong>v\u00edspera de a\u00f1o nuevo<\/strong> o para el primer d\u00eda de 2026... \u00a1Ser\u00e1 un regalo para tus invitados!<\/p><p>\u00a0<\/p><h3>Ma\u00eetre Restaurateur de cocina en Vannes<\/h3><p>Platos \"Ma\u00eetre Restaurateur\" para un momento gourmet con los suyos, para celebrar el <strong>A\u00d1O NUEVO<\/strong> desde la noche del 31.<\/p><p>Nuestro restaurante \u00c0 l'Image Sainte-Anne de Vannes ostenta el <strong>Certificaci\u00f3n de Maestro Restaurador<\/strong> desde hace m\u00e1s de 10 a\u00f1os sin interrupci\u00f3n. Una garant\u00eda de la calidad de nuestra cocina, nuestros productos y nuestro servicio, que es muy importante para nosotros.<\/p><p>En <a href=\"https:\/\/www.kyriad-vannes.fr\/es\/noticias\/animaciones-navidenas-cerca-de-kyriad-vannes\/\"><span style=\"text-decoration: underline;\"><strong>fiestas de fin de a\u00f1o<\/strong><\/span><\/a> son una oportunidad para reunirse y compartir dulces momentos, para dos, con la familia o los amigos. Estos momentos son preciosos, y queremos contribuir a su \u00e9xito ofreci\u00e9ndole platos de calidad que har\u00e1n las delicias de los gourmets.<\/p><p>\u00a0<\/p><h2>Almuerzo el 1 de enero de 2026 en el restaurante del centro de Vannes<\/h2><p>Que no cunda el p\u00e1nico, tambi\u00e9n abriremos el 1 de enero.<sup>er<\/sup> enero a mediod\u00eda para nuestro <strong>famoso almuerzo del 1<sup>er<\/sup> Enero<\/strong>\u00a0!<\/p><p>Todos los a\u00f1os abrimos el primer d\u00eda del a\u00f1o para ofrecerle un men\u00fa excepcional con el que celebrar el A\u00f1o Nuevo. Es un momento gourmet para compartir con la familia y los amigos y empezar el a\u00f1o con buen pie.<\/p><p>Descubre nuestra <a href=\"https:\/\/www.kyriad-vannes.fr\/es\/noticias\/restaurante-vannes\/\"><span style=\"text-decoration: underline;\"><strong>men\u00fa del 1<sup>er<\/sup> Enero de 2026<\/strong><\/span><\/a> \u00a1hoy!<\/p><p>\u00a0<\/p><h3>Nuestro hotel le da la bienvenida a Vannes en Nochevieja<\/h3><p>Est\u00e1s celebrando <strong>A\u00f1o Nuevo en Vannes<\/strong>\u00a0?<\/p><p>Aproveche al m\u00e1ximo la velada y <strong><a href=\"https:\/\/www.kyriad-vannes.fr\/es\/\"><u>pasar la noche en el hotel<\/u><\/a><\/strong> en el centro de la ciudad.<\/p><p>Nuestras c\u00f3modas habitaciones le esperan para que duerma bien despu\u00e9s de un d\u00eda ajetreado. <strong>Fiestas del 31 de diciembre en Vannes<\/strong>.<\/p><p>Celebre <strong>A\u00f1o Nuevo en Vannes<\/strong>\u00a0\u00a1! \u00a1Estamos deseando darle la bienvenida al nuevo a\u00f1o con una sonrisa y un dulce sabor de boca!<\/p><p>\u00a0<\/p><h3>\u00bfNecesita ideas para regalar estas fiestas?<\/h3><p>Nuestro hotel-restaurante le invita a descubrir su <a href=\"https:\/\/kyriadvannes.bonkdo.com\/fr\/\" rel=\"nofollow noopener\" target=\"_blank\"><span style=\"text-decoration: underline;\"><strong>cheques regalo<\/strong><\/span><\/a>, D\u00e9les la oportunidad de conocer Vannes y compartir su tiempo con los dem\u00e1s: \u00a1seguro que les encantar\u00e1!<\/p>\t\t\t\t\t\t\t\t<\/div>\n\t\t\t\t<\/div>\n\t\t\t\t<div class=\"elementor-element elementor-element-522a955 elementor-widget elementor-widget-text-editor\" data-id=\"522a955\" data-element_type=\"widget\" data-e-type=\"widget\" data-widget_type=\"text-editor.default\">\n\t\t\t\t<div class=\"elementor-widget-container\">\n\t\t\t\t\t\t\t\t\t<p><em>_ _ _ _<\/em><\/p><p>\u00a0<\/p><p><em>Encargue sus platos para el <strong>Nochevieja en Vannes<\/strong>, Tambi\u00e9n puede encargar su propio foie gras para las fiestas o reservar su mesa para el 1<sup>er<\/sup> Enero de 2026...<\/em><\/p><p>\u00a0<\/p><p><em>No dude en reservar con antelaci\u00f3n para estos eventos. <strong>actos de fin de a\u00f1o en Vannes<\/strong>, Las plazas y las cantidades son limitadas.<\/em><\/p><p><em>Le deseamos lo mejor para estas fiestas.<\/em><\/p><p><em>\u00a1Hasta pronto en L'Image Sainte-Anne! <\/em>\ud83e\udd0e<\/p><p><em>_ _ _ _<\/em><\/p><p>\u00a0<\/p>\t\t\t\t\t\t\t\t<\/div>\n\t\t\t\t<\/div>\n\t\t\t\t<\/div>\n\t\t\t\t<\/div>","protected":false},"excerpt":{"rendered":"<p>Votre repas de r\u00e9veillon du nouvel an \u00e0 Vannes \u00e0 emporter Cette ann\u00e9e notre restaurant \u00c0 l\u2019Image Sainte-Anne a le plaisir de vos proposer un menu de f\u00eates \u00e0 emporter pour votre r\u00e9veillon du nouvel an dans le Golfe du Morbihan. Quoi de plus sympa que de d\u00e9guster un d\u00e9licieux repas festif pour la Saint-Sylvestre\u00a0? [&hellip;]<\/p>\n","protected":false},"author":18,"featured_media":11819,"comment_status":"closed","ping_status":"open","sticky":false,"template":"","format":"standard","meta":{"_acf_changed":false,"inline_featured_image":false,"footnotes":""},"categories":[16],"tags":[],"class_list":["post-11817","post","type-post","status-publish","format-standard","has-post-thumbnail","hentry","category-actualites"],"acf":[],"_links":{"self":[{"href":"https:\/\/www.kyriad-vannes.fr\/es\/wp-json\/wp\/v2\/posts\/11817","targetHints":{"allow":["GET"]}}],"collection":[{"href":"https:\/\/www.kyriad-vannes.fr\/es\/wp-json\/wp\/v2\/posts"}],"about":[{"href":"https:\/\/www.kyriad-vannes.fr\/es\/wp-json\/wp\/v2\/types\/post"}],"author":[{"embeddable":true,"href":"https:\/\/www.kyriad-vannes.fr\/es\/wp-json\/wp\/v2\/users\/18"}],"replies":[{"embeddable":true,"href":"https:\/\/www.kyriad-vannes.fr\/es\/wp-json\/wp\/v2\/comments?post=11817"}],"version-history":[{"count":38,"href":"https:\/\/www.kyriad-vannes.fr\/es\/wp-json\/wp\/v2\/posts\/11817\/revisions"}],"predecessor-version":[{"id":11972,"href":"https:\/\/www.kyriad-vannes.fr\/es\/wp-json\/wp\/v2\/posts\/11817\/revisions\/11972"}],"wp:featuredmedia":[{"embeddable":true,"href":"https:\/\/www.kyriad-vannes.fr\/es\/wp-json\/wp\/v2\/media\/11819"}],"wp:attachment":[{"href":"https:\/\/www.kyriad-vannes.fr\/es\/wp-json\/wp\/v2\/media?parent=11817"}],"wp:term":[{"taxonomy":"category","embeddable":true,"href":"https:\/\/www.kyriad-vannes.fr\/es\/wp-json\/wp\/v2\/categories?post=11817"},{"taxonomy":"post_tag","embeddable":true,"href":"https:\/\/www.kyriad-vannes.fr\/es\/wp-json\/wp\/v2\/tags?post=11817"}],"curies":[{"name":"wp","href":"https:\/\/api.w.org\/{rel}","templated":true}]}}