{"id":2751,"date":"2022-11-09T16:59:39","date_gmt":"2022-11-09T15:59:39","guid":{"rendered":"https:\/\/www.kyriad-vannes.fr\/?p=2751"},"modified":"2025-10-06T13:59:57","modified_gmt":"2025-10-06T11:59:57","slug":"nueva-ropa-de-cama-de-ensueno","status":"publish","type":"post","link":"https:\/\/www.kyriad-vannes.fr\/es\/actualites\/nouvelle-literie-de-reve\/","title":{"rendered":"Ropa de cama de ensue\u00f1o para su hotel de 3 estrellas en Vannes"},"content":{"rendered":"<div data-elementor-type=\"wp-post\" data-elementor-id=\"2751\" class=\"elementor elementor-2751\" data-elementor-post-type=\"post\">\n\t\t\t\t<div class=\"elementor-element elementor-element-41130d9c e-flex e-con-boxed e-con e-parent\" data-id=\"41130d9c\" data-element_type=\"container\" data-e-type=\"container\">\n\t\t\t\t\t<div class=\"e-con-inner\">\n\t\t\t\t<div class=\"elementor-element elementor-element-624ba7d9 elementor-widget elementor-widget-text-editor\" data-id=\"624ba7d9\" data-element_type=\"widget\" data-e-type=\"widget\" data-widget_type=\"text-editor.default\">\n\t\t\t\t<div class=\"elementor-widget-container\">\n\t\t\t\t\t\t\t\t\t<div class=\"wp-block-spacer\" style=\"height: 50px;\" aria-hidden=\"true\">\u00a0<\/div>\n<p><!-- \/wp:spacer --><\/p>\n<p><!-- wp:heading {\"level\":3} --><\/p>\n<h3 class=\"wp-block-heading\"><strong>Ropa de cama Hotelys: \u00a1llega el fabricante franc\u00e9s de ropa de cama a medida!<\/strong><\/h3>\n<p><!-- \/wp:heading --><\/p>\n<p><!-- wp:spacer {\"height\":\"35px\"} --><\/p>\n<div class=\"wp-block-spacer\" style=\"height: 35px;\" aria-hidden=\"true\">\u00a0<\/div>\n<p><!-- \/wp:spacer --><\/p>\n<p><!-- wp:paragraph --><\/p>\n<p>En 2024, redescubra el confort inigualable de un\u00a0<strong>buena ropa de cama<\/strong>\u00a0en su hotel Kyriad Vannes Centre-ville.<\/p>\n<p><!-- \/wp:paragraph --><\/p>\n<p><!-- wp:paragraph --><\/p>\n<p>Nuestra\u00a0<strong>habitaciones de hotel con ropa de cama nueva<\/strong>\u00a1le est\u00e1n esperando! Hemos seleccionado las mejores para ti.<\/p>\n<p><!-- \/wp:paragraph --><\/p>\n<p><!-- wp:paragraph --><\/p>\n<p>M\u00e1s informaci\u00f3n \"\u00a0<a href=\"https:\/\/www.hotelys.com\/fr\/\" rel=\"nofollow noopener\" target=\"_blank\">Hoteles<\/a>\u00a0y sus 50 a\u00f1os de experiencia\".\u00a0<strong>Nuestro hotel de 3 estrellas<\/strong>\u00a0ha seleccionado lo mejor en confort para garantizarle una maravillosa noche de sue\u00f1o en Morbihan,\u00a0<strong>en el coraz\u00f3n de Vannes<\/strong>.<\/p>\n<p><!-- \/wp:paragraph --><\/p>\n<p><!-- wp:spacer {\"height\":\"50px\"} --><\/p>\n<div class=\"wp-block-spacer\" style=\"height: 50px;\" aria-hidden=\"true\">\u00a0<\/div>\n<p><!-- \/wp:spacer --><\/p>\n<p><!-- wp:heading {\"level\":3} --><\/p>\n<h3 class=\"wp-block-heading\"><strong>Cama de ensue\u00f1o en Vannes by Hotelys<\/strong><\/h3>\n<p><!-- \/wp:heading --><\/p>\n<p><!-- wp:spacer {\"height\":\"35px\"} --><\/p>\n<div class=\"wp-block-spacer\" style=\"height: 35px;\" aria-hidden=\"true\">\u00a0<\/div>\n<p><!-- \/wp:spacer --><\/p>\n<p><!-- wp:paragraph --><\/p>\n<p>Esto es lo que representa<strong>\u00a0ropa de cama de ensue\u00f1o<\/strong>\u00a0que encontrar\u00e1 aqu\u00ed durante su estancia en Vannes...<\/p>\n<p><!-- \/wp:paragraph --><\/p>\n<p><!-- wp:paragraph --><\/p>\n<p>Una colaboraci\u00f3n entre Kyriad Vannes Centre-Ville y Hotelys. Queremos que nuestros clientes disfruten cada d\u00eda de un servicio de alta calidad.\u00a0<strong>Ropa de cama de alta gama, que ofrece confort, elegancia y bienestar.<\/strong>\u00a0\u00a0Por eso decidimos acercarnos a un\u00a0<strong>fabricante de ropa de cama<\/strong>\u00a0que comparten nuestros valores. La experiencia, la calidad francesa, la<a href=\"https:\/\/www.kyriad-vannes.fr\/es\/FR\/actus\/ioz-eau-une-eau-pure-et-locale-dans-notre-restaurant-a-vannes-206.html\/\"><u>compromiso ecol\u00f3gico<\/u><\/a>agilidad, atenci\u00f3n y experiencia.<\/p>\n<p><!-- \/wp:paragraph --><\/p>\n<p><!-- wp:spacer {\"height\":\"35px\"} --><\/p>\n<div class=\"wp-block-spacer\" style=\"height: 35px;\" aria-hidden=\"true\">\u00a0<\/div>\n<p><!-- \/wp:spacer --><\/p>\n<p><!-- wp:paragraph --><\/p>\n<p><strong>Las ventajas de esta ropa de cama :<\/strong><\/p>\n<p><!-- \/wp:paragraph --><\/p>\n<p><!-- wp:paragraph --><\/p>\n<p>- El saber hacer bret\u00f3n<\/p>\n<p><!-- \/wp:paragraph --><\/p>\n<p><!-- wp:paragraph --><\/p>\n<p>- Excelente apoyo<\/p>\n<p><!-- \/wp:paragraph --><\/p>\n<p><!-- wp:paragraph --><\/p>\n<p>- Respetuoso con el medio ambiente<\/p>\n<p><!-- \/wp:paragraph --><\/p>\n<p><!-- wp:paragraph --><\/p>\n<p>- Estabilidad del producto, durabilidad y propiedades antidescuelgue<\/p>\n<p><!-- \/wp:paragraph --><\/p>\n<p><!-- wp:spacer {\"height\":\"50px\"} --><\/p>\n<div class=\"wp-block-spacer\" style=\"height: 50px;\" aria-hidden=\"true\">\u00a0<\/div>\n<div aria-hidden=\"true\"><img fetchpriority=\"high\" decoding=\"async\" class=\"wp-image-8212 size-full aligncenter\" src=\"https:\/\/www.kyriad-vannes.fr\/wp-content\/uploads\/2024\/08\/Visuel_dans_article_KY_1.png\" alt=\"\" width=\"600\" height=\"200\" title=\"\" srcset=\"https:\/\/www.kyriad-vannes.fr\/wp-content\/uploads\/2024\/08\/Visuel_dans_article_KY_1.png 600w, https:\/\/www.kyriad-vannes.fr\/wp-content\/uploads\/2024\/08\/Visuel_dans_article_KY_1-300x100.png 300w, https:\/\/www.kyriad-vannes.fr\/wp-content\/uploads\/2024\/08\/Visuel_dans_article_KY_1-18x6.png 18w\" sizes=\"(max-width: 600px) 100vw, 600px\" \/><\/div>\n<div class=\"wp-block-group\">\n<p><!-- \/wp:image --><\/p>\n<\/div>\n<p><!-- \/wp:group --><\/p>\n<p><!-- wp:spacer {\"height\":\"35px\"} --><\/p>\n<div class=\"wp-block-spacer\" style=\"height: 35px;\" aria-hidden=\"true\">\u00a0<\/div>\n<div aria-hidden=\"true\">\u00a0<\/div>\n<p><!-- \/wp:spacer --><\/p>\n<p><!-- wp:heading {\"level\":3} --><\/p>\n<h3 class=\"wp-block-heading\"><strong>Ropa de cama de calidad en su hotel de 3 estrellas en Vannes<\/strong><\/h3>\n<p><!-- \/wp:heading --><\/p>\n<p><!-- wp:paragraph --><\/p>\n<p>Su bienestar es nuestra prioridad, por eso le ofrecemos\u00a0<strong>nueva ropa de cama<\/strong>\u00a0para una noche tranquila en Vannes<\/p>\n<p><!-- \/wp:paragraph --><\/p>\n<p><!-- wp:paragraph --><\/p>\n<p>Hemos decidido cambiarlo todo para usted. Su sue\u00f1o y su comodidad no tienen precio en el Kyriad Vannes Centre-Ville. Dormir bien es importante para gozar de buena salud, as\u00ed que nada es demasiado bueno para usted en el Kyriad Vannes Centre-Ville.\u00a0<strong>nuestro hotel de 3 estrellas en Vannes.<\/strong><\/p>\n<p><!-- \/wp:paragraph --><\/p>\n<p><!-- wp:spacer {\"height\":\"35px\"} --><\/p>\n<div class=\"wp-block-spacer\" style=\"height: 35px;\" aria-hidden=\"true\">\u00a0<\/div>\n<p><!-- \/wp:spacer --><\/p>\n<p><!-- wp:paragraph --><\/p>\n<p>Para ayudarte a pasar la noche, hemos elegido Hotelys y su\u00a0<strong>Calidad bretona<\/strong>\u00a0:<\/p>\n<p><!-- \/wp:paragraph --><\/p>\n<p><!-- wp:paragraph --><\/p>\n<p>El colch\u00f3n: Este colch\u00f3n est\u00e1 compuesto por 100% muelles ensacados de acero reciclado con una altura de 30 cent\u00edmetros. Esto proporciona un soporte perfecto y definido para todo tipo de cuerpos.<\/p>\n<p><!-- \/wp:paragraph --><\/p>\n<p><!-- wp:paragraph --><\/p>\n<p>El somier: Este somier se adapta perfectamente al colch\u00f3n de la gama Hotelys Brillant 30.\u00a0<\/p>\n<p>Su relleno de fieltro proporciona un aislamiento perfecto y un mejor contacto con el colch\u00f3n.<\/p>\n<p>\u00a0<\/p>\n<p><!-- \/wp:paragraph --><\/p>\n<p><!-- wp:paragraph --><\/p>\n<p>\u00bfTe parece un sue\u00f1o?<\/p>\n<p><!-- \/wp:paragraph --><\/p>\n<p><!-- wp:spacer {\"height\":\"35px\"} --><\/p>\n<div class=\"wp-block-spacer\" style=\"height: 35px;\" aria-hidden=\"true\">\u00a0<\/div>\n<p><!-- \/wp:spacer --><\/p>\n<p><!-- wp:heading {\"level\":3} --><\/p>\n<h3 class=\"wp-block-heading\"><strong>Confort y bienestar en el centro de Vannes<\/strong><\/h3>\n<p><!-- \/wp:heading --><\/p>\n<p><!-- wp:paragraph --><\/p>\n<p>Para una escapada relajante a Morbihan, elija\u00a0<strong>nuestro hotel<\/strong>\u00a0\u00a1y todos sus beneficios!<\/p>\n<p><!-- \/wp:paragraph --><\/p>\n<p><!-- wp:paragraph --><\/p>\n<p>\u00bfSue\u00f1a con peque\u00f1as bonificaciones durante su estancia en Vannes? Ya sea por negocios o por placer, siempre es un placer beneficiarse de ciertas ventajas...<\/p>\n<p><!-- \/wp:paragraph --><\/p>\n<p><!-- wp:paragraph --><\/p>\n<p>En el Kyriad Vannes Centre-ville, se encuentra a pocos pasos del\u00a0<a href=\"https:\/\/www.golfedumorbihan.bzh\/citybreak\/week-end-a-vannes\/\" rel=\"nofollow noopener\" target=\"_blank\">el centro hist\u00f3rico de Vannes<\/a>\u00a0con todas las comodidades necesarias\u00a0<a href=\"https:\/\/www.kyriad-vannes.fr\/es\/actus\/l-histoire-de-notre-etablissement-hotel-restaurant-a-vannes-102.html\/\">restaurante bistron\u00f3mico<\/a>El hotel ofrece una amplia gama de instalaciones, incluyendo una zona de bar, personal atento, consejos sobre excursiones y descubrimientos, aparcamiento vigilado (de pago) con un punto de carga, una bandeja de cortes\u00eda en su habitaci\u00f3n (caf\u00e9, t\u00e9, galletas locales, etc.), tiendas y lugares de inter\u00e9s cercanos, y una parada de autob\u00fas justo fuera del hotel ...<\/p>\n<p><!-- \/wp:paragraph --><\/p>\n<p><!-- wp:paragraph --><\/p>\n<p>Las habitaciones superiores comunicadas, cada una con una superficie m\u00ednima de 17 m\u00b2, son ideales para una estancia con ni\u00f1os en Vannes.<\/p>\n<p><!-- \/wp:paragraph --><\/p>\n<p><!-- wp:spacer {\"height\":\"35px\"} --><\/p>\n<div class=\"wp-block-spacer\" style=\"height: 35px;\" aria-hidden=\"true\">\u00a0<\/div>\n<p><!-- \/wp:spacer --><\/p>\n<p><!-- wp:paragraph --><\/p>\n<p>La\u00a0<strong>nueva ropa de cama Hotelys<\/strong>\u00a0lleg\u00f3 a su zona a principios de 2024\u00a0<strong>Hotel de 3 estrellas en Vannes.<\/strong><\/p>\n<p><!-- \/wp:paragraph --><\/p>\n<p><!-- wp:paragraph --><\/p>\n<p>Para un\u00a0<strong>Escapada a Vannes<\/strong>\u00a0es ideal. \u00a1No dudes en venir a probarlo!<\/p>\n<p><!-- \/wp:paragraph --><\/p>\n<p><!-- wp:paragraph --><\/p>\n<p>\u00a1Confort extremo garantizado!<\/p>\n<p>\u00a0<\/p>\n<p>\u00a0<\/p>\n<p><!-- \/wp:paragraph --><\/p>\n<p><!-- wp:paragraph --><\/p>\n<p>| Visite nuestra cuenta\u00a0<a href=\"https:\/\/www.instagram.com\/kyriad_vannes_centre\/\" rel=\"nofollow noopener\" target=\"_blank\">Instagram<\/a>\u00a0para conocer nuestras \u00faltimas novedades.<\/p>\n<p><!-- \/wp:paragraph --><\/p>\n<p><!-- wp:paragraph --><\/p>\n<p>Para reservas, p\u00f3ngase en contacto con nosotros en el 02 97 63 27 36.<\/p>\n<p><!-- \/wp:paragraph --><\/p>\t\t\t\t\t\t\t\t<\/div>\n\t\t\t\t<\/div>\n\t\t\t\t\t<\/div>\n\t\t\t\t<\/div>\n\t\t\t\t<\/div>","protected":false},"excerpt":{"rendered":"<p>\u00a0 Une literie Hotelys : le fabricant fran\u00e7ais de literie sur mesure d\u00e9barque chez nous ! \u00a0 En 2024, red\u00e9couvrez le confort in\u00e9gal\u00e9 d&rsquo;une\u00a0bonne literie\u00a0dans votre h\u00f4tel Kyriad Vannes Centre-ville. Nos\u00a0chambres d&rsquo;h\u00f4tel avec literie neuve, vous attendent\u00a0! Nous avons s\u00e9lectionn\u00e9 ce qui se fait de meilleur rien que pour vous ! D\u00e9couvrez \u00ab\u00a0Hotelys\u00a0\u00bb et ses [&hellip;]<\/p>\n","protected":false},"author":4,"featured_media":8054,"comment_status":"closed","ping_status":"open","sticky":false,"template":"","format":"standard","meta":{"_acf_changed":false,"inline_featured_image":false,"footnotes":""},"categories":[16],"tags":[],"class_list":["post-2751","post","type-post","status-publish","format-standard","has-post-thumbnail","hentry","category-actualites"],"acf":[],"_links":{"self":[{"href":"https:\/\/www.kyriad-vannes.fr\/es\/wp-json\/wp\/v2\/posts\/2751","targetHints":{"allow":["GET"]}}],"collection":[{"href":"https:\/\/www.kyriad-vannes.fr\/es\/wp-json\/wp\/v2\/posts"}],"about":[{"href":"https:\/\/www.kyriad-vannes.fr\/es\/wp-json\/wp\/v2\/types\/post"}],"author":[{"embeddable":true,"href":"https:\/\/www.kyriad-vannes.fr\/es\/wp-json\/wp\/v2\/users\/4"}],"replies":[{"embeddable":true,"href":"https:\/\/www.kyriad-vannes.fr\/es\/wp-json\/wp\/v2\/comments?post=2751"}],"version-history":[{"count":20,"href":"https:\/\/www.kyriad-vannes.fr\/es\/wp-json\/wp\/v2\/posts\/2751\/revisions"}],"predecessor-version":[{"id":11722,"href":"https:\/\/www.kyriad-vannes.fr\/es\/wp-json\/wp\/v2\/posts\/2751\/revisions\/11722"}],"wp:featuredmedia":[{"embeddable":true,"href":"https:\/\/www.kyriad-vannes.fr\/es\/wp-json\/wp\/v2\/media\/8054"}],"wp:attachment":[{"href":"https:\/\/www.kyriad-vannes.fr\/es\/wp-json\/wp\/v2\/media?parent=2751"}],"wp:term":[{"taxonomy":"category","embeddable":true,"href":"https:\/\/www.kyriad-vannes.fr\/es\/wp-json\/wp\/v2\/categories?post=2751"},{"taxonomy":"post_tag","embeddable":true,"href":"https:\/\/www.kyriad-vannes.fr\/es\/wp-json\/wp\/v2\/tags?post=2751"}],"curies":[{"name":"wp","href":"https:\/\/api.w.org\/{rel}","templated":true}]}}