{"id":2768,"date":"2022-11-09T17:51:49","date_gmt":"2022-11-09T16:51:49","guid":{"rendered":"https:\/\/www.kyriad-vannes.fr\/?p=2768"},"modified":"2025-03-06T11:24:38","modified_gmt":"2025-03-06T10:24:38","slug":"visitar-vannes-y-sus-lugares-mas-destacados","status":"publish","type":"post","link":"https:\/\/www.kyriad-vannes.fr\/es\/actualites\/visiter-vannes-et-ses-incontournables\/","title":{"rendered":"Nueva decoraci\u00f3n para nuestro restaurante bistron\u00f3mico de Vannes"},"content":{"rendered":"<div data-elementor-type=\"wp-post\" data-elementor-id=\"2768\" class=\"elementor elementor-2768\" data-elementor-post-type=\"post\">\n\t\t\t\t<div class=\"elementor-element elementor-element-7916030d e-flex e-con-boxed e-con e-parent\" data-id=\"7916030d\" data-element_type=\"container\" data-e-type=\"container\">\n\t\t\t\t\t<div class=\"e-con-inner\">\n\t\t\t\t<div class=\"elementor-element elementor-element-30df3767 elementor-widget elementor-widget-text-editor\" data-id=\"30df3767\" data-element_type=\"widget\" data-e-type=\"widget\" data-widget_type=\"text-editor.default\">\n\t\t\t\t<div class=\"elementor-widget-container\">\n\t\t\t\t\t\t\t\t\t\n<div class=\"wp-block-spacer\" style=\"height: 50px;\" aria-hidden=\"true\">\u00a0<\/div>\n\n<h3 class=\"wp-block-heading\"><strong>Un cambio de ambiente para nuestro restaurante de Vannes<\/strong><\/h3>\n\n<div class=\"wp-block-spacer\" style=\"height: 50px;\" aria-hidden=\"true\">\u00a0<\/div>\n\n<p>Descubre la\u00a0<strong>nueva decoraci\u00f3n<\/strong>\u00a0de nuestra\u00a0<strong>restaurante en Vannes\u00a0<\/strong>\u00a1con un nuevo look! Atr\u00e1s queda el emblem\u00e1tico rojo, sustituido por el azul noche.<\/p>\n\n<p>Le damos un lavado de cara a nuestro restaurante\u00a0<a href=\"https:\/\/www.kyriad-vannes.fr\/es\/restaurant-vannes.html\/\">\u00c0 l'Image Sainte-Anne<\/a>Nuestro objetivo es ofrecerle un ambiente agradable, acogedor y elegante. Nuestro\u00a0<strong>cocina creativa y de temporada<\/strong>Ma\u00eetre Restaurateur certificado, sigue muy vivo en nuestra\u00a0<strong>restaurante bistron\u00f3mico<\/strong>. No se preocupe, \u00a1tambi\u00e9n encontrar\u00e1 nuestros platos tradicionales cocinados a fuego lento!<\/p>\n\n<div class=\"wp-block-spacer\" style=\"height: 50px;\" aria-hidden=\"true\">\u00a0<\/div>\n\n<h3 class=\"wp-block-heading\"><strong>Nuestro restaurante de Vannes al d\u00eda<\/strong><\/h3>\n\n<div class=\"wp-block-spacer\" style=\"height: 50px;\" aria-hidden=\"true\">\u00a0<\/div>\n\n<p>El restaurante \u00c0 l'Image Sainte-Anne, establecimiento hist\u00f3rico de renombre desde 1738, ha decidido abrir un nuevo cap\u00edtulo de su historia al\u00a0<strong>revisar su decoraci\u00f3n y ambiente para crear un restaurante m\u00e1s moderno<\/strong>. Atr\u00e1s queda el ic\u00f3nico rojo, sustituido por una paleta de elegantes y relajantes azules noche. Esta transici\u00f3n crom\u00e1tica pretende crear un ambiente a\u00fan m\u00e1s acogedor y atemporal para nuestros hu\u00e9spedes.<\/p>\n\n<p>El color azul noche, s\u00edmbolo de serenidad y elegancia, encaja a la perfecci\u00f3n con la filosof\u00eda del restaurante, que apuesta por ofrecer una cocina tradicional pero creativa, de temporada y casera. Creemos que este\u00a0<strong>nueva decoraci\u00f3n<\/strong>\u00a0mejorar\u00e1 su experiencia culinaria y a\u00f1adir\u00e1 un toque moderno a nuestra rica historia.<\/p>\n\n<div class=\"wp-block-spacer\" style=\"height: 50px;\" aria-hidden=\"true\">\u00a0<\/div>\n\n<figure class=\"wp-block-image aligncenter size-full is-resized\"><img fetchpriority=\"high\" decoding=\"async\" class=\"alignnone wp-image-11038\" style=\"width: 229px; height: 180px;\" src=\"https:\/\/www.kyriad-vannes.fr\/wp-content\/uploads\/2025\/03\/Moodboard-nouvelle-deco-restaurant-A-lImage-Sainte-Anne-1024x724.jpg\" alt=\"\" width=\"1754\" height=\"1240\" title=\"\" srcset=\"https:\/\/www.kyriad-vannes.fr\/wp-content\/uploads\/2025\/03\/Moodboard-nouvelle-deco-restaurant-A-lImage-Sainte-Anne-1024x724.jpg 1024w, https:\/\/www.kyriad-vannes.fr\/wp-content\/uploads\/2025\/03\/Moodboard-nouvelle-deco-restaurant-A-lImage-Sainte-Anne-300x212.jpg 300w, https:\/\/www.kyriad-vannes.fr\/wp-content\/uploads\/2025\/03\/Moodboard-nouvelle-deco-restaurant-A-lImage-Sainte-Anne-768x543.jpg 768w, https:\/\/www.kyriad-vannes.fr\/wp-content\/uploads\/2025\/03\/Moodboard-nouvelle-deco-restaurant-A-lImage-Sainte-Anne-1536x1086.jpg 1536w, https:\/\/www.kyriad-vannes.fr\/wp-content\/uploads\/2025\/03\/Moodboard-nouvelle-deco-restaurant-A-lImage-Sainte-Anne-18x12.jpg 18w, https:\/\/www.kyriad-vannes.fr\/wp-content\/uploads\/2025\/03\/Moodboard-nouvelle-deco-restaurant-A-lImage-Sainte-Anne.jpg 1750w\" sizes=\"(max-width: 1754px) 100vw, 1754px\" \/><\/figure>\n\n<div class=\"wp-block-spacer\" style=\"height: 50px;\" aria-hidden=\"true\">\u00a0<\/div>\n\n<h3 class=\"wp-block-heading\"><strong>Una invitaci\u00f3n a descubrir nuestra nueva decoraci\u00f3n<\/strong><\/h3>\n\n<p>Estamos encantados de invitar a nuestros fieles clientes y a los nuevos visitantes a descubrir este cambio de aires.<strong>\u00a0decoraci\u00f3n excepcional<\/strong>gracias a Laetitia Lepetit,\u00a0<a href=\"https:\/\/ldecor56.fr\/\" target=\"_blank\" rel=\"noreferrer noopener nofollow\">L.Decor<\/a>\u00a0arquitecto y dise\u00f1ador de interiores en S\u00e9n\u00e9.<\/p>\n\n<p>Acomp\u00e1\u00f1enos en un viaje sensorial donde la fusi\u00f3n de tradici\u00f3n y modernidad encuentra su expresi\u00f3n m\u00e1s cautivadora. Ya sea un almuerzo con amigos, una cena con la familia o una velada rom\u00e1ntica, nuestro<strong>\u00a0Restaurante bistron\u00f3mico en Vannes\u00a0<\/strong>promete una cocina de temporada inventiva, deliciosa y generosa.<\/p>\n\n<p>Y para ir un paso m\u00e1s all\u00e1, le sugerimos que utilice la funci\u00f3n<a href=\"https:\/\/www.kyriad-vannes.fr\/es\/FR\/actus\/ioz-eau-une-eau-pure-et-locale-dans-notre-restaurant-a-vannes-206.html\/\">agua microfiltrada<\/a>\u00a0gracias a IOZ Eau, agua pura, local y \u00e9tica.<\/p>\n\n<div class=\"wp-block-spacer\" style=\"height: 50px;\" aria-hidden=\"true\">\u00a0<\/div>\n\n<h3 class=\"wp-block-heading\"><strong>Cocina inventiva y de temporada, Ma\u00eetre Restaurateur certificado<\/strong><\/h3>\n\n<p>La transici\u00f3n al azul noche es una continuaci\u00f3n del<strong>compromiso con nuestro restaurante de Vannes\u00a0<\/strong>a la excelencia. Etiquetado\u00a0<a href=\"https:\/\/www.kyriad-vannes.fr\/es\/actus\/restaurant-vannes-maitre-restaurateur-a-l-image-sainte-anne-34.html\/\">Maestro restaurador<\/a>\u00a0Desde 2013, nuestro restaurante ha sido reconocido por su cocina aut\u00e9ntica y casera y por su cumplimiento de las normas de salud y seguridad. La\u00a0<strong>revisando la decoraci\u00f3n de nuestro restaurante m\u00e1s moderno<\/strong>\u00a0no hace sino reforzar nuestro compromiso con la calidad y la innovaci\u00f3n.<\/p>\n\n<div class=\"wp-block-spacer\" style=\"height: 50px;\" aria-hidden=\"true\">\u00a0<\/div>\n\n<h3 class=\"wp-block-heading\"><strong>Una escapada gastron\u00f3mica en el restaurante de nuestro hotel en Vannes<\/strong><\/h3>\n\n<p>Situado a un tiro de piedra del casco antiguo y del\u00a0<a href=\"https:\/\/www.mairie-vannes.fr\/ville-dart-et-dhistoire\" target=\"_blank\" rel=\"noreferrer noopener nofollow\">puerto de Vannes<\/a>el\u00a0<strong>Restaurante \u00c0 l'Image Sainte-Anne<\/strong>\u00a0se combina armoniosamente con el hotel Kyriad Vannes Centre-ville. Fundado en 1738, este establecimiento hist\u00f3rico, anta\u00f1o una popular posada, forma parte ahora de un moderno hotel que ofrece 45 habitaciones que combinan tradici\u00f3n y modernidad. Es la direcci\u00f3n ideal para una escapada gastron\u00f3mica a dos pasos de los lugares de inter\u00e9s de la ciudad.<\/p>\n\n<p>Nuestras acogedoras habitaciones est\u00e1n listas para darle la bienvenida y nuestro\u00a0<strong>moderno restaurante en Vannes<\/strong>\u00a0deleitar\u00e1 su paladar, nuestro aparcamiento privado le garantizar\u00e1 tranquilidad y nuestro punto de recarga de veh\u00edculos el\u00e9ctricos cumplir\u00e1 sus expectativas de una estancia respetuosa con el medio ambiente.<\/p>\n\t\t\t\t\t\t\t\t<\/div>\n\t\t\t\t<\/div>\n\t\t\t\t\t<\/div>\n\t\t\t\t<\/div>\n\t\t\t\t<\/div>","protected":false},"excerpt":{"rendered":"<p>Changement d\u2019ambiance pour notre restaurant vannetais D\u00e9couvrez la\u00a0nouvelle d\u00e9coration\u00a0de notre\u00a0restaurant \u00e0 Vannes\u00a0qui fait peau neuve\u00a0! Fini le rouge embl\u00e9matique, laissons place au bleu nuit. Nous redonnons un coup de jeune \u00e0 notre restaurant\u00a0\u00c0 l\u2019Image Sainte-Anne, pour vous offrir un environnement agr\u00e9able, cosy et \u00e9l\u00e9gant. Notre\u00a0cuisine inventive et de saison, certifi\u00e9e Ma\u00eetre Restaurateur, est toujours d\u2019actualit\u00e9 [&hellip;]<\/p>\n","protected":false},"author":4,"featured_media":8219,"comment_status":"closed","ping_status":"open","sticky":false,"template":"","format":"standard","meta":{"_acf_changed":false,"inline_featured_image":false,"footnotes":""},"categories":[16],"tags":[],"class_list":["post-2768","post","type-post","status-publish","format-standard","has-post-thumbnail","hentry","category-actualites"],"acf":[],"_links":{"self":[{"href":"https:\/\/www.kyriad-vannes.fr\/es\/wp-json\/wp\/v2\/posts\/2768","targetHints":{"allow":["GET"]}}],"collection":[{"href":"https:\/\/www.kyriad-vannes.fr\/es\/wp-json\/wp\/v2\/posts"}],"about":[{"href":"https:\/\/www.kyriad-vannes.fr\/es\/wp-json\/wp\/v2\/types\/post"}],"author":[{"embeddable":true,"href":"https:\/\/www.kyriad-vannes.fr\/es\/wp-json\/wp\/v2\/users\/4"}],"replies":[{"embeddable":true,"href":"https:\/\/www.kyriad-vannes.fr\/es\/wp-json\/wp\/v2\/comments?post=2768"}],"version-history":[{"count":15,"href":"https:\/\/www.kyriad-vannes.fr\/es\/wp-json\/wp\/v2\/posts\/2768\/revisions"}],"predecessor-version":[{"id":11041,"href":"https:\/\/www.kyriad-vannes.fr\/es\/wp-json\/wp\/v2\/posts\/2768\/revisions\/11041"}],"wp:featuredmedia":[{"embeddable":true,"href":"https:\/\/www.kyriad-vannes.fr\/es\/wp-json\/wp\/v2\/media\/8219"}],"wp:attachment":[{"href":"https:\/\/www.kyriad-vannes.fr\/es\/wp-json\/wp\/v2\/media?parent=2768"}],"wp:term":[{"taxonomy":"category","embeddable":true,"href":"https:\/\/www.kyriad-vannes.fr\/es\/wp-json\/wp\/v2\/categories?post=2768"},{"taxonomy":"post_tag","embeddable":true,"href":"https:\/\/www.kyriad-vannes.fr\/es\/wp-json\/wp\/v2\/tags?post=2768"}],"curies":[{"name":"wp","href":"https:\/\/api.w.org\/{rel}","templated":true}]}}