{"id":8240,"date":"2024-08-09T09:46:09","date_gmt":"2024-08-09T07:46:09","guid":{"rendered":"https:\/\/www.kyriad-vannes.fr\/?p=8240"},"modified":"2024-09-09T12:49:56","modified_gmt":"2024-09-09T10:49:56","slug":"hotel-kyriad-vannes-centre-punto-de-recarga-en-vannes","status":"publish","type":"post","link":"https:\/\/www.kyriad-vannes.fr\/es\/actualites\/hotel-kyriad-vannes-centre-borne-de-recharge-a-vannes\/","title":{"rendered":"Hotel Kyriad Vannes Centre : Punto de recarga en Vannes"},"content":{"rendered":"<div style=\"height:60px\" aria-hidden=\"true\" class=\"wp-block-spacer\"><\/div>\n\n\n\n<h3 class=\"wp-block-heading\">\u00bfEst\u00e1 buscando un hotel en Vannes equipado con estaciones de carga?<\/h3>\n\n\n\n<div style=\"height:60px\" aria-hidden=\"true\" class=\"wp-block-spacer\"><\/div>\n\n\n\n<p><strong>Hotel Kyriad Vannes Centre<\/strong>\u00a0le proporciona un\u00a0<strong>estaci\u00f3n de carga compatible<\/strong>\u00a0con Tesla y otros modelos.<\/p>\n\n\n\n<div style=\"height:60px\" aria-hidden=\"true\" class=\"wp-block-spacer\"><\/div>\n\n\n\n<p><strong>Nuestro hotel se enorgullece de ofrecer un servicio de recarga para su veh\u00edculo el\u00e9ctrico.<\/strong><\/p>\n\n\n\n<div style=\"height:31px\" aria-hidden=\"true\" class=\"wp-block-spacer\"><\/div>\n\n\n\n<p>Podemos proporcionarle 2 plazas de aparcamiento dedicadas al\u00a0<strong>recarga de veh\u00edculos el\u00e9ctricos en Vannes<\/strong>.<\/p>\n\n\n\n<p><br>Al hacer su reserva, puede a\u00f1adir la opci\u00f3n de<strong>&nbsp;recarga el\u00e9ctrica<\/strong>&nbsp;a su paquete.<\/p>\n\n\n\n<div style=\"height:31px\" aria-hidden=\"true\" class=\"wp-block-spacer\"><\/div>\n\n\n\n<p><strong><em>Una plaza de aparcamiento cuesta 10,50 euros por noche, y hay un cargo adicional de 12 euros por recarga el\u00e9ctrica.<\/em><\/strong><\/p>\n\n\n\n<div style=\"height:31px\" aria-hidden=\"true\" class=\"wp-block-spacer\"><\/div>\n\n\n\n<p>Con nuestro compromiso con la sostenibilidad y la innovaci\u00f3n, nos esforzamos por satisfacer las necesidades de los viajeros concienciados con el medio ambiente. Al elegir nuestro hotel con&nbsp;<strong>Punto de recarga para coches el\u00e9ctricos<\/strong>Puede disfrutar de unas vacaciones o un viaje de negocios satisfactorios al tiempo que participa en la transici\u00f3n hacia un mundo m\u00e1s sostenible.&nbsp;<strong>movilidad m\u00e1s ecol\u00f3gica<\/strong>.<\/p>\n\n\n\n<div style=\"height:31px\" aria-hidden=\"true\" class=\"wp-block-spacer\"><\/div>\n\n\n\n<p>Reserve ya su estancia en&nbsp;<strong><a href=\"https:\/\/www.kyriad-vannes.fr\/es\/services-hotel-vannes.html\/\">Kyriad Vannes Centre<\/a><\/strong>&nbsp;y benef\u00edciese de nuestro&nbsp;<strong>Toma de carga para veh\u00edculos el\u00e9ctricos<\/strong>para disfrutar de una experiencia pr\u00e1ctica y respetuosa con el medio ambiente.<\/p>\n\n\n\n<div style=\"height:31px\" aria-hidden=\"true\" class=\"wp-block-spacer\"><\/div>\n\n\n\n<p><strong>Las ventajas de los coches el\u00e9ctricos :<\/strong><\/p>\n\n\n\n<div style=\"height:31px\" aria-hidden=\"true\" class=\"wp-block-spacer\"><\/div>\n\n\n\n<p>En&nbsp;<strong>veh\u00edculos el\u00e9ctricos<\/strong>&nbsp;son m\u00e1s fiables que los coches tradicionales de gasolina o gas\u00f3leo, y tambi\u00e9n ofrecen la innegable ventaja de ser considerablemente m\u00e1s silenciosos. Adem\u00e1s, estos veh\u00edculos se distinguen por su bajo impacto medioambiental, lo que permite a sus usuarios beneficiarse de ciertas exenciones de las restricciones de tr\u00e1fico.<\/p>\n\n\n\n<div style=\"height:31px\" aria-hidden=\"true\" class=\"wp-block-spacer\"><\/div>\n\n\n\n<p>Al mismo tiempo, los coches el\u00e9ctricos son cada vez m\u00e1s aut\u00f3nomos, lo que tambi\u00e9n tiene ventajas econ\u00f3micas a largo plazo. A pesar de un coste de compra inicial m\u00e1s elevado, los propietarios de coches el\u00e9ctricos pueden ahorrar sustancialmente en mantenimiento y combustible, adem\u00e1s de beneficiarse de\u00a0<strong><a href=\"https:\/\/www.economie.gouv.fr\/particuliers\/bonus-ecologique\" target=\"_blank\" rel=\"noreferrer noopener nofollow\">bonificaciones medioambientales<\/a><\/strong>. Si, como a nosotros, le atraen estas ventajas, nuestro hotel con punto de recarga en Vannes est\u00e1 listo para darle la bienvenida.<\/p>\n\n\n\n<div style=\"height:31px\" aria-hidden=\"true\" class=\"wp-block-spacer\"><\/div>\n\n\n\n<p>Visite\u00a0<strong>Kyriad Vannes Centre<\/strong>puedes\u00a0<strong>recarga tu veh\u00edculo<\/strong>\u00a0y disfrute al m\u00e1ximo de su estancia. Nos comprometemos a ofrecer un servicio de calidad y a satisfacer sus necesidades espec\u00edficas.<\/p>\n\n\n\n<div style=\"height:31px\" aria-hidden=\"true\" class=\"wp-block-spacer\"><\/div>\n\n\n\n<h3 class=\"wp-block-heading\"><strong>Un hotel tranquilo idealmente situado en Vannes<\/strong><\/h3>\n\n\n\n<div style=\"height:31px\" aria-hidden=\"true\" class=\"wp-block-spacer\"><\/div>\n\n\n\n<p>Nuestro hotel est\u00e1 situado en pleno centro de la ciudad de Vannes. El lugar ideal para explorar las maravillas de la&nbsp;<strong><a href=\"https:\/\/www.kyriad-vannes.fr\/es\/vannes-golfe.html\/\" target=\"_blank\" rel=\"noreferrer noopener\">Golfo de Morbihan<\/a><\/strong>. Prep\u00e1rese para sumergirse en las encantadoras calles medievales de Vannes, pasear por el puerto y descubrir los tesoros de esta regi\u00f3n excepcional.<\/p>\n\n\n\n<div style=\"height:31px\" aria-hidden=\"true\" class=\"wp-block-spacer\"><\/div>\n\n\n\n<p>Nuestro equipo est\u00e1 a su disposici\u00f3n para ayudarle a organizar su escapada y garantizarle una experiencia inolvidable.\u00a0<strong>Breta\u00f1a Sur<\/strong>.<\/p>\n\n\n\n<p>Nuestras amplias y acogedoras habitaciones est\u00e1n listas para darle la bienvenida.&nbsp;<a href=\"https:\/\/www.kyriad-vannes.fr\/es\/restaurant-vannes.html\/\">Restaurante franc\u00e9s<\/a>&nbsp;sus papilas gustativas, nuestro&nbsp;<strong>aparcamiento privado<\/strong>&nbsp;le dar\u00e1 tranquilidad, y nuestro&nbsp;<strong>puntos de recarga para veh\u00edculos el\u00e9ctricos<\/strong>&nbsp;le ayudar\u00e1n a aprovechar al m\u00e1ximo su estancia de forma respetuosa con el medio ambiente.<\/p>\n\n\n\n<div style=\"height:31px\" aria-hidden=\"true\" class=\"wp-block-spacer\"><\/div>\n\n\n\n<p><\/p>","protected":false},"excerpt":{"rendered":"<p>Vous \u00eates \u00e0 la recherche d&rsquo;un h\u00f4tel \u00e0 Vannes \u00e9quip\u00e9 de bornes de recharge ? L&rsquo;h\u00f4tel Kyriad Vannes Centre\u00a0met \u00e0 votre disposition une\u00a0station de recharge compatible\u00a0avec les mod\u00e8les Tesla et autres. Notre h\u00f4tel est fier de vous offrir un service de recharge pour votre v\u00e9hicule \u00e9lectrique Nous mettons \u00e0 votre disposition 2 places de stationnement [&hellip;]<\/p>\n","protected":false},"author":2,"featured_media":8242,"comment_status":"closed","ping_status":"open","sticky":false,"template":"","format":"standard","meta":{"_acf_changed":false,"inline_featured_image":false,"footnotes":""},"categories":[16],"tags":[],"class_list":["post-8240","post","type-post","status-publish","format-standard","has-post-thumbnail","hentry","category-actualites"],"acf":[],"_links":{"self":[{"href":"https:\/\/www.kyriad-vannes.fr\/es\/wp-json\/wp\/v2\/posts\/8240","targetHints":{"allow":["GET"]}}],"collection":[{"href":"https:\/\/www.kyriad-vannes.fr\/es\/wp-json\/wp\/v2\/posts"}],"about":[{"href":"https:\/\/www.kyriad-vannes.fr\/es\/wp-json\/wp\/v2\/types\/post"}],"author":[{"embeddable":true,"href":"https:\/\/www.kyriad-vannes.fr\/es\/wp-json\/wp\/v2\/users\/2"}],"replies":[{"embeddable":true,"href":"https:\/\/www.kyriad-vannes.fr\/es\/wp-json\/wp\/v2\/comments?post=8240"}],"version-history":[{"count":3,"href":"https:\/\/www.kyriad-vannes.fr\/es\/wp-json\/wp\/v2\/posts\/8240\/revisions"}],"predecessor-version":[{"id":8325,"href":"https:\/\/www.kyriad-vannes.fr\/es\/wp-json\/wp\/v2\/posts\/8240\/revisions\/8325"}],"wp:featuredmedia":[{"embeddable":true,"href":"https:\/\/www.kyriad-vannes.fr\/es\/wp-json\/wp\/v2\/media\/8242"}],"wp:attachment":[{"href":"https:\/\/www.kyriad-vannes.fr\/es\/wp-json\/wp\/v2\/media?parent=8240"}],"wp:term":[{"taxonomy":"category","embeddable":true,"href":"https:\/\/www.kyriad-vannes.fr\/es\/wp-json\/wp\/v2\/categories?post=8240"},{"taxonomy":"post_tag","embeddable":true,"href":"https:\/\/www.kyriad-vannes.fr\/es\/wp-json\/wp\/v2\/tags?post=8240"}],"curies":[{"name":"wp","href":"https:\/\/api.w.org\/{rel}","templated":true}]}}