{"id":8279,"date":"2025-03-02T11:46:05","date_gmt":"2025-03-02T10:46:05","guid":{"rendered":"https:\/\/www.kyriad-vannes.fr\/?p=8279"},"modified":"2025-03-07T14:15:14","modified_gmt":"2025-03-07T13:15:14","slug":"semana-del-golfo-2025-donde-alojarse","status":"publish","type":"post","link":"https:\/\/www.kyriad-vannes.fr\/es\/actualites\/la-semaine-du-golfe-2025-ou-loger\/","title":{"rendered":"LA SEMAINE DU GOLFE 2025 - \u00bfD\u00f3nde alojarse?"},"content":{"rendered":"<div data-elementor-type=\"wp-post\" data-elementor-id=\"8279\" class=\"elementor elementor-8279\" data-elementor-post-type=\"post\">\n\t\t\t\t<div class=\"elementor-element elementor-element-7e8c4936 e-flex e-con-boxed e-con e-parent\" data-id=\"7e8c4936\" data-element_type=\"container\" data-e-type=\"container\">\n\t\t\t\t\t<div class=\"e-con-inner\">\n\t\t\t\t<div class=\"elementor-element elementor-element-5dcc38a1 elementor-widget elementor-widget-text-editor\" data-id=\"5dcc38a1\" data-element_type=\"widget\" data-e-type=\"widget\" data-widget_type=\"text-editor.default\">\n\t\t\t\t<div class=\"elementor-widget-container\">\n\t\t\t\t\t\t\t\t\t<p><\/p>\n<div class=\"wp-block-spacer\" style=\"height: 60px;\" aria-hidden=\"true\">\u00a0<\/div>\n<p><\/p>\n<h3 class=\"wp-block-heading\"><strong>Al\u00f3jese en nuestro hotel de Vannes, cerca de las fiestas de la Semaine du Golfe 2025\u00a0<\/strong><\/h3>\n<p><\/p>\n<p>Est\u00e1 buscando\u00a0<strong>d\u00f3nde alojarse durante la Semaine du Golfe 2025<\/strong>\u00a0? En nuestro hotel Kyriad Vannes centre-ville, en el centro de Vannes, podr\u00e1 disfrutar al m\u00e1ximo de este acontecimiento mar\u00edtimo internacional, que este a\u00f1o se celebra del 1 al 3 de mayo. <strong>Del 26 de mayo al 1 de junio de 2025<\/strong>.<\/p>\n<p><\/p>\n<div class=\"wp-block-spacer\" style=\"height: 60px;\" aria-hidden=\"true\">\u00a0<\/div>\n<p><\/p>\n<figure class=\"wp-block-image aligncenter size-large is-resized\"><img fetchpriority=\"high\" decoding=\"async\" class=\"alignnone wp-image-11141\" style=\"width: 205px; height: 308px;\" src=\"https:\/\/www.kyriad-vannes.fr\/wp-content\/uploads\/2025\/03\/Affiche-1185-x-175-cm-SDG-2025-basse-def-scaled-1-200x300.jpg\" alt=\"\" width=\"200\" height=\"300\" title=\"\" srcset=\"https:\/\/www.kyriad-vannes.fr\/wp-content\/uploads\/2025\/03\/Affiche-1185-x-175-cm-SDG-2025-basse-def-scaled-1-200x300.jpg 200w, https:\/\/www.kyriad-vannes.fr\/wp-content\/uploads\/2025\/03\/Affiche-1185-x-175-cm-SDG-2025-basse-def-scaled-1-683x1024.jpg 683w, https:\/\/www.kyriad-vannes.fr\/wp-content\/uploads\/2025\/03\/Affiche-1185-x-175-cm-SDG-2025-basse-def-scaled-1-768x1152.jpg 768w, https:\/\/www.kyriad-vannes.fr\/wp-content\/uploads\/2025\/03\/Affiche-1185-x-175-cm-SDG-2025-basse-def-scaled-1-1024x1536.jpg 1024w, https:\/\/www.kyriad-vannes.fr\/wp-content\/uploads\/2025\/03\/Affiche-1185-x-175-cm-SDG-2025-basse-def-scaled-1-8x12.jpg 8w, https:\/\/www.kyriad-vannes.fr\/wp-content\/uploads\/2025\/03\/Affiche-1185-x-175-cm-SDG-2025-basse-def-scaled-1.jpg 1365w\" sizes=\"(max-width: 200px) 100vw, 200px\" \/><\/figure>\n<p><\/p>\n<div class=\"wp-block-spacer\" style=\"height: 60px;\" aria-hidden=\"true\">\u00a0<\/div>\n<p><\/p>\n<h3 class=\"wp-block-heading\"><strong>Asista a este acontecimiento mar\u00edtimo internacional en el Golfo de Morbihan<\/strong><\/h3>\n<p><\/p>\n<p>Le\u00a0<strong>Golfo de Morbihan<\/strong>\u00a0ser\u00e1 el lugar de encuentro de todos los aficionados a la n\u00e1utica durante toda una semana. No se pierda esta oportunidad de\u00a0<strong><a href=\"https:\/\/www.kyriad-vannes.fr\/es\/vannes-golfe.html\/\">visite Morbihan<\/a>\u00a0<\/strong>!<\/p>\n<p><\/p>\n<p>El departamento de Morbihan quer\u00eda crear un acontecimiento mar\u00edtimo original que pusiera de relieve las bazas culturales y n\u00e1uticas de la regi\u00f3n.\u00a0<strong>Golfo de Morbihan<\/strong>. En 2001, el primer\u00a0<strong><a href=\"https:\/\/www.semainedugolfe.com\/\" target=\"_blank\" rel=\"noreferrer noopener nofollow\">Semana del Golfo<\/a><\/strong>. El acontecimiento est\u00e1 marcado por las particularidades naturales de este entorno. Un gran n\u00famero de tripulaciones de vela cl\u00e1sica y tradicional de Francia y del extranjero se re\u00fanen para navegar en este entorno tan especial del \"Peque\u00f1o Mar\" (Mor Bihan en bret\u00f3n).<\/p>\n<p><\/p>\n<p>El programa incluye numerosos actos, como una fiesta-noz, degustaciones de productos locales, construcci\u00f3n de maquetas, m\u00fasica y espect\u00e1culos nocturnos... M\u00e1s informaci\u00f3n sobre el programa completo de esta semana de eventos.<strong>animaci\u00f3n en Morbihan<\/strong>\u00a0en la web oficial. Cada noche, en los puertos que acogen a las flotillas, las fiestas re\u00fanen a marineros, lugare\u00f1os y visitantes... No se pierda los dos grandes desfiles de las ceremonias de apertura y clausura, y sea testigo de un aut\u00e9ntico espect\u00e1culo.\u00a0<strong>espect\u00e1culo n\u00e1utico<\/strong>.<\/p>\n<p><\/p>\n<div class=\"wp-block-spacer\" style=\"height: 60px;\" aria-hidden=\"true\">\u00a0<\/div>\n<p><\/p>\n<figure class=\"wp-block-image aligncenter size-large is-resized\"><img decoding=\"async\" width=\"1024\" height=\"683\" class=\"wp-image-8282\" style=\"width: 347px; height: auto;\" src=\"https:\/\/www.kyriad-vannes.fr\/wp-content\/uploads\/2024\/09\/Activites_en_morbihan_Vannes_hotel-1024x683.jpg\" alt=\"\" title=\"\" srcset=\"https:\/\/www.kyriad-vannes.fr\/wp-content\/uploads\/2024\/09\/Activites_en_morbihan_Vannes_hotel-1024x683.jpg 1024w, https:\/\/www.kyriad-vannes.fr\/wp-content\/uploads\/2024\/09\/Activites_en_morbihan_Vannes_hotel-300x200.jpg 300w, https:\/\/www.kyriad-vannes.fr\/wp-content\/uploads\/2024\/09\/Activites_en_morbihan_Vannes_hotel-768x512.jpg 768w, https:\/\/www.kyriad-vannes.fr\/wp-content\/uploads\/2024\/09\/Activites_en_morbihan_Vannes_hotel-18x12.jpg 18w, https:\/\/www.kyriad-vannes.fr\/wp-content\/uploads\/2024\/09\/Activites_en_morbihan_Vannes_hotel.jpg 1417w\" sizes=\"(max-width: 1024px) 100vw, 1024px\" \/><\/figure>\n<p><\/p>\n<div class=\"wp-block-spacer\" style=\"height: 60px;\" aria-hidden=\"true\">\u00a0<\/div>\n<p><\/p>\n<h3 class=\"wp-block-heading\"><strong>Nuestro hotel Kyriad en el centro de Vannes es ideal para asistir a la Semaine du Golfe<\/strong><\/h3>\n<p><\/p>\n<p>En<strong> Del 26 de mayo al 1 de junio de 2025<\/strong>te est\u00e1s preguntando\u00a0<strong>d\u00f3nde dormir durante<\/strong>\u00a0<strong>Semana del Golfo 2025<\/strong>. Reserve su estancia en el<strong>hotel Kyriad Vannes centro<\/strong>\u00a0Gracias a la ubicaci\u00f3n c\u00e9ntrica de nuestro hotel de 3 estrellas, a las puertas de la ciudad medieval, estar\u00e1 cerca de todos los lugares de ocio y de las salidas de los barcos.<\/p>\n<p><strong>Alojamiento en Vannes durante la Semana del Golfo<\/strong>\u00a0en nuestro confortable hotel le permitir\u00e1 apreciar plenamente este gran acontecimiento mar\u00edtimo, en el coraz\u00f3n del\u00a0<strong><a href=\"https:\/\/www.kyriad-vannes.fr\/es\/vannes-golfe.html\/\">Golfo de Morbihan<\/a><\/strong>. Al\u00f3jese en una de nuestras c\u00e1lidas habitaciones decoradas con gusto y disfrute de una deliciosa comida.\u00a0<strong>A l'Image Sainte Anne<\/strong>El restaurante, galardonado con el sello \"Ma\u00eetre Restaurateur\", ofrece cocina francesa de mercado basada en productos locales. Nuestro aparcamiento privado tambi\u00e9n le facilitar\u00e1 la vida durante su estancia.\u00a0<strong>estancia en Breta\u00f1a<\/strong>.<\/p>\n<p><\/p>\t\t\t\t\t\t\t\t<\/div>\n\t\t\t\t<\/div>\n\t\t\t\t\t<\/div>\n\t\t\t\t<\/div>\n\t\t\t\t<\/div>","protected":false},"excerpt":{"rendered":"<p>S\u00e9journez\u00a0dans notre h\u00f4tel Vannes\u00a0proche des festivit\u00e9s de la Semaine du Golfe 2025\u00a0 Vous cherchez\u00a0o\u00f9 loger pendant la Semaine du Golfe 2025\u00a0?\u00a0Ne cherchez plus, notre h\u00f4tel Kyriad Vannes centre-ville vous accueille dans le centre-ville de Vannes, pour profiter au mieux de cet \u00e9v\u00e8nement maritime international qui aura lieu cette ann\u00e9e du 26 mai au 1er juin [&hellip;]<\/p>\n","protected":false},"author":7,"featured_media":8282,"comment_status":"closed","ping_status":"open","sticky":false,"template":"","format":"standard","meta":{"_acf_changed":false,"inline_featured_image":false,"footnotes":""},"categories":[16],"tags":[],"class_list":["post-8279","post","type-post","status-publish","format-standard","has-post-thumbnail","hentry","category-actualites"],"acf":[],"_links":{"self":[{"href":"https:\/\/www.kyriad-vannes.fr\/es\/wp-json\/wp\/v2\/posts\/8279","targetHints":{"allow":["GET"]}}],"collection":[{"href":"https:\/\/www.kyriad-vannes.fr\/es\/wp-json\/wp\/v2\/posts"}],"about":[{"href":"https:\/\/www.kyriad-vannes.fr\/es\/wp-json\/wp\/v2\/types\/post"}],"author":[{"embeddable":true,"href":"https:\/\/www.kyriad-vannes.fr\/es\/wp-json\/wp\/v2\/users\/7"}],"replies":[{"embeddable":true,"href":"https:\/\/www.kyriad-vannes.fr\/es\/wp-json\/wp\/v2\/comments?post=8279"}],"version-history":[{"count":9,"href":"https:\/\/www.kyriad-vannes.fr\/es\/wp-json\/wp\/v2\/posts\/8279\/revisions"}],"predecessor-version":[{"id":11144,"href":"https:\/\/www.kyriad-vannes.fr\/es\/wp-json\/wp\/v2\/posts\/8279\/revisions\/11144"}],"wp:featuredmedia":[{"embeddable":true,"href":"https:\/\/www.kyriad-vannes.fr\/es\/wp-json\/wp\/v2\/media\/8282"}],"wp:attachment":[{"href":"https:\/\/www.kyriad-vannes.fr\/es\/wp-json\/wp\/v2\/media?parent=8279"}],"wp:term":[{"taxonomy":"category","embeddable":true,"href":"https:\/\/www.kyriad-vannes.fr\/es\/wp-json\/wp\/v2\/categories?post=8279"},{"taxonomy":"post_tag","embeddable":true,"href":"https:\/\/www.kyriad-vannes.fr\/es\/wp-json\/wp\/v2\/tags?post=8279"}],"curies":[{"name":"wp","href":"https:\/\/api.w.org\/{rel}","templated":true}]}}