{"id":9003,"date":"2024-09-24T16:23:49","date_gmt":"2024-09-24T14:23:49","guid":{"rendered":"https:\/\/www.kyriad-vannes.fr\/?p=9003"},"modified":"2025-03-11T11:53:05","modified_gmt":"2025-03-11T10:53:05","slug":"el-restaurante-a-limage-sainte-anne-en-vannes-certificado-maitre-restaurateur","status":"publish","type":"post","link":"https:\/\/www.kyriad-vannes.fr\/es\/actualites\/le-restaurant-a-limage-sainte-anne-a-vannes-certifie-maitre-restaurateur\/","title":{"rendered":"Restaurante \u00c0 l'Image Sainte-Anne en Vannes certificado MAITRE RESTAURATEUR"},"content":{"rendered":"<div data-elementor-type=\"wp-post\" data-elementor-id=\"9003\" class=\"elementor elementor-9003\" data-elementor-post-type=\"post\">\n\t\t\t\t<div class=\"elementor-element elementor-element-200d623 e-flex e-con-boxed e-con e-parent\" data-id=\"200d623\" data-element_type=\"container\" data-e-type=\"container\">\n\t\t\t\t\t<div class=\"e-con-inner\">\n\t\t\t\t<div class=\"elementor-element elementor-element-528036a4 elementor-widget elementor-widget-text-editor\" data-id=\"528036a4\" data-element_type=\"widget\" data-e-type=\"widget\" data-widget_type=\"text-editor.default\">\n\t\t\t\t<div class=\"elementor-widget-container\">\n\t\t\t\t\t\t\t\t\t<div class=\"wp-block-spacer\" style=\"height: 50px;\" aria-hidden=\"true\">\u00a0<\/div>\n<p><!-- \/wp:spacer --><!-- wp:heading --><\/p>\n<h2 class=\"wp-block-heading\">Comida casera garantizada en el restaurante \u00c0 l'Image Sainte Anne de Vannes<\/h2>\n<p><!-- \/wp:heading --><!-- wp:paragraph --><\/p>\n<p>Nos enorgullece anunciar que... por 3\u00aa vez, renovamos nuestro\u00a0<strong>t\u00edtulo de<\/strong>\u00a0<strong>Maestro restaurador<\/strong>\u00a0!<\/p>\n<p><!-- \/wp:paragraph --><!-- wp:paragraph --><\/p>\n<p>Nuestra\u00a0<strong>restaurante en Vannes<\/strong><strong>\u00a0<\/strong>es\u00a0<strong>maestro restaurador certificado<\/strong>Nuestro equipo hace todo lo que est\u00e1 en su mano para hacer honor a este prestigioso t\u00edtulo. En una \u00e9poca en la que comer bien nunca ha sido tan popular, el restaurante \u00c0 l'Image Sainte Anne se enorgullece de defender estos valores. Venga a disfrutar de nuestros productos caseros en el centro de Vannes. <!-- wp:spacer {\"height\":\"31px\"} --><\/p>\n<div class=\"wp-block-spacer\" style=\"height: 31px;\" aria-hidden=\"true\">\u00a0<\/div>\n<div aria-hidden=\"true\"><img fetchpriority=\"high\" decoding=\"async\" class=\"wp-image-11176 size-full aligncenter\" src=\"https:\/\/www.kyriad-vannes.fr\/wp-content\/uploads\/2025\/03\/titre-maitre-restaurateur-restaurant-vannes-A-lImage-Sainte-Anne.png\" alt=\"Restaurant Vannes Maitre Restaurateur A l&#039;Image Sainte Anne\" width=\"900\" height=\"300\" title=\"\" srcset=\"https:\/\/www.kyriad-vannes.fr\/wp-content\/uploads\/2025\/03\/titre-maitre-restaurateur-restaurant-vannes-A-lImage-Sainte-Anne.png 900w, https:\/\/www.kyriad-vannes.fr\/wp-content\/uploads\/2025\/03\/titre-maitre-restaurateur-restaurant-vannes-A-lImage-Sainte-Anne-300x100.png 300w, https:\/\/www.kyriad-vannes.fr\/wp-content\/uploads\/2025\/03\/titre-maitre-restaurateur-restaurant-vannes-A-lImage-Sainte-Anne-768x256.png 768w, https:\/\/www.kyriad-vannes.fr\/wp-content\/uploads\/2025\/03\/titre-maitre-restaurateur-restaurant-vannes-A-lImage-Sainte-Anne-18x6.png 18w\" sizes=\"(max-width: 900px) 100vw, 900px\" \/><\/div>\n<div aria-hidden=\"true\">\u00a0<\/div>\n<div aria-hidden=\"true\">\u00a0<\/div>\n<p><!-- \/wp:spacer --><!-- wp:heading --><\/p>\n<h2 class=\"wp-block-heading\">\u00bfCu\u00e1l es el t\u00edtulo de Ma\u00eetre Restaurateur de su restaurante de Vannes?<\/h2>\n<p><!-- \/wp:heading --><!-- wp:paragraph --><\/p>\n<p>Le\u00a0<a href=\"https:\/\/www.kyriad-vannes.fr\/es\/restaurant-vannes.html\/\">restaurante A l'Image Sainte Anne<\/a>\u00a0fue el tercer establecimiento en recibir la etiqueta\u00a0<strong>Maestro restaurador en Vannes<\/strong>Es un gran motivo de satisfacci\u00f3n para todo el equipo, que trabaja duro para estar a la altura del t\u00edtulo conseguido a principios de 2013, tras una renovaci\u00f3n total de la cocina y el comedor. \u00a1La comida casera ha sido el lema del restaurante desde su fundaci\u00f3n en 1738!<\/p>\n<p><!-- \/wp:paragraph --><!-- wp:paragraph --><\/p>\n<p>Este\u00a0<strong>T\u00edtulo de Maestro Restaurador<\/strong>\u00a0representa la excelencia de\u00a0<strong>los mejores profesionales de la restauraci\u00f3n tradicional<\/strong>y su compromiso con la calidad.<\/p>\n<p><!-- \/wp:paragraph --><!-- wp:paragraph --><\/p>\n<p>Nuestra escuela obtuvo el t\u00edtulo en septiembre de 2013, y lo renov\u00f3 en 2017 y de nuevo este a\u00f1o.<\/p>\n<p><!-- \/wp:paragraph --><!-- wp:list --><\/p>\n<ul class=\"wp-block-list\">\n<li style=\"list-style-type: none;\">\n<ul class=\"wp-block-list\"><!-- wp:list-item --><\/ul>\n<\/li>\n<\/ul>\n<p>\u00a0<\/p>\n<ul class=\"wp-block-list\">\n<li style=\"list-style-type: none;\">\n<ul class=\"wp-block-list\">\n<li>elaborar una cocina \"aut\u00e9ntica\", bajo la responsabilidad directa del restaurador o de su chef, y no recurrir al montaje o a platos precocinados que simplemente hay que \"recalentar\";<\/li>\n<\/ul>\n<\/li>\n<\/ul>\n<p><!-- \/wp:list-item --><!-- wp:list-item --><\/p>\n<ul class=\"wp-block-list\">\n<li style=\"list-style-type: none;\">\n<ul class=\"wp-block-list\">\n<li>comprometerse a cumplir una serie de normas sencillas que garanticen un servicio de calidad (recepci\u00f3n, servicio de mesa, decoraci\u00f3n);<\/li>\n<\/ul>\n<\/li>\n<\/ul>\n<p><!-- \/wp:list-item --><!-- wp:list-item --><\/p>\n<ul class=\"wp-block-list\">\n<li style=\"list-style-type: none;\">\n<ul class=\"wp-block-list\">\n<li>cumplir las normas de salud y seguridad.<\/li>\n<\/ul>\n<\/li>\n<\/ul>\n<p><!-- \/wp:list-item --><\/p>\n<p><!-- \/wp:list --><!-- wp:paragraph --><\/p>\n<p>Estos puntos se verifican mediante una auditor\u00eda realizada por un organismo certificador declarado, independiente del Estado. El prefecto del departamento en el que se encuentre el establecimiento principal del solicitante, o en el que tenga su sede la empresa del solicitante, es el encargado de conceder el\u00a0<strong>maestro restaurador<\/strong>bas\u00e1ndose en el informe de auditor\u00eda y en todos los documentos del expediente de solicitud.<\/p>\n<p><!-- \/wp:paragraph --><!-- wp:paragraph --><\/p>\n<p>Los candidatos al t\u00edtulo tambi\u00e9n deben tener una cualificaci\u00f3n o experiencia profesional demostrada en restauraci\u00f3n.<\/p>\n<p>\u00a0<\/p>\n<p><!-- \/wp:paragraph --><!-- wp:heading {\"level\":3} --><\/p>\n<h3 class=\"wp-block-heading\"><strong>Nuestro restaurante de Vannes es un establecimiento de renombre<\/strong><\/h3>\n<p><!-- \/wp:heading --><!-- wp:paragraph --><\/p>\n<p>Le\u00a0<strong>Restaurante \u00c0 l'Image Sainte-Anne en Vannes<\/strong>Nuestro restaurante goza de renombre en la zona de Vannes desde 1948. Servimos cocina tradicional pero creativa, siempre casera.<br \/>Nuestra experiencia y la calidad de nuestros productos, principalmente locales, nos convierten en l\u00edderes de nuestro sector.\u00a0<strong>restaurante de su elecci\u00f3n<\/strong>como nuestro\u00a0<strong>Certificaci\u00f3n de Maestro Restaurador<\/strong>. El men\u00fa, mezcla de tierra y mar, cambia con las estaciones. Desde los ratones de cordero hasta las vieiras con tocino ahumado, los platos tienen un fuerte sabor bret\u00f3n. Gracias a nuestra decoraci\u00f3n tradicional y refinada, pasar\u00e1 un rato agradable con amigos o en familia.<\/p>\n<p><!-- \/wp:paragraph --><!-- wp:paragraph --><\/p>\n<p>Nuestra\u00a0<strong>restaurante en Vannes<\/strong>\u00a0etiquetado\u00a0<strong>Maestro restaurador de Vannes<\/strong>\u00a0le da la bienvenida todos los d\u00edas de 12.00 a 14.00 y de 19.00 a 21.30 (cerrado los viernes por la noche, s\u00e1bados y domingos por la noche fuera de temporada), en el<a href=\"https:\/\/www.kyriad-vannes.fr\/es\/hotel-vannes.html\/\">hotel Kyriad Vannes centre-ville<\/a>.<\/p>\n<p><!-- \/wp:paragraph --><!-- wp:paragraph --><!-- \/wp:paragraph --><!-- wp:image {\"id\":9005,\"width\":\"397px\",\"height\":\"auto\",\"sizeSlug\":\"large\",\"linkDestination\":\"none\"} --><!-- \/wp:spacer --><!-- wp:paragraph --><\/p>\n<p>Este\u00a0<strong>establecimiento hist\u00f3rico<\/strong>\u00a0est\u00e1 situado a dos pasos del casco antiguo y del puerto deportivo de Vannes, lo que le confiere una ubicaci\u00f3n privilegiada. El hotel es de f\u00e1cil acceso y ofrece una serie de servicios como habitaciones c\u00f3modas, c\u00e1lidas y decoradas con gusto, servicio de habitaciones, recepci\u00f3n 24 horas, almohadas de espuma con memoria...<\/p>\n<p><!-- \/wp:paragraph --><!-- wp:paragraph --><\/p>\n<p>Encuentre fotos e informaci\u00f3n de nuestro\u00a0<strong>hotel-restaurante en Vannes<\/strong>\u00a0en la red social de su elecci\u00f3n.\u00a0<a href=\"https:\/\/www.facebook.com\/KyriadVannesCentre\/\" rel=\"nofollow noopener\" target=\"_blank\">Facebook<\/a>\u00a0-\u00a0<a href=\"https:\/\/www.instagram.com\/restaurant_a_image_sainte_anne\/?hl=fr\" rel=\"nofollow noopener\" target=\"_blank\">Instagram<\/a><\/p>\n<p><!-- \/wp:paragraph --><\/p>\t\t\t\t\t\t\t\t<\/div>\n\t\t\t\t<\/div>\n\t\t\t\t\t<\/div>\n\t\t\t\t<\/div>\n\t\t\t\t<\/div>","protected":false},"excerpt":{"rendered":"<p>\u00a0 Du fait maison garantit au restaurant \u00c0 l&rsquo;Image Sainte Anne \u00e0 Vannes Nous sommes fiers de vous annoncer que&#8230; pour la 3\u00e8me fois, nous renouvelons notre\u00a0titre de\u00a0Ma\u00eetre Restaurateur\u00a0! Notre\u00a0restaurant \u00e0 Vannes\u00a0est\u00a0certifi\u00e9 Ma\u00eetre restaurateur, notre \u00e9quipe met tout en oeuvre pour\u00a0honorer ce titre prestigieux. \u00c0 l&rsquo;heure o\u00f9 le manger-bien n&rsquo;a jamais \u00e9t\u00e9 autant pl\u00e9biscit\u00e9, le [&hellip;]<\/p>\n","protected":false},"author":7,"featured_media":11047,"comment_status":"closed","ping_status":"open","sticky":false,"template":"","format":"standard","meta":{"_acf_changed":false,"inline_featured_image":false,"footnotes":""},"categories":[16],"tags":[],"class_list":["post-9003","post","type-post","status-publish","format-standard","has-post-thumbnail","hentry","category-actualites"],"acf":[],"_links":{"self":[{"href":"https:\/\/www.kyriad-vannes.fr\/es\/wp-json\/wp\/v2\/posts\/9003","targetHints":{"allow":["GET"]}}],"collection":[{"href":"https:\/\/www.kyriad-vannes.fr\/es\/wp-json\/wp\/v2\/posts"}],"about":[{"href":"https:\/\/www.kyriad-vannes.fr\/es\/wp-json\/wp\/v2\/types\/post"}],"author":[{"embeddable":true,"href":"https:\/\/www.kyriad-vannes.fr\/es\/wp-json\/wp\/v2\/users\/7"}],"replies":[{"embeddable":true,"href":"https:\/\/www.kyriad-vannes.fr\/es\/wp-json\/wp\/v2\/comments?post=9003"}],"version-history":[{"count":14,"href":"https:\/\/www.kyriad-vannes.fr\/es\/wp-json\/wp\/v2\/posts\/9003\/revisions"}],"predecessor-version":[{"id":11180,"href":"https:\/\/www.kyriad-vannes.fr\/es\/wp-json\/wp\/v2\/posts\/9003\/revisions\/11180"}],"wp:featuredmedia":[{"embeddable":true,"href":"https:\/\/www.kyriad-vannes.fr\/es\/wp-json\/wp\/v2\/media\/11047"}],"wp:attachment":[{"href":"https:\/\/www.kyriad-vannes.fr\/es\/wp-json\/wp\/v2\/media?parent=9003"}],"wp:term":[{"taxonomy":"category","embeddable":true,"href":"https:\/\/www.kyriad-vannes.fr\/es\/wp-json\/wp\/v2\/categories?post=9003"},{"taxonomy":"post_tag","embeddable":true,"href":"https:\/\/www.kyriad-vannes.fr\/es\/wp-json\/wp\/v2\/tags?post=9003"}],"curies":[{"name":"wp","href":"https:\/\/api.w.org\/{rel}","templated":true}]}}