{"id":9010,"date":"2025-04-06T16:28:30","date_gmt":"2025-04-06T14:28:30","guid":{"rendered":"https:\/\/www.kyriad-vannes.fr\/?p=9010"},"modified":"2025-06-17T16:29:08","modified_gmt":"2025-06-17T14:29:08","slug":"festivales-en-bretana-descubra-las-fiestas-de-vannes-este-verano","status":"publish","type":"post","link":"https:\/\/www.kyriad-vannes.fr\/es\/actualites\/festivals-en-bretagne-decouvrez-les-festivites-a-vannes-cet-ete\/","title":{"rendered":"FESTIVALES EN BRETA\u00d1A: DESCUBRA LAS FIESTAS DE VANNES ESTE VERANO"},"content":{"rendered":"<div data-elementor-type=\"wp-post\" data-elementor-id=\"9010\" class=\"elementor elementor-9010\" data-elementor-post-type=\"post\">\n\t\t\t\t<div class=\"elementor-element elementor-element-533d5549 e-flex e-con-boxed e-con e-parent\" data-id=\"533d5549\" data-element_type=\"container\" data-e-type=\"container\">\n\t\t\t\t\t<div class=\"e-con-inner\">\n\t\t\t\t<div class=\"elementor-element elementor-element-a10f0ce elementor-widget elementor-widget-text-editor\" data-id=\"a10f0ce\" data-element_type=\"widget\" data-e-type=\"widget\" data-widget_type=\"text-editor.default\">\n\t\t\t\t<div class=\"elementor-widget-container\">\n\t\t\t\t\t\t\t\t\t\n<div class=\"wp-block-spacer\" style=\"height: 50px;\" aria-hidden=\"true\">\u00a0<\/div>\n\n<h2 class=\"wp-block-heading\">Descubra la riqueza hist\u00f3rica y cultural de Breta\u00f1a<\/h2>\n\n<p>Este verano, aproveche\u00a0<strong>eventos en el sur de Breta\u00f1a<\/strong>Descubra la riqueza hist\u00f3rica y cultural de Breta\u00f1a a trav\u00e9s de sus fiestas, espect\u00e1culos y celebraciones tradicionales...<\/p>\n\n<p>Todos los a\u00f1os, el verano est\u00e1 en pleno apogeo en Vannes, ofreciendo una gran variedad de actividades.\u00a0<strong>festivales en Breta\u00f1a<\/strong>\u00a0!<\/p>\n\n<p>Hay para todos los gustos: festivales de m\u00fasica, acontecimientos deportivos, exposiciones, celebraciones de monumentos, descubrimientos de la naturaleza o fiestas tradicionales... Cuando venga a nuestro\u00a0<strong><a href=\"https:\/\/www.kyriad-vannes.fr\/es\/hotel-vannes.html\/\">Hotel Kyriad en Vannes<\/a><\/strong>Estar\u00e1s en el centro de todas estas fiestas veraniegas y mucho m\u00e1s.<\/p>\n<p>\u00a0<\/p>\n\n<figure class=\"wp-block-image size-full is-resized\"><img fetchpriority=\"high\" decoding=\"async\" width=\"612\" height=\"408\" class=\"wp-image-9011 aligncenter\" style=\"width: 590px; height: auto;\" src=\"https:\/\/www.kyriad-vannes.fr\/wp-content\/uploads\/2024\/09\/crtb-ad0541_LAMOUREUX_AlexandreBD_1.jpg\" alt=\"\" title=\"\" srcset=\"https:\/\/www.kyriad-vannes.fr\/wp-content\/uploads\/2024\/09\/crtb-ad0541_LAMOUREUX_AlexandreBD_1.jpg 612w, https:\/\/www.kyriad-vannes.fr\/wp-content\/uploads\/2024\/09\/crtb-ad0541_LAMOUREUX_AlexandreBD_1-300x200.jpg 300w, https:\/\/www.kyriad-vannes.fr\/wp-content\/uploads\/2024\/09\/crtb-ad0541_LAMOUREUX_AlexandreBD_1-18x12.jpg 18w\" sizes=\"(max-width: 612px) 100vw, 612px\" \/><\/figure>\n\n<div class=\"wp-block-spacer\" style=\"height: 31px;\" aria-hidden=\"true\">\u00a0<\/div>\n\n<h2 class=\"wp-block-heading\">\u00bfQu\u00e9 hay que ver cuando se visita Vannes?<\/h2>\n\n<p>En todas partes, durante su\u00a0<strong>estancia en Vannes<\/strong>encontrar\u00e1s\u00a0<strong>acontecimientos culturales y deportivos<\/strong>La oferta de actividades es amplia: actuaciones musicales, bailes tradicionales, monumentos festivos y descubrimientos en el mar y en tierra.<\/p>\n\n<p>\u00a1En Morbihan est\u00e1n pasando cosas! Morbihan le invita a descubrir la riqueza hist\u00f3rica y cultural de la regi\u00f3n.\u00a0<strong>Breta\u00f1a Sur<\/strong>\u00a0desde todos los \u00e1ngulos. Venga a ver\u00a0<strong>festivales en Breta\u00f1a<\/strong>\u00a0!<\/p>\n\n<h2 class=\"wp-block-heading\">\u00a0<\/h2>\n<h2 class=\"wp-block-heading\">Descubra lo que pasa en Morbihan este verano<\/h2>\n\n<p>En\u00a0<a href=\"https:\/\/www.morbihan.com\/accueil\/agenda\/ca-bouge-en-morbihan\/principaux-evenements\" target=\"_blank\" rel=\"noreferrer noopener nofollow\"><strong>acontecimientos en Breta\u00f1a<\/strong><\/a>\u00a0\u00a1no faltan! Descubra nuestra selecci\u00f3n de<strong>eventos en Morbihan<\/strong>\u00a0este verano y d\u00e9jese llevar por estos encuentros festivos.<\/p>\n\n<h3 class=\"wp-block-heading\">\u00a0<\/h3>\n<h3 class=\"wp-block-heading\"><strong>Cultura bretona<\/strong><\/h3>\n\n<p>La\u00a0<strong>Festival de Breta\u00f1a<\/strong>del viernes 16 de mayo al domingo 25 de mayo de 2025, es un acontecimiento familiar \u00fanico, festivo y de convivencia, que muestra la cultura bretona. Muchos de los actos del programa son gratuitos.<\/p>\n\n<p>Le\u00a0<a href=\"https:\/\/www.kyriad-vannes.fr\/es\/FR\/actus\/festival-interceltique-lorient-hotel-kyriad-3-etoiles-123.html\/\"><strong>Festival Interc\u00e9ltico de Lorient<\/strong><\/a>del 1 al 10 de agosto de 2025, es el mayor encuentro mundial de culturas celtas.<\/p>\n\n<p>En\u00a0<strong>Fiestas de Arvor<\/strong> tambi\u00e9n dar\u00e1 vida a nuestra hermosa ciudad de Vannes del 14 al 17 de agosto de 2025, celebrando la cultura bretona con un sinf\u00edn de espect\u00e1culos que incluyen la elecci\u00f3n de la Reina d'Arvor y sus subcampeonas, \u00a1y fuegos artificiales!<\/p>\n\n<h3 class=\"wp-block-heading\">\u00a0<\/h3>\n<h3 class=\"wp-block-heading\"><strong>M\u00fasica<\/strong><\/h3>\n\n<p><strong>Fiesta de la m\u00fasica<\/strong> en Vannes el 21 de junio de 2025. Un gran acontecimiento le espera en el puerto de Vannes.<\/p>\n\n<p>Le\u00a0<strong>Festival Paka<\/strong>los d\u00edas 12 y 13 de julio de 2025 en La Trinit\u00e9 sur Mer. Evento de m\u00fasica electr\u00f3nica con DJ internacionales.<\/p>\n\n<p>Del 7 al 12 de julio de 2025, es el <strong>Vannes Echos Jazz<\/strong>\u00a0en Vannes, con estilos tan variados como el folk, el electro, el blues o el afro beat.<\/p>\n\n<p>En\u00a0<strong>Musicales du Golfe<\/strong>En su 34\u00aa edici\u00f3n, del 4 al 14 de agosto de 2025, har\u00e1 escala con m\u00fasicos de renombre internacional.<\/p>\n\n<h3 class=\"wp-block-heading\">\u00a0<\/h3>\n<h3 class=\"wp-block-heading\"><strong>Deporte y navegaci\u00f3n<\/strong><\/h3>\n\n<p>La\u00a0<strong>Semana del Golfo de Morbihan<\/strong>del 26 de mayo al 1 de junio de 2025, es uno de los grandes acontecimientos mar\u00edtimos de Breta\u00f1a, con desfiles y regatas de veleros tradicionales, veleros de remos y yates cl\u00e1sicos...<\/p>\n\n<p>Le\u00a0<strong>Sendero Remparts de Vannes<\/strong> 22 de junio de 2025. Carrera de trail running en la que los participantes recorren 15 o 30 kil\u00f3metros por las calles y senderos, pasando por las murallas medievales y los monumentos hist\u00f3ricos de la ciudad.<\/p>\n\n<p>L'<strong>Ultramar<\/strong>del 26 de junio al 29 de junio de 2025, propone carreras pedestres de 29 a 175 km alrededor de una de las bah\u00edas m\u00e1s bellas del mundo, el Golfe du Morbihan.<\/p>\n\n<p>Le\u00a0<strong>Media marat\u00f3n Auray-Vannes<\/strong> El 14 de septiembre de 2025 es el acontecimiento deportivo del oto\u00f1o. Hay varias carreras y distancias disponibles (20 km, 10 km o 5 km).<\/p>\n\n<p>Le<strong>\u00a0Marat\u00f3n de Vanne<\/strong>s uno de los 10 mejores maratones de Francia, es una cita ineludible para todos los aficionados al running en Francia. Tendr\u00e1 lugar los d\u00edas 27 y 28 de octubre de 2025.<\/p>\n\n<h3 class=\"wp-block-heading\">\u00a0<\/h3>\n<h3 class=\"wp-block-heading\"><strong>Otros acontecimientos<\/strong><\/h3>\n\n<p>Le\u00a0<strong>Festival de fotograf\u00eda de La Gacilly<\/strong>del 1 de junio al 5 de octubre de 2025, para una exposici\u00f3n extraordinaria en los jardines y callejuelas de este peque\u00f1o pueblo de Morbihan.<\/p>\n\n<p><strong>Livr'\u00e0 Vannes<\/strong> se celebra del viernes 13 al domingo 15 de junio de 2025, en su 18\u00aa edici\u00f3n. Es la primera feria literaria general de Breta\u00f1a, con una media de 25.000 visitantes.<\/p>\n\n<p><em><strong>El hotel Kyriad Vannes Centre-ville est\u00e1 en el coraz\u00f3n de Vannes y de sus fiestas.<\/strong><\/em><br \/><br \/><em><strong>Disfrute de sus vacaciones en nuestro\u00a0<a href=\"https:\/\/www.kyriad-vannes.fr\/es\/FR\/\">hotel Kyriad Vannes Centre<\/a>\u00a0!<\/strong><\/em><br \/>Para cualquier informaci\u00f3n complementaria o para efectuar una reserva, no dude en ponerse en contacto con nosotros por tel\u00e9fono en el 02 97 63 27 36 o por correo electr\u00f3nico en la siguiente direcci\u00f3n\u00a0<a href=\"mailto:info@kyriad-vannescentre.com\">info@kyriad-vannescentre.com<\/a><\/p>\n\t\t\t\t\t\t\t\t<\/div>\n\t\t\t\t<\/div>\n\t\t\t\t\t<\/div>\n\t\t\t\t<\/div>\n\t\t\t\t<\/div>","protected":false},"excerpt":{"rendered":"<p>D\u00e9couverte de la richesse historique et culturelle de la Bretagne Cet \u00e9t\u00e9, profitez des\u00a0\u00e9v\u00e9nements en Bretagne Sud, pour d\u00e9couvrir la richesse historique et culturelle bretonne au travers des festivals,\u00a0spectacles et f\u00eates\u00a0traditionnelles&#8230; Chaque ann\u00e9e, l&rsquo;\u00e9t\u00e9 bat son plein \u00e0 Vannes et offre une grande diversit\u00e9 de\u00a0festivals\u00a0en Bretagne\u00a0! Il y en a pour tous les go\u00fbts : [&hellip;]<\/p>\n","protected":false},"author":7,"featured_media":8949,"comment_status":"closed","ping_status":"open","sticky":false,"template":"","format":"standard","meta":{"_acf_changed":false,"inline_featured_image":false,"footnotes":""},"categories":[16],"tags":[],"class_list":["post-9010","post","type-post","status-publish","format-standard","has-post-thumbnail","hentry","category-actualites"],"acf":[],"_links":{"self":[{"href":"https:\/\/www.kyriad-vannes.fr\/es\/wp-json\/wp\/v2\/posts\/9010","targetHints":{"allow":["GET"]}}],"collection":[{"href":"https:\/\/www.kyriad-vannes.fr\/es\/wp-json\/wp\/v2\/posts"}],"about":[{"href":"https:\/\/www.kyriad-vannes.fr\/es\/wp-json\/wp\/v2\/types\/post"}],"author":[{"embeddable":true,"href":"https:\/\/www.kyriad-vannes.fr\/es\/wp-json\/wp\/v2\/users\/7"}],"replies":[{"embeddable":true,"href":"https:\/\/www.kyriad-vannes.fr\/es\/wp-json\/wp\/v2\/comments?post=9010"}],"version-history":[{"count":13,"href":"https:\/\/www.kyriad-vannes.fr\/es\/wp-json\/wp\/v2\/posts\/9010\/revisions"}],"predecessor-version":[{"id":11357,"href":"https:\/\/www.kyriad-vannes.fr\/es\/wp-json\/wp\/v2\/posts\/9010\/revisions\/11357"}],"wp:featuredmedia":[{"embeddable":true,"href":"https:\/\/www.kyriad-vannes.fr\/es\/wp-json\/wp\/v2\/media\/8949"}],"wp:attachment":[{"href":"https:\/\/www.kyriad-vannes.fr\/es\/wp-json\/wp\/v2\/media?parent=9010"}],"wp:term":[{"taxonomy":"category","embeddable":true,"href":"https:\/\/www.kyriad-vannes.fr\/es\/wp-json\/wp\/v2\/categories?post=9010"},{"taxonomy":"post_tag","embeddable":true,"href":"https:\/\/www.kyriad-vannes.fr\/es\/wp-json\/wp\/v2\/tags?post=9010"}],"curies":[{"name":"wp","href":"https:\/\/api.w.org\/{rel}","templated":true}]}}