{"id":9020,"date":"2024-09-24T16:34:16","date_gmt":"2024-09-24T14:34:16","guid":{"rendered":"https:\/\/www.kyriad-vannes.fr\/?p=9020"},"modified":"2024-09-24T16:34:17","modified_gmt":"2024-09-24T14:34:17","slug":"el-castillo-de-lhermine-en-vannes","status":"publish","type":"post","link":"https:\/\/www.kyriad-vannes.fr\/es\/actualites\/le-chateau-de-lhermine-a-vannes\/","title":{"rendered":"Castillo de l'Hermine en Vannes"},"content":{"rendered":"<div style=\"height:50px\" aria-hidden=\"true\" class=\"wp-block-spacer\"><\/div>\n\n\n\n<h2 class=\"wp-block-heading\">&nbsp;Ch\u00e2teau de l'Hermine,&nbsp;<strong>patrimonio hist\u00f3rico<\/strong>&nbsp;imprescindible para el&nbsp;<strong>ciudad de Vannes<\/strong>que descubrir durante su&nbsp;<strong>estancia en el sur de Breta\u00f1a.<\/strong><\/h2>\n\n\n\n<h2 class=\"wp-block-heading\">La residencia de los duques de Breta\u00f1a<\/h2>\n\n\n\n<p><strong>Antiguo castillo fortificado<\/strong>&nbsp;e integrado en las murallas de la&nbsp;<strong>Prefectura de Morbihan<\/strong>el&nbsp;<strong>Duques de Breta\u00f1a<\/strong>&nbsp;vivieron en este castillo hasta mediados del siglo XV.&nbsp;<strong>Francisco I de Francia<\/strong>&nbsp;permaneci\u00f3 aqu\u00ed, sobre todo en 1532, cuando los Estados votaron a favor de la uni\u00f3n del ducado.&nbsp;<\/p>\n\n\n\n<p>Posteriormente, las fortificaciones perdieron gran parte de su utilidad,&nbsp;<strong>Luis XIV<\/strong>&nbsp;En 1670, decidi\u00f3 venderlos segmento a segmento para financiar sus guerras. Don\u00f3 los&nbsp;<strong>castillo de l'Hermine<\/strong>entonces en ruinas, a la&nbsp;<strong>ciudad de Vannes<\/strong>&nbsp;en 1697, que lo utiliz\u00f3 para mejorar el puerto y mantener otros edificios de la ciudad.<\/p>\n\n\n\n<figure class=\"wp-block-image size-full is-resized\"><img fetchpriority=\"high\" decoding=\"async\" width=\"2560\" height=\"1707\" src=\"https:\/\/www.kyriad-vannes.fr\/wp-content\/uploads\/2024\/09\/Adt-aa0697_Copyright-Loic-Kersuzan-scaled.jpg\" alt=\"\" class=\"wp-image-9021\" style=\"width:590px;height:auto\" title=\"\" srcset=\"https:\/\/www.kyriad-vannes.fr\/wp-content\/uploads\/2024\/09\/Adt-aa0697_Copyright-Loic-Kersuzan-scaled.jpg 2560w, https:\/\/www.kyriad-vannes.fr\/wp-content\/uploads\/2024\/09\/Adt-aa0697_Copyright-Loic-Kersuzan-300x200.jpg 300w, https:\/\/www.kyriad-vannes.fr\/wp-content\/uploads\/2024\/09\/Adt-aa0697_Copyright-Loic-Kersuzan-1024x683.jpg 1024w, https:\/\/www.kyriad-vannes.fr\/wp-content\/uploads\/2024\/09\/Adt-aa0697_Copyright-Loic-Kersuzan-768x512.jpg 768w, https:\/\/www.kyriad-vannes.fr\/wp-content\/uploads\/2024\/09\/Adt-aa0697_Copyright-Loic-Kersuzan-1536x1024.jpg 1536w, https:\/\/www.kyriad-vannes.fr\/wp-content\/uploads\/2024\/09\/Adt-aa0697_Copyright-Loic-Kersuzan-2048x1365.jpg 2048w, https:\/\/www.kyriad-vannes.fr\/wp-content\/uploads\/2024\/09\/Adt-aa0697_Copyright-Loic-Kersuzan-18x12.jpg 18w\" sizes=\"(max-width: 2560px) 100vw, 2560px\" \/><\/figure>\n\n\n\n<div style=\"height:31px\" aria-hidden=\"true\" class=\"wp-block-spacer\"><\/div>\n\n\n\n<h2 class=\"wp-block-heading\">Proteger el patrimonio de Vannes<\/h2>\n\n\n\n<p>En 1876, el Estado adquiri\u00f3 el edificio y se instal\u00f3 en \u00e9l la Escuela de Artiller\u00eda del XI Cuerpo de Ej\u00e9rcito. El edificio sufri\u00f3 una serie de modificaciones, como la adici\u00f3n de espacio en el \u00e1tico y reformas interiores. El recinto fortificado se fue desintegrando a medida que avanzaba la construcci\u00f3n urbana. No fue hasta 1911 cuando se cre\u00f3 una asociaci\u00f3n para proteger el patrimonio de Vannes, y que&nbsp;<strong>las murallas de Vannes<\/strong>&nbsp;se ponen bajo protecci\u00f3n, entonces&nbsp;<strong>clasificado&nbsp;<em><a href=\"https:\/\/www.commune-mairie.fr\/monuments-historiques\/vannes-56260\/\" target=\"_blank\" rel=\"noreferrer noopener nofollow\">Monumentos hist\u00f3ricos<\/a><\/em><\/strong>.<\/p>\n\n\n\n<p>Durante el siglo XX, el edificio, a\u00fan conocido como Ch\u00e2teau de l'Hermine, se utiliz\u00f3 para diversos fines administrativos. En 1976 pas\u00f3 a ser propiedad del&nbsp;<strong>ciudad de Vannes<\/strong>.<\/p>\n\n\n\n<h2 class=\"wp-block-heading\">Castillo y murallas de Vannes en la actualidad<\/h2>\n\n\n\n<p>A la espera de ser restaurado y de que se le d\u00e9 una nueva vida, el&nbsp;<strong>exposiciones temporales<\/strong>&nbsp;ocupan la planta baja. El castillo se est\u00e1 vaciando poco a poco para que la ciudad pueda emprender obras de renovaci\u00f3n y restauraci\u00f3n.<\/p>\n\n\n\n<p><strong>Castillo de l'Hermine<\/strong>&nbsp;es uno de los hitos de la ciudad y uno de los m\u00e1s importantes&nbsp;<a href=\"https:\/\/www.kyriad-vannes.fr\/es\/vannes-avoir.html\/\">lugares de visita obligada<\/a>&nbsp;durante su&nbsp;<strong>estancia en Vannes,<\/strong>&nbsp;de d\u00eda y de noche. El castillo se ilumina por la noche, y durante las fiestas, tanto \u00e9l como sus murallas lucen una hermosa iluminaci\u00f3n.<\/p>\n\n\n\n<figure class=\"wp-block-image size-full\"><img decoding=\"async\" width=\"1141\" height=\"756\" src=\"https:\/\/www.kyriad-vannes.fr\/wp-content\/uploads\/2024\/09\/Photo_article_Chateau_Hermine_-_Remparts_Jardins.jpg\" alt=\"\" class=\"wp-image-9022\" title=\"\" srcset=\"https:\/\/www.kyriad-vannes.fr\/wp-content\/uploads\/2024\/09\/Photo_article_Chateau_Hermine_-_Remparts_Jardins.jpg 1141w, https:\/\/www.kyriad-vannes.fr\/wp-content\/uploads\/2024\/09\/Photo_article_Chateau_Hermine_-_Remparts_Jardins-300x199.jpg 300w, https:\/\/www.kyriad-vannes.fr\/wp-content\/uploads\/2024\/09\/Photo_article_Chateau_Hermine_-_Remparts_Jardins-1024x678.jpg 1024w, https:\/\/www.kyriad-vannes.fr\/wp-content\/uploads\/2024\/09\/Photo_article_Chateau_Hermine_-_Remparts_Jardins-768x509.jpg 768w, https:\/\/www.kyriad-vannes.fr\/wp-content\/uploads\/2024\/09\/Photo_article_Chateau_Hermine_-_Remparts_Jardins-18x12.jpg 18w\" sizes=\"(max-width: 1141px) 100vw, 1141px\" \/><\/figure>\n\n\n\n<h2 class=\"wp-block-heading\">Los jardines de la muralla<\/h2>\n\n\n\n<p>Al pasear por las murallas y los alrededores del castillo, podr\u00e1 admirar la&nbsp;<strong>jardines de las murallas de Vannes<\/strong>. Un verdadero placer para la vista y para el&nbsp;<strong>amantes de la jardiner\u00eda<\/strong>especialmente durante los periodos de floraci\u00f3n, sobre todo en primavera.<\/p>","protected":false},"excerpt":{"rendered":"<p>&nbsp;Le ch\u00e2teau de l&rsquo;Hermine,&nbsp;patrimoine historique&nbsp;incontournable de la&nbsp;ville de Vannes, \u00e0 d\u00e9couvrir lors de votre&nbsp;s\u00e9jour en Bretagne Sud. La r\u00e9sidence des Ducs de Bretagne Ancien ch\u00e2teau fort&nbsp;disparu et int\u00e9gr\u00e9 aux remparts de la&nbsp;pr\u00e9fecture du Morbihan, les&nbsp;ducs de Bretagne&nbsp;vivent dans ce ch\u00e2teau jusqu&rsquo;au milieu du XVe si\u00e8cle.&nbsp;Fran\u00e7ois Ier de France&nbsp;y s\u00e9journe, en particulier en 1532, lors du [&hellip;]<\/p>\n","protected":false},"author":7,"featured_media":8989,"comment_status":"closed","ping_status":"open","sticky":false,"template":"","format":"standard","meta":{"_acf_changed":false,"inline_featured_image":false,"footnotes":""},"categories":[16],"tags":[],"class_list":["post-9020","post","type-post","status-publish","format-standard","has-post-thumbnail","hentry","category-actualites"],"acf":[],"_links":{"self":[{"href":"https:\/\/www.kyriad-vannes.fr\/es\/wp-json\/wp\/v2\/posts\/9020","targetHints":{"allow":["GET"]}}],"collection":[{"href":"https:\/\/www.kyriad-vannes.fr\/es\/wp-json\/wp\/v2\/posts"}],"about":[{"href":"https:\/\/www.kyriad-vannes.fr\/es\/wp-json\/wp\/v2\/types\/post"}],"author":[{"embeddable":true,"href":"https:\/\/www.kyriad-vannes.fr\/es\/wp-json\/wp\/v2\/users\/7"}],"replies":[{"embeddable":true,"href":"https:\/\/www.kyriad-vannes.fr\/es\/wp-json\/wp\/v2\/comments?post=9020"}],"version-history":[{"count":1,"href":"https:\/\/www.kyriad-vannes.fr\/es\/wp-json\/wp\/v2\/posts\/9020\/revisions"}],"predecessor-version":[{"id":9023,"href":"https:\/\/www.kyriad-vannes.fr\/es\/wp-json\/wp\/v2\/posts\/9020\/revisions\/9023"}],"wp:featuredmedia":[{"embeddable":true,"href":"https:\/\/www.kyriad-vannes.fr\/es\/wp-json\/wp\/v2\/media\/8989"}],"wp:attachment":[{"href":"https:\/\/www.kyriad-vannes.fr\/es\/wp-json\/wp\/v2\/media?parent=9020"}],"wp:term":[{"taxonomy":"category","embeddable":true,"href":"https:\/\/www.kyriad-vannes.fr\/es\/wp-json\/wp\/v2\/categories?post=9020"},{"taxonomy":"post_tag","embeddable":true,"href":"https:\/\/www.kyriad-vannes.fr\/es\/wp-json\/wp\/v2\/tags?post=9020"}],"curies":[{"name":"wp","href":"https:\/\/api.w.org\/{rel}","templated":true}]}}