{"id":9063,"date":"2024-09-26T15:09:18","date_gmt":"2024-09-26T13:09:18","guid":{"rendered":"https:\/\/www.kyriad-vannes.fr\/?p=9063"},"modified":"2025-06-25T15:18:59","modified_gmt":"2025-06-25T13:18:59","slug":"raid-ultra-marin-en-torno-al-golfe-du-morbihan-en-el-sur-de-bretana","status":"publish","type":"post","link":"https:\/\/www.kyriad-vannes.fr\/es\/actualites\/ultra-marin-raid-autour-du-golfe-du-morbihan-en-bretagne-sud\/","title":{"rendered":"ULTRA MARIN: RAID POR EL GOLFO DE MORBIHAN, EN EL SUR DE BRETA\u00d1A\u00a0"},"content":{"rendered":"<div data-elementor-type=\"wp-post\" data-elementor-id=\"9063\" class=\"elementor elementor-9063\" data-elementor-post-type=\"post\">\n\t\t\t\t<div class=\"elementor-element elementor-element-70b4b18c e-flex e-con-boxed e-con e-parent\" data-id=\"70b4b18c\" data-element_type=\"container\" data-e-type=\"container\">\n\t\t\t\t\t<div class=\"e-con-inner\">\n\t\t\t\t<div class=\"elementor-element elementor-element-1b0aa6c0 elementor-widget elementor-widget-text-editor\" data-id=\"1b0aa6c0\" data-element_type=\"widget\" data-e-type=\"widget\" data-widget_type=\"text-editor.default\">\n\t\t\t\t<div class=\"elementor-widget-container\">\n\t\t\t\t\t\t\t\t\t<h2>En su 20\u00aa edici\u00f3n, el Ultra Marin espera a los corredores de trail durante 175 km en el Golfe du Morbihan<\/h2><p>En <strong>Del 26 al 29 de junio de 2025<\/strong>\u00fanase a nosotros en<strong><a title=\"hotel Vannes ultra marin\" href=\"https:\/\/www.kyriad-vannes.fr\/es\/FR\/actus\/site-officiel-decouvrez-notre-hotel-kyriad-a-vannes-126.html\/\">hotel Kyriad Vannes centre-ville<\/a><\/strong>\u00a0en Breta\u00f1a para un acontecimiento deportivo \u00fanico en Francia: el<strong>Ultra Marin raid du Golfe<\/strong>. Una aventura humana y amistosa.<\/p>\t\t\t\t\t\t\t\t<\/div>\n\t\t\t\t<\/div>\n\t\t\t\t<div class=\"elementor-element elementor-element-3dd605f elementor-widget elementor-widget-image\" data-id=\"3dd605f\" data-element_type=\"widget\" data-e-type=\"widget\" data-widget_type=\"image.default\">\n\t\t\t\t<div class=\"elementor-widget-container\">\n\t\t\t\t\t\t\t\t\t\t\t\t\t\t\t<img fetchpriority=\"high\" decoding=\"async\" width=\"1748\" height=\"1240\" src=\"https:\/\/www.kyriad-vannes.fr\/wp-content\/uploads\/2024\/09\/evenement_sportif_Morbihan_Raid_Ultra_Marin_Vannes.jpg\" class=\"attachment-full size-full wp-image-9064\" alt=\"\" srcset=\"https:\/\/www.kyriad-vannes.fr\/wp-content\/uploads\/2024\/09\/evenement_sportif_Morbihan_Raid_Ultra_Marin_Vannes.jpg 1748w, https:\/\/www.kyriad-vannes.fr\/wp-content\/uploads\/2024\/09\/evenement_sportif_Morbihan_Raid_Ultra_Marin_Vannes-300x213.jpg 300w, https:\/\/www.kyriad-vannes.fr\/wp-content\/uploads\/2024\/09\/evenement_sportif_Morbihan_Raid_Ultra_Marin_Vannes-1024x726.jpg 1024w, https:\/\/www.kyriad-vannes.fr\/wp-content\/uploads\/2024\/09\/evenement_sportif_Morbihan_Raid_Ultra_Marin_Vannes-768x545.jpg 768w, https:\/\/www.kyriad-vannes.fr\/wp-content\/uploads\/2024\/09\/evenement_sportif_Morbihan_Raid_Ultra_Marin_Vannes-1536x1090.jpg 1536w, https:\/\/www.kyriad-vannes.fr\/wp-content\/uploads\/2024\/09\/evenement_sportif_Morbihan_Raid_Ultra_Marin_Vannes-18x12.jpg 18w\" sizes=\"(max-width: 1748px) 100vw, 1748px\" title=\"\">\t\t\t\t\t\t\t\t\t\t\t\t\t\t\t<\/div>\n\t\t\t\t<\/div>\n\t\t\t\t<div class=\"elementor-element elementor-element-d0c6a0a elementor-widget elementor-widget-text-editor\" data-id=\"d0c6a0a\" data-element_type=\"widget\" data-e-type=\"widget\" data-widget_type=\"text-editor.default\">\n\t\t\t\t<div class=\"elementor-widget-container\">\n\t\t\t\t\t\t\t\t\t<h2>El Ultra Marin raid du Golfe du Morbihan ofrece trail running, marcha n\u00f3rdica y relevos<\/h2><p>Participe en las carreras pedestres organizadas por la<strong>Ultra Marin Raid du Golfe<\/strong>\u00a0<strong>du Morbihan<\/strong>\u00a0y pasar un buen rato deportivo en un marco excepcional.\u00a0<strong>Breta\u00f1a Sur<\/strong> de <strong>Del 26 al 29 de junio de 2025.<\/strong><\/p><p>\u00a0<\/p><p>Este acontecimiento deportivo se celebra cada a\u00f1o desde 2005 e incluye varias carreras a pie de entre 28 km y 175 km. El at\u00edpico recorrido pasa por 16 ciudades del coraz\u00f3n del sur de Breta\u00f1a, entre ellas Vannes y Auray, as\u00ed como S\u00e9n\u00e9, Theix-Noyalo, Le H\u00e9zo, Saint-Armel, Sarzeau, Saint Gildas, Arzon, Locmariaquer, Crach, Pluneret, Le Bono, Baden, Larmor-Baden y Arradon.<\/p><p>\u00a0<\/p><p>El recorrido, rico y diversificado en un marco natural excepcional, permite alcanzar un alto nivel de forma f\u00edsica.\u00a0<strong>reto deportivo<\/strong>\u00a0d\u00eda y noche.\u00a0<\/p><p>\u00a0<\/p><p>Si no participa en la carrera, tambi\u00e9n puede descubrir el\u00a0<strong>Pueblo Ultra Marin<\/strong>\u00a0en la explanada del\u00a0<strong>puerto de Vannes<\/strong>\u00a0donde habr\u00e1 una gran cantidad de stands y eventos, as\u00ed como el podio. Tambi\u00e9n es el punto de salida del Grand Raid de 175 km y de los relevos por equipos, y el punto de llegada de todas las pruebas.<\/p><p>\u00a0<\/p><p>&gt; Para m\u00e1s informaci\u00f3n, visite\u00a0<strong><a title=\"ultra marin raid du golfe\" href=\"https:\/\/www.ultra-marin.fr\/\" rel=\"nofollow noopener\" target=\"_blank\">P\u00e1gina web oficial de Ultra Marin<\/a><\/strong>\u00a0de la carrera.<\/p><p><strong><em>Todo el equipo de Kyriad Vannes centre-ville estar\u00e1 encantado de recibirte en este evento deportivo \ud83d\ude42 .<\/em><\/strong><\/p><p>\u00a0<\/p><div class=\"av-special-heading av-special-heading-h3 blockquote modern-quote avia-builder-el-3 el_before_av_textblock avia-builder-el-first\"><h2 class=\"av-special-heading-tag\">Una escapada deportiva al golfo de Morbihan, en el sur de Breta\u00f1a<\/h2><\/div><p>Durante su<strong>\u00a0vacaciones deportivas en el golfo de Morbihan<\/strong>Se ofrecen multitud de actividades deportivas, desde deportes n\u00e1uticos a ciclismo, equitaci\u00f3n, paracaidismo... Escuelas de vela, empresas de alquiler de kayaks y remos y otros profesionales estar\u00e1n a su disposici\u00f3n para guiarle en su recorrido por la costa.\u00a0<strong>un lugar excepcional en el Golfo de Morbihan<\/strong>.<\/p><p>\u00a0<\/p><p>A orillas de la Petite Mer o en la campi\u00f1a cercana, practique senderismo, ciclismo o equitaci\u00f3n. A lo largo del camino, encontrar\u00e1 numerosos peque\u00f1os enclaves patrimoniales, como capillas, lavaderos abandonados, menhires y molinos de anta\u00f1o...<\/p><p>\u00a0<\/p><p>Algunas casas con entramado de madera, como las del\u00a0<strong>puerto de Saint-Goustan<\/strong>Con sus calles empedradas bordeadas de peque\u00f1os restaurantes, las casitas de pescadores a lo largo de los senderos costeros y las antiguas casas de piedra bretonas en las callejuelas de los pueblos, es un lugar magn\u00edfico para descubrir durante sus vacaciones deportivas. En el\u00a0<strong>Marismas del S\u00e9n\u00e9<\/strong>\u00a0o los de Le H\u00e9zo y Saint-Armel, \u00a1le esperan multitud de especies de aves!<\/p>\t\t\t\t\t\t\t\t<\/div>\n\t\t\t\t<\/div>\n\t\t\t\t\t<\/div>\n\t\t\t\t<\/div>\n\t\t\t\t<\/div>","protected":false},"excerpt":{"rendered":"<p>Pour sa 20\u00e8me \u00e9dition, l&rsquo;Ultra Marin attend les trailers pour 175km dans le Golfe du Morbihan Du 26 au 29 juin 2025, rejoignez-nous \u00e0 l&rsquo;h\u00f4tel Kyriad Vannes centre-ville\u00a0en Bretagne, pour une rencontre sportive unique en France : l&rsquo;Ultra Marin raid du Golfe. Une aventure humaine et conviviale. L&rsquo;Ultra Marin raid du Golfe du Morbihan propose [&hellip;]<\/p>\n","protected":false},"author":7,"featured_media":9064,"comment_status":"closed","ping_status":"open","sticky":false,"template":"","format":"standard","meta":{"_acf_changed":false,"inline_featured_image":false,"footnotes":""},"categories":[16],"tags":[],"class_list":["post-9063","post","type-post","status-publish","format-standard","has-post-thumbnail","hentry","category-actualites"],"acf":[],"_links":{"self":[{"href":"https:\/\/www.kyriad-vannes.fr\/es\/wp-json\/wp\/v2\/posts\/9063","targetHints":{"allow":["GET"]}}],"collection":[{"href":"https:\/\/www.kyriad-vannes.fr\/es\/wp-json\/wp\/v2\/posts"}],"about":[{"href":"https:\/\/www.kyriad-vannes.fr\/es\/wp-json\/wp\/v2\/types\/post"}],"author":[{"embeddable":true,"href":"https:\/\/www.kyriad-vannes.fr\/es\/wp-json\/wp\/v2\/users\/7"}],"replies":[{"embeddable":true,"href":"https:\/\/www.kyriad-vannes.fr\/es\/wp-json\/wp\/v2\/comments?post=9063"}],"version-history":[{"count":7,"href":"https:\/\/www.kyriad-vannes.fr\/es\/wp-json\/wp\/v2\/posts\/9063\/revisions"}],"predecessor-version":[{"id":11413,"href":"https:\/\/www.kyriad-vannes.fr\/es\/wp-json\/wp\/v2\/posts\/9063\/revisions\/11413"}],"wp:featuredmedia":[{"embeddable":true,"href":"https:\/\/www.kyriad-vannes.fr\/es\/wp-json\/wp\/v2\/media\/9064"}],"wp:attachment":[{"href":"https:\/\/www.kyriad-vannes.fr\/es\/wp-json\/wp\/v2\/media?parent=9063"}],"wp:term":[{"taxonomy":"category","embeddable":true,"href":"https:\/\/www.kyriad-vannes.fr\/es\/wp-json\/wp\/v2\/categories?post=9063"},{"taxonomy":"post_tag","embeddable":true,"href":"https:\/\/www.kyriad-vannes.fr\/es\/wp-json\/wp\/v2\/tags?post=9063"}],"curies":[{"name":"wp","href":"https:\/\/api.w.org\/{rel}","templated":true}]}}