{"id":9084,"date":"2022-11-08T16:30:44","date_gmt":"2022-11-08T15:30:44","guid":{"rendered":"https:\/\/www.kyriad-vannes.fr\/?p=9084"},"modified":"2026-01-09T14:02:31","modified_gmt":"2026-01-09T13:02:31","slug":"sus-comidas-de-fin-de-ano-en-el-restaurante-de-vannes","status":"publish","type":"post","link":"https:\/\/www.kyriad-vannes.fr\/es\/actualites\/vos-repas-de-fin-dannee-restaurant-vannes\/","title":{"rendered":"SUS COMIDAS DE FIN DE A\u00d1O - Restaurant Vannes"},"content":{"rendered":"<div data-elementor-type=\"wp-post\" data-elementor-id=\"9084\" class=\"elementor elementor-9084\" data-elementor-post-type=\"post\">\n\t\t\t\t<div class=\"elementor-element elementor-element-70b4b18c e-flex e-con-boxed e-con e-parent\" data-id=\"70b4b18c\" data-element_type=\"container\" data-e-type=\"container\">\n\t\t\t\t\t<div class=\"e-con-inner\">\n\t\t\t\t<div class=\"elementor-element elementor-element-1b0aa6c0 elementor-widget elementor-widget-text-editor\" data-id=\"1b0aa6c0\" data-element_type=\"widget\" data-e-type=\"widget\" data-widget_type=\"text-editor.default\">\n\t\t\t\t<div class=\"elementor-widget-container\">\n\t\t\t\t\t\t\t\t\t<h2>Las fiestas - En nuestro restaurante de Vannes\u00a0<\/h2><p><strong>Empresas, asociaciones o grupos<\/strong>su\u00a0<strong><a title=\"restaurant \u00e0 l&#039;Image Sainte Anne Vannes\" href=\"https:\/\/www.kyriad-vannes.fr\/es\/restaurant-vannes.html\/\">restaurante \u00e0 l'Image Sainte-Anne<\/a><\/strong>\u00a0le ofrece un men\u00fa excepcional que puede personalizar de la A a la Z...<\/p><p>Re\u00fana a sus equipos estas fiestas con una deliciosa comida en nuestro restaurante certificado.\u00a0<strong><a title=\"restaurant vannes ma\u00eetre restaurateur hotel\" href=\"https:\/\/www.kyriad-vannes.fr\/es\/actus\/restaurant-vannes-maitre-restaurateur-a-l-image-sainte-anne-34.html\/\">Maestro restaurador<\/a><\/strong>.<\/p><p>Para celebrar la ocasi\u00f3n, el chef del restaurante \u00c0 l'Image Sainte-Anne prepara un<strong>\u00a0<\/strong><strong>men\u00fa a medida<\/strong>\u00a0!<\/p><h2>Men\u00fas de Navidad - \u00c0 l'Image Sainte-Anne en Vannes\u00a0<\/h2><p>Disfrute de un men\u00fa a su medida\u00a0<strong>Comida festiva en Vannes<\/strong>\u00a0con tus colegas o amigos.<\/p><p>Podr\u00e1 degustar platos refinados y elaborados, con sabores y productos de temporada.<\/p><p>| Aqu\u00ed tienes\u00a0<strong>dos tipos de men\u00fa<\/strong>\u00a0que ya hemos producido para las fiestas,\u00a0<strong>por ejemplo<\/strong>\u00a0:<\/p><p>\u00a0<\/p><h2><img fetchpriority=\"high\" decoding=\"async\" class=\"aligncenter wp-image-11131\" src=\"https:\/\/www.kyriad-vannes.fr\/wp-content\/uploads\/2024\/09\/repas-fin-annee-724x1024.jpg\" alt=\"\" width=\"566\" height=\"800\" title=\"\" srcset=\"https:\/\/www.kyriad-vannes.fr\/wp-content\/uploads\/2024\/09\/repas-fin-annee-724x1024.jpg 724w, https:\/\/www.kyriad-vannes.fr\/wp-content\/uploads\/2024\/09\/repas-fin-annee-212x300.jpg 212w, https:\/\/www.kyriad-vannes.fr\/wp-content\/uploads\/2024\/09\/repas-fin-annee-768x1086.jpg 768w, https:\/\/www.kyriad-vannes.fr\/wp-content\/uploads\/2024\/09\/repas-fin-annee-1086x1536.jpg 1086w, https:\/\/www.kyriad-vannes.fr\/wp-content\/uploads\/2024\/09\/repas-fin-annee-8x12.jpg 8w, https:\/\/www.kyriad-vannes.fr\/wp-content\/uploads\/2024\/09\/repas-fin-annee.jpg 1414w\" sizes=\"(max-width: 566px) 100vw, 566px\" \/><\/h2><p>\u00a0<\/p>\t\t\t\t\t\t\t\t<\/div>\n\t\t\t\t<\/div>\n\t\t\t\t<div class=\"elementor-element elementor-element-d0c6a0a elementor-widget elementor-widget-text-editor\" data-id=\"d0c6a0a\" data-element_type=\"widget\" data-e-type=\"widget\" data-widget_type=\"text-editor.default\">\n\t\t\t\t<div class=\"elementor-widget-container\">\n\t\t\t\t\t\t\t\t\t<p>En\u00a0<strong>fiestas de fin de a\u00f1o<\/strong> son momentos importantes en la vida de una empresa. Es una oportunidad para reunir a sus empleados, clientes, proveedores y socios en un ambiente cordial. Tambi\u00e9n es una oportunidad para pasar un momento entra\u00f1able con la familia y los amigos...<\/p><div class=\"thrv_wrapper thrv_text_element tve_empty_dropzone\"><p>Venga a compartir un momento de relajaci\u00f3n en el restaurante\u00a0<strong>\u00c0 l'Image Sainte-Anne<\/strong>un restaurante de renombre en Vannes.<\/p><\/div><p class=\"lightBrownFont\">En\u00a0<strong>men\u00fas festivos en Vannes<\/strong> son\u00a0<strong>disponible hasta el 31 de enero de 2026<\/strong>.<\/p><p class=\"lightBrownFont\"><strong>Solicite hoy mismo su men\u00fa festivo.\u00a0<\/strong><\/p><p>A la medida de sus deseos y su presupuesto.<\/p><p class=\"lightBrownFont\">Nuestro equipo y nuestro chef estar\u00e1n encantados de ayudarle a organizar su evento de fin de a\u00f1o.<\/p><p class=\"lightBrownFont\"><strong><em>P\u00f3ngase en contacto con nosotros en el 02 97 63 27 36 o por correo electr\u00f3nico en info@kyriad-vannescentre.com\u00a0<\/em><\/strong><\/p><p class=\"lightBrownFont\"><strong>\u00a0<\/strong><\/p><h2 class=\"content_cms\">Descubra nuestro restaurante \u00c0 l'Image Sainte-Anne en Vannes por Navidad<\/h2><p>Vaya a su\u00a0<strong><a title=\"hotel vannes centre restaurante\" href=\"https:\/\/www.kyriad-vannes.fr\/es\/\">hotel Kyriad Vannes centre-ville<\/a><\/strong>\u00a0y en su restaurante\u00a0<strong>\u00c0 l'Image Sainte-Anne\u00a0<\/strong>\u00a1para sus comidas de fin de a\u00f1o!<br \/>Desde 1948, nuestro restaurante Ma\u00eetre Restaurateur sirve cocina tradicional y creativa con un fuerte acento bret\u00f3n. Nuestros platos caseros 100% elaborados con productos locales har\u00e1n las delicias de los paladares m\u00e1s hambrientos.<\/p><p>Para su\u00a0<strong>Comida de Navidad en grupo en Vannes<\/strong>el restaurante\u00a0<strong>\u00c0 l'Image Sainte-Anne<\/strong>\u00a0le recibe de lunes a jueves de 12:00 a 14:00 y de 19:00 a 21:30, y los viernes y domingos de 12:00 a 14:00 (viernes noche, s\u00e1bado d\u00eda y domingo noche cerrado).<\/p><p>\u00a0<\/p><p><img decoding=\"async\" class=\"aligncenter wp-image-11132\" src=\"https:\/\/www.kyriad-vannes.fr\/wp-content\/uploads\/2024\/09\/repas-1024x726.jpg\" alt=\"\" width=\"564\" height=\"400\" title=\"\" srcset=\"https:\/\/www.kyriad-vannes.fr\/wp-content\/uploads\/2024\/09\/repas-1024x726.jpg 1024w, https:\/\/www.kyriad-vannes.fr\/wp-content\/uploads\/2024\/09\/repas-300x213.jpg 300w, https:\/\/www.kyriad-vannes.fr\/wp-content\/uploads\/2024\/09\/repas-768x545.jpg 768w, https:\/\/www.kyriad-vannes.fr\/wp-content\/uploads\/2024\/09\/repas-1536x1090.jpg 1536w, https:\/\/www.kyriad-vannes.fr\/wp-content\/uploads\/2024\/09\/repas-18x12.jpg 18w, https:\/\/www.kyriad-vannes.fr\/wp-content\/uploads\/2024\/09\/repas.jpg 1748w\" sizes=\"(max-width: 564px) 100vw, 564px\" \/><\/p>\t\t\t\t\t\t\t\t<\/div>\n\t\t\t\t<\/div>\n\t\t\t\t<div class=\"elementor-element elementor-element-51c6352 elementor-widget elementor-widget-text-editor\" data-id=\"51c6352\" data-element_type=\"widget\" data-e-type=\"widget\" data-widget_type=\"text-editor.default\">\n\t\t\t\t<div class=\"elementor-widget-container\">\n\t\t\t\t\t\t\t\t\t<h3 class=\"content_cms\"><br \/>El hotel-restaurante Kyriad de Vannes<\/h3><p>Idealmente situado, su\u00a0<strong>hotel-restaurante en Vannes<\/strong>\u00a0est\u00e1 en la plaza de la Liberaci\u00f3n<strong>,<\/strong>\u00a0en el centro de la ciudad.<strong>\u00a0<\/strong>El restaurante es de f\u00e1cil acceso y dispone de su propio aparcamiento privado, as\u00ed como de un amplio aparcamiento p\u00fablico gratuito a la hora de comer, por lo que es ideal para sus comidas de fin de a\u00f1o en nuestro restaurante.\u00a0<strong>En L'Image Sainte-Anne<\/strong>\u00a0!<br \/>En el<strong>hotel Kyriad Vannes centre-ville<\/strong>\u00a0de\u00a0<a href=\"https:\/\/www.kyriad-vannes.fr\/es\/chambre-vannes.html\/\">habitaciones confortables<\/a>\u00a0y c\u00e1lido\u00a0<a href=\"https:\/\/www.kyriad-vannes.fr\/es\/seminaires-vannes.html\/\">salas de seminarios<\/a>y aparcamiento privado...<br \/><br \/><\/p><p>Encuentre noticias e informaci\u00f3n sobre nuestro restaurante de Vannes en\u00a0<a href=\"https:\/\/www.kyriad-vannes.fr\/es\/FR\/actus\/l-hotel-est-aussi-present-sur-les-reseaux-hotel-kyriad-vannes-11.html\/\">red social<\/a>\u00a0\u00a1de su elecci\u00f3n!<\/p>\t\t\t\t\t\t\t\t<\/div>\n\t\t\t\t<\/div>\n\t\t\t\t\t<\/div>\n\t\t\t\t<\/div>\n\t\t\t\t<\/div>","protected":false},"excerpt":{"rendered":"<p>Les f\u00eates de fin d&rsquo;ann\u00e9e &#8211; Dans notre restaurant \u00e0 Vannes\u00a0 Entreprises, associations ou groupes, votre\u00a0restaurant \u00e0 l&rsquo;Image Sainte-Anne\u00a0vous propose un menu d&rsquo;exception personnalisable de A \u00e0 Z&#8230; R\u00e9unissez\u00a0vos \u00e9quipes en ces temps de f\u00eates autour d&rsquo;un d\u00e9licieux repas dans notre restaurant certifi\u00e9\u00a0Ma\u00eetre Restaurateur. \u00c0 cette occasion, le chef du restaurant \u00c0 l&rsquo;Image Sainte-Anne vous [&hellip;]<\/p>\n","protected":false},"author":7,"featured_media":8979,"comment_status":"closed","ping_status":"open","sticky":false,"template":"","format":"standard","meta":{"_acf_changed":false,"inline_featured_image":false,"footnotes":""},"categories":[16],"tags":[],"class_list":["post-9084","post","type-post","status-publish","format-standard","has-post-thumbnail","hentry","category-actualites"],"acf":[],"_links":{"self":[{"href":"https:\/\/www.kyriad-vannes.fr\/es\/wp-json\/wp\/v2\/posts\/9084","targetHints":{"allow":["GET"]}}],"collection":[{"href":"https:\/\/www.kyriad-vannes.fr\/es\/wp-json\/wp\/v2\/posts"}],"about":[{"href":"https:\/\/www.kyriad-vannes.fr\/es\/wp-json\/wp\/v2\/types\/post"}],"author":[{"embeddable":true,"href":"https:\/\/www.kyriad-vannes.fr\/es\/wp-json\/wp\/v2\/users\/7"}],"replies":[{"embeddable":true,"href":"https:\/\/www.kyriad-vannes.fr\/es\/wp-json\/wp\/v2\/comments?post=9084"}],"version-history":[{"count":25,"href":"https:\/\/www.kyriad-vannes.fr\/es\/wp-json\/wp\/v2\/posts\/9084\/revisions"}],"predecessor-version":[{"id":11920,"href":"https:\/\/www.kyriad-vannes.fr\/es\/wp-json\/wp\/v2\/posts\/9084\/revisions\/11920"}],"wp:featuredmedia":[{"embeddable":true,"href":"https:\/\/www.kyriad-vannes.fr\/es\/wp-json\/wp\/v2\/media\/8979"}],"wp:attachment":[{"href":"https:\/\/www.kyriad-vannes.fr\/es\/wp-json\/wp\/v2\/media?parent=9084"}],"wp:term":[{"taxonomy":"category","embeddable":true,"href":"https:\/\/www.kyriad-vannes.fr\/es\/wp-json\/wp\/v2\/categories?post=9084"},{"taxonomy":"post_tag","embeddable":true,"href":"https:\/\/www.kyriad-vannes.fr\/es\/wp-json\/wp\/v2\/tags?post=9084"}],"curies":[{"name":"wp","href":"https:\/\/api.w.org\/{rel}","templated":true}]}}