{"id":9229,"date":"2024-09-27T14:23:18","date_gmt":"2024-09-27T12:23:18","guid":{"rendered":"https:\/\/www.kyriad-vannes.fr\/?p=9229"},"modified":"2025-07-23T11:44:26","modified_gmt":"2025-07-23T09:44:26","slug":"los-proveedores-de-nuestro-restaurante-en-limage-sainte-anne","status":"publish","type":"post","link":"https:\/\/www.kyriad-vannes.fr\/es\/actualites\/les-fournisseurs-de-notre-restaurant-a-limage-sainte-anne\/","title":{"rendered":"Proveedores de nuestro restaurante A l'Image Sainte-Anne"},"content":{"rendered":"<div data-elementor-type=\"wp-post\" data-elementor-id=\"9229\" class=\"elementor elementor-9229\" data-elementor-post-type=\"post\">\n\t\t\t\t<div class=\"elementor-element elementor-element-70b4b18c e-flex e-con-boxed e-con e-parent\" data-id=\"70b4b18c\" data-element_type=\"container\" data-e-type=\"container\">\n\t\t\t\t\t<div class=\"e-con-inner\">\n\t\t\t\t<div class=\"elementor-element elementor-element-91b8749 elementor-widget elementor-widget-text-editor\" data-id=\"91b8749\" data-element_type=\"widget\" data-e-type=\"widget\" data-widget_type=\"text-editor.default\">\n\t\t\t\t<div class=\"elementor-widget-container\">\n\t\t\t\t\t\t\t\t\t<p>Para nuestro\u00a0<a href=\"https:\/\/www.kyriad-vannes.fr\/es\/restaurant-vannes.html\/\"><strong>restaurante A l'Image Sainte-Anne<\/strong><\/a>Trabajar con los mejores proveedores es esencial para garantizarle un servicio de calidad. Uno no puede prescindir del otro, por lo que para nosotros es vital utilizar materias primas de calidad para nuestras recetas con sabores tradicionales.<\/p><p>\u00a0<\/p><h2 class=\"content_cms\"><strong>Destacamos a los productores con los que trabajamos<\/strong><\/h2><p>Sin duda, comer mejor no es para todo el mundo, pero cuando almuerzas o cenas en nuestro\u00a0<strong>restaurante en Vannes<\/strong>nos esforzamos al m\u00e1ximo para garantizarle el mejor servicio posible.\u00a0<strong>cocina tradicional<\/strong>con\u00a0<strong>productos frescos<\/strong>,\u00a0<strong>locales<\/strong>centr\u00e1ndose en\u00a0<strong>cortocircuitos<\/strong>.<\/p><p>Nuestro chef, Fr\u00e9d\u00e9ric Th\u00e9baud, se compromete a abastecerse de los mejores productos de\u00a0<strong>productores y proveedores<\/strong>\u00a0expertos en sus campos. Pero, \u00bfqui\u00e9nes son estos proveedores?<\/p>\t\t\t\t\t\t\t\t<\/div>\n\t\t\t\t<\/div>\n\t\t\t\t<div class=\"elementor-element elementor-element-87457f0 elementor-widget elementor-widget-image\" data-id=\"87457f0\" data-element_type=\"widget\" data-e-type=\"widget\" data-widget_type=\"image.default\">\n\t\t\t\t<div class=\"elementor-widget-container\">\n\t\t\t\t\t\t\t\t\t\t\t\t\t\t\t<img fetchpriority=\"high\" decoding=\"async\" width=\"400\" height=\"400\" src=\"https:\/\/www.kyriad-vannes.fr\/wp-content\/uploads\/2024\/09\/Fruits_de_mer_Hotel_Kyriad_Vannes_centre.png\" class=\"attachment-full size-full wp-image-9231\" alt=\"\" srcset=\"https:\/\/www.kyriad-vannes.fr\/wp-content\/uploads\/2024\/09\/Fruits_de_mer_Hotel_Kyriad_Vannes_centre.png 400w, https:\/\/www.kyriad-vannes.fr\/wp-content\/uploads\/2024\/09\/Fruits_de_mer_Hotel_Kyriad_Vannes_centre-300x300.png 300w, https:\/\/www.kyriad-vannes.fr\/wp-content\/uploads\/2024\/09\/Fruits_de_mer_Hotel_Kyriad_Vannes_centre-150x150.png 150w, https:\/\/www.kyriad-vannes.fr\/wp-content\/uploads\/2024\/09\/Fruits_de_mer_Hotel_Kyriad_Vannes_centre-12x12.png 12w\" sizes=\"(max-width: 400px) 100vw, 400px\" title=\"\">\t\t\t\t\t\t\t\t\t\t\t\t\t\t\t<\/div>\n\t\t\t\t<\/div>\n\t\t\t\t<div class=\"elementor-element elementor-element-49a4cc9 elementor-widget elementor-widget-text-editor\" data-id=\"49a4cc9\" data-element_type=\"widget\" data-e-type=\"widget\" data-widget_type=\"text-editor.default\">\n\t\t\t\t<div class=\"elementor-widget-container\">\n\t\t\t\t\t\t\t\t\t<h3 class=\"content_cms\"><strong>Marisco -\u00a0<a href=\"https:\/\/fr-fr.facebook.com\/poissonnerie.guillaume\" target=\"_blank\" rel=\"noopener noreferrer nofollow\">Poissonnerie Guillaume<\/a><\/strong><\/h3><p>Nuestra\u00a0<strong>Restaurante tradicional en Vannes<\/strong>\u00a0trabaja con la pescader\u00eda Guillaume para ofrecerle productos frescos, locales y de calidad.<\/p><p>La poissonnerie Guillaume est\u00e1 especializada en productos de pesca de bajura 100% bretones salvajes desde 1980. Encontrar\u00e1 lo mejor de la pesca de bajura directamente desde Vannes para deleitar su paladar.<\/p><h3 class=\"content_cms\"><strong>Ostras - <a href=\"https:\/\/www.huitres-creneguy.fr\/\" rel=\"nofollow noopener\" target=\"_blank\"><span class=\"OYPEnA font-feature-liga-off font-feature-clig-off font-feature-calt-off text-decoration-none text-strikethrough-none\">Ostras de Cr\u00e9n\u00e9guy<\/span><\/a><\/strong><\/h3><p>Las ostras de la carta de nuestro restaurante proceden de Hu\u00eetres Cr\u00e9n\u00e9guy,\u00a0<span class=\"OYPEnA font-feature-liga-off font-feature-clig-off font-feature-calt-off text-decoration-none text-strikethrough-none\">en Larmor-Baden<\/span>. Son ostras de calidad medalla.<\/p><p><strong><em>\u00bfSabes por qu\u00e9?<\/em><\/strong><\/p><p><em>Situado en Larmor-Baden, en el\u00a0<strong>Golfo de Morbihan<\/strong>Esta empresa familiar es uno de los principales actores del mundo de la ostra bretona. Desde 1935, la familia se esfuerza por conseguir un sabor incomparable.<\/em><\/p><p><em>En el Concours G\u00e9n\u00e9ral Agricole de Par\u00eds, en febrero de 2024, el ostricultor Nicolas Cr\u00e9n\u00e9guy gan\u00f3 el <strong>medalla de oro<\/strong>\u00a0por sus suculentas ostras huecas.<\/em><\/p><h3 class=\"content_cms\"><strong>La cremer\u00eda y nuestra tienda de comestibles -\u00a0<a href=\"https:\/\/www.laiterie-legall.fr\/\" target=\"_blank\" rel=\"noopener noreferrer nofollow\">Casa Le Gall<\/a><\/strong><\/h3><p>La Laiterie Le Gall ofrece una selecci\u00f3n de productos l\u00e1cteos tradicionales. Lecher\u00eda familiar tradicional de Quimper desde 1923, se compromete a cultivar la excelencia del aut\u00e9ntico saber hacer.<\/p><p><strong><em>\u00bfLo sab\u00edas?<\/em><\/strong><br \/><em>Toda la mantequilla producida por la lecher\u00eda Le Gall se elabora exclusivamente en mantequeras de barril. Se trata de una herramienta utilizada para transformar la nata de la leche en mantequilla. Este proceso de fabricaci\u00f3n tradicional consiste en batir y amasar lentamente la nata para obtener un resultado excepcional.<\/em><\/p><h3 class=\"content_cms\"><strong>Frutas y hortalizas -\u00a0<a href=\"http:\/\/www.leroux-primeurs.fr\/\" target=\"_blank\" rel=\"noopener noreferrer nofollow\">Le Roux<\/a><\/strong><\/h3><p>Establecido en Vannes desde 1979, Le Roux est\u00e1 especializado en la distribuci\u00f3n de frutas y hortalizas a los profesionales de la restauraci\u00f3n.<\/p><p>Como mayorista de frutas y hortalizas, Le Roux trabaja en estrecha colaboraci\u00f3n con\u00a0<strong>productores locales<\/strong>con especial atenci\u00f3n a\u00a0<strong>productos regionales y de temporada<\/strong>\u00a0para preservar todas las cualidades gustativas de cada producto.<\/p><h3 data-start=\"105\" data-end=\"140\"><strong>Agua microfiltrada - <a href=\"https:\/\/ioz-eau.fr\/\" rel=\"nofollow noopener\" target=\"_blank\">IOZ Agua<\/a><\/strong><\/h3><p data-start=\"141\" data-end=\"442\">Para un agua siempre pura y equilibrada, confiamos en <strong data-start=\"208\" data-end=\"219\">IOZ Agua<\/strong>Empresa de Breta\u00f1a especializada en fuentes de microfiltraci\u00f3n. Proporcionan agua del grifo libre de cloro, cal e impurezas, preservando al mismo tiempo los minerales esenciales.<\/p><p data-start=\"444\" data-end=\"632\"><em><strong data-start=\"444\" data-end=\"464\">\u00bfLo sab\u00edas?<\/strong><\/em><br data-start=\"464\" data-end=\"467\" \/><em>IOZ Eau ofrece una alternativa local y ecol\u00f3gica al agua embotellada, al tiempo que garantiza la m\u00e1xima calidad para acompa\u00f1ar sus comidas... y sus mejores vinos.<\/em><\/p><h2>\u00a0<\/h2><h2 class=\"content_cms\"><strong>En l'Image Sainte-Anne podr\u00e1 disfrutar de una cocina tradicional y casera.<\/strong><\/h2><p>Nuestro restaurante, certificado desde 2013\u00a0<strong><a href=\"https:\/\/www.kyriad-vannes.fr\/es\/FR\/actus\/le-restaurant-a-l-image-sainte-anne-a-vannes-certifie-maitre-restaurateur-34.html\/\">Maestro restaurador<\/a><\/strong>\u00a0le ofrece durante todo el a\u00f1o\u00a0<strong>cocina tradicional<\/strong>sabrosos y, sobre todo, caseros. Este t\u00edtulo pone de relieve la excelencia de los restauradores tradicionales franceses y reconoce su destreza y su compromiso con la utilizaci\u00f3n de los mejores ingredientes.\u00a0<strong>productos locales frescos<\/strong>. Restaurante de renombre desde 1948, el\u00a0<strong>restaurante A l'Image Sainte-Anne<\/strong>\u00a0desea compartir con usted\u00a0<strong><a href=\"https:\/\/www.instagram.com\/restaurant_a_image_sainte_anne\/?hl=fr\" target=\"_blank\" rel=\"noopener noreferrer nofollow\">Cuenta Instagram<\/a><\/strong>\u00a0algunas de sus recetas en previsi\u00f3n de su inminente reapertura.<\/p><ul><li><strong><a href=\"https:\/\/www.kyriad-vannes.fr\/es\/FR\/actus\/les-recettes-de-notre-chef-qui-vous-rappellent-a-limage-sainte-anne-166.html\/\">Descubra ahora nuestras recetas<\/a><\/strong><\/li><\/ul><p>Y detr\u00e1s de nuestro restaurante de calidad, tenemos la suerte de trabajar con un equipo entregado, que se esfuerza cada d\u00eda para ofrecerle el mejor servicio. Audacia, amabilidad y experiencia son las palabras clave de este equipo.<\/p><ul><li><a href=\"https:\/\/www.kyriad-vannes.fr\/es\/FR\/actus\/lequipe-de-notre-restaurant-a-limage-sainte-anne-et-ses-portraits-169.html\/\"><strong>Descubra<\/strong>\u00a0<\/a><strong><a href=\"https:\/\/www.kyriad-vannes.fr\/es\/FR\/actus\/lequipe-de-notre-restaurant-a-limage-sainte-anne-et-ses-portraits-169.html\/\">la historia de nuestro restaurante en Vannes<\/a><\/strong>.<\/li><\/ul>\t\t\t\t\t\t\t\t<\/div>\n\t\t\t\t<\/div>\n\t\t\t\t\t<\/div>\n\t\t\t\t<\/div>\n\t\t\t\t<\/div>","protected":false},"excerpt":{"rendered":"<p>Pour notre\u00a0restaurant A l\u2019Image Sainte-Anne, collaborer avec les meilleurs fournisseurs est indispensable pour vous garantir un service de qualit\u00e9. L\u2019un de va pas sans l\u2019autre, il est alors primordial pour nous d\u2019utiliser des mati\u00e8res premi\u00e8res de qualit\u00e9 pour nos recettes aux saveurs traditionnelles. \u00a0 Mettre en valeur les producteurs avec lesquels nous travaillons Mieux manger [&hellip;]<\/p>\n","protected":false},"author":2,"featured_media":8956,"comment_status":"closed","ping_status":"open","sticky":false,"template":"","format":"standard","meta":{"_acf_changed":false,"inline_featured_image":false,"footnotes":""},"categories":[16],"tags":[],"class_list":["post-9229","post","type-post","status-publish","format-standard","has-post-thumbnail","hentry","category-actualites"],"acf":[],"_links":{"self":[{"href":"https:\/\/www.kyriad-vannes.fr\/es\/wp-json\/wp\/v2\/posts\/9229","targetHints":{"allow":["GET"]}}],"collection":[{"href":"https:\/\/www.kyriad-vannes.fr\/es\/wp-json\/wp\/v2\/posts"}],"about":[{"href":"https:\/\/www.kyriad-vannes.fr\/es\/wp-json\/wp\/v2\/types\/post"}],"author":[{"embeddable":true,"href":"https:\/\/www.kyriad-vannes.fr\/es\/wp-json\/wp\/v2\/users\/2"}],"replies":[{"embeddable":true,"href":"https:\/\/www.kyriad-vannes.fr\/es\/wp-json\/wp\/v2\/comments?post=9229"}],"version-history":[{"count":16,"href":"https:\/\/www.kyriad-vannes.fr\/es\/wp-json\/wp\/v2\/posts\/9229\/revisions"}],"predecessor-version":[{"id":11595,"href":"https:\/\/www.kyriad-vannes.fr\/es\/wp-json\/wp\/v2\/posts\/9229\/revisions\/11595"}],"wp:featuredmedia":[{"embeddable":true,"href":"https:\/\/www.kyriad-vannes.fr\/es\/wp-json\/wp\/v2\/media\/8956"}],"wp:attachment":[{"href":"https:\/\/www.kyriad-vannes.fr\/es\/wp-json\/wp\/v2\/media?parent=9229"}],"wp:term":[{"taxonomy":"category","embeddable":true,"href":"https:\/\/www.kyriad-vannes.fr\/es\/wp-json\/wp\/v2\/categories?post=9229"},{"taxonomy":"post_tag","embeddable":true,"href":"https:\/\/www.kyriad-vannes.fr\/es\/wp-json\/wp\/v2\/tags?post=9229"}],"curies":[{"name":"wp","href":"https:\/\/api.w.org\/{rel}","templated":true}]}}