{"id":9235,"date":"2025-04-27T14:31:51","date_gmt":"2025-04-27T12:31:51","guid":{"rendered":"https:\/\/www.kyriad-vannes.fr\/?p=9235"},"modified":"2025-06-19T10:38:11","modified_gmt":"2025-06-19T08:38:11","slug":"que-hacer-en-vannes-y-sus-alrededores-este-verano","status":"publish","type":"post","link":"https:\/\/www.kyriad-vannes.fr\/es\/actualites\/que-faire-a-vannes-et-ses-alentours-cet-ete\/","title":{"rendered":"\u00bfQu\u00e9 hacer en Vannes y sus alrededores este verano?"},"content":{"rendered":"<div data-elementor-type=\"wp-post\" data-elementor-id=\"9235\" class=\"elementor elementor-9235\" data-elementor-post-type=\"post\">\n\t\t\t\t<div class=\"elementor-element elementor-element-70b4b18c e-flex e-con-boxed e-con e-parent\" data-id=\"70b4b18c\" data-element_type=\"container\" data-e-type=\"container\">\n\t\t\t\t\t<div class=\"e-con-inner\">\n\t\t\t\t<div class=\"elementor-element elementor-element-91b8749 elementor-widget elementor-widget-text-editor\" data-id=\"91b8749\" data-element_type=\"widget\" data-e-type=\"widget\" data-widget_type=\"text-editor.default\">\n\t\t\t\t<div class=\"elementor-widget-container\">\n\t\t\t\t\t\t\t\t\t<p>\u00bfVa a venir pronto a alojarse con nosotros, o tiene previsto hacerlo pero a\u00fan no sabe qu\u00e9 hacer? No se preocupe, Morbihan Sur es conocido por su riqueza cultural y deportiva. Sea cual sea el d\u00eda o el lugar, \u00a1siempre hay algo que hacer! Consulte la lista de eventos musicales, culturales y deportivos en Morbihan.<\/p><p><em>La ciudad de Vannes y sus alrededores cuentan con una gran cantidad de\u00a0<a href=\"https:\/\/www.morbihan.com\/accueil\/agenda\" target=\"_blank\" rel=\"noopener noreferrer nofollow\">numerosos actos durante la temporada estival<\/a>Volver\u00e1 de sus vacaciones con recuerdos inolvidables.<\/em><\/p><p>\u00a0<\/p><h2 class=\"content_cms\">Lista de actos en Vannes y sus alrededores\u00a0<\/h2><p>\u00a0<\/p><h3 class=\"content_cms\">Arte y exposiciones<\/h3><ul><li>Le\u00a0<strong>Festival de fotograf\u00eda de La Gacilly<\/strong>creado en 2004, presenta cada a\u00f1o una experiencia fotogr\u00e1fica inmersiva en el coraz\u00f3n del pueblo de La Gacilly. Para los aficionados a la fotograf\u00eda, se trata de un acontecimiento ineludible, ya que el espacio p\u00fablico se convierte en un espacio para compartir, con acceso gratuito para todos.<\/li><li>Le\u00a0<strong>DeDale<\/strong>\u00a0en Vannes es un espacio creativo ef\u00edmero y totalmente inmersivo en la orilla izquierda. No se pierda este lugar at\u00edpico para un fest\u00edn para los ojos.<\/li><\/ul><h3 class=\"content_cms\">Eventos deportivos\u00a0<\/h3><ul><li>L'<strong>Ultra Marin Raid Golfe<\/strong>\u00a0que tendr\u00e1 lugar los d\u00edas 4 y 5 de julio de 2021, es una carrera dividida en 6 pruebas que re\u00fane cada a\u00f1o a\u00a0<br \/><br \/><\/li><li>Le\u00a0<strong>Marat\u00f3n de Vannes<\/strong>se celebrar\u00e1 el 17 de octubre de 2021 y contar\u00e1 con la participaci\u00f3n de 2.000 corredores. La carrera discurrir\u00e1 por unos paisajes notables en Vannes y sus alrededores.\u00a0<br \/><br \/><\/li><\/ul><h3 class=\"content_cms\">Festival\u00a0<\/h3><ul><li>Es imposible hablar de un festival sin mencionar el\u00a0<strong>Festival Interc\u00e9ltico de Lorient<\/strong>Este es el acontecimiento que no debe perderse si se encuentra en la zona. Del 6 al 15 de agosto de 2021, Breta\u00f1a ser\u00e1 el centro de atenci\u00f3n.<br \/><br \/><\/li><li>Del 29 de julio al 1 de agosto de 2021, puede venir a Malestroit para el festival\u00a0<strong>Au Pont du Rock<\/strong>Es el festival de rock de verano m\u00e1s antiguo de Breta\u00f1a, y lleva celebr\u00e1ndose desde 1989.<br \/><br \/><\/li><li>En\u00a0<strong>Galettes du Monde<\/strong>\u00a0En Sainte-Anne d'Auray, la 14\u00aa edici\u00f3n de este festival tendr\u00e1 lugar los d\u00edas 28 y 29 de agosto de 2021.<br \/><br \/><\/li><\/ul><h3 class=\"content_cms\">Religioso<\/h3><ul><li>\u00a0Le\u00a0<strong>Gran Perd\u00f3n de Sainte-Anne d'Auray<\/strong>\u00a0es un acontecimiento religioso que atrae cada a\u00f1o a no menos de 20.000 peregrinos, y tendr\u00e1 lugar los d\u00edas 25 y 26 de julio de 2021.<\/li><\/ul>\t\t\t\t\t\t\t\t<\/div>\n\t\t\t\t<\/div>\n\t\t\t\t\t<\/div>\n\t\t\t\t<\/div>\n\t\t\t\t<\/div>","protected":false},"excerpt":{"rendered":"<p>Vous s\u00e9journez chez nous prochainement, ou avez pr\u00e9vu de s\u00e9journer mais vous ne savez pas encore quoi faire\u00a0? Pas de panique, le Morbihan Sud est bien connu pour la richesse de ses manifestations culturelles et sportives. Quel que soit le jour et l&rsquo;endroit, il y aura toujours quelque chose \u00e0 faire ! D\u00e9couvrez sans plus [&hellip;]<\/p>\n","protected":false},"author":2,"featured_media":8964,"comment_status":"closed","ping_status":"open","sticky":false,"template":"","format":"standard","meta":{"_acf_changed":false,"inline_featured_image":false,"footnotes":""},"categories":[16],"tags":[],"class_list":["post-9235","post","type-post","status-publish","format-standard","has-post-thumbnail","hentry","category-actualites"],"acf":[],"_links":{"self":[{"href":"https:\/\/www.kyriad-vannes.fr\/es\/wp-json\/wp\/v2\/posts\/9235","targetHints":{"allow":["GET"]}}],"collection":[{"href":"https:\/\/www.kyriad-vannes.fr\/es\/wp-json\/wp\/v2\/posts"}],"about":[{"href":"https:\/\/www.kyriad-vannes.fr\/es\/wp-json\/wp\/v2\/types\/post"}],"author":[{"embeddable":true,"href":"https:\/\/www.kyriad-vannes.fr\/es\/wp-json\/wp\/v2\/users\/2"}],"replies":[{"embeddable":true,"href":"https:\/\/www.kyriad-vannes.fr\/es\/wp-json\/wp\/v2\/comments?post=9235"}],"version-history":[{"count":4,"href":"https:\/\/www.kyriad-vannes.fr\/es\/wp-json\/wp\/v2\/posts\/9235\/revisions"}],"predecessor-version":[{"id":9239,"href":"https:\/\/www.kyriad-vannes.fr\/es\/wp-json\/wp\/v2\/posts\/9235\/revisions\/9239"}],"wp:featuredmedia":[{"embeddable":true,"href":"https:\/\/www.kyriad-vannes.fr\/es\/wp-json\/wp\/v2\/media\/8964"}],"wp:attachment":[{"href":"https:\/\/www.kyriad-vannes.fr\/es\/wp-json\/wp\/v2\/media?parent=9235"}],"wp:term":[{"taxonomy":"category","embeddable":true,"href":"https:\/\/www.kyriad-vannes.fr\/es\/wp-json\/wp\/v2\/categories?post=9235"},{"taxonomy":"post_tag","embeddable":true,"href":"https:\/\/www.kyriad-vannes.fr\/es\/wp-json\/wp\/v2\/tags?post=9235"}],"curies":[{"name":"wp","href":"https:\/\/api.w.org\/{rel}","templated":true}]}}