{"id":9254,"date":"2025-06-15T14:43:52","date_gmt":"2025-06-15T12:43:52","guid":{"rendered":"https:\/\/www.kyriad-vannes.fr\/?p=9254"},"modified":"2026-01-09T14:19:10","modified_gmt":"2026-01-09T13:19:10","slug":"comidas-de-grupo-alquiler-de-salas-para-sus-eventos-privados","status":"publish","type":"post","link":"https:\/\/www.kyriad-vannes.fr\/es\/actualites\/repas-de-groupe-location-de-salle-pour-vos-evenements-prives\/","title":{"rendered":"Comidas para grupos: alquiler de salas para sus eventos privados"},"content":{"rendered":"<div data-elementor-type=\"wp-post\" data-elementor-id=\"9254\" class=\"elementor elementor-9254\" data-elementor-post-type=\"post\">\n\t\t\t\t<div class=\"elementor-element elementor-element-70b4b18c e-flex e-con-boxed e-con e-parent\" data-id=\"70b4b18c\" data-element_type=\"container\" data-e-type=\"container\">\n\t\t\t\t\t<div class=\"e-con-inner\">\n\t\t\t\t<div class=\"elementor-element elementor-element-91b8749 elementor-widget elementor-widget-text-editor\" data-id=\"91b8749\" data-element_type=\"widget\" data-e-type=\"widget\" data-widget_type=\"text-editor.default\">\n\t\t\t\t<div class=\"elementor-widget-container\">\n\t\t\t\t\t\t\t\t\t<p><strong>\u00bfDesea organizar una comida de grupo en Vannes? El hotel Kyriad Vannes Centre-Ville y su restaurante\u00a0<a title=\"restaurante vannes\" href=\"https:\/\/www.kyriad-vannes.fr\/es\/restaurant-vannes.html\/\">\u00c0 l'Image Sainte-Anne<\/a>\u00a0\u00a1est\u00e1n aqu\u00ed para usted!<\/strong><\/p><p>\u00a0<\/p><h2 class=\"content_cms\">Organizaci\u00f3n de eventos privados<\/h2><p>Para organizar su\u00a0<strong>funciones privadas<\/strong>El restaurante de nuestro hotel dispone de una sala especialmente adaptada para acoger a sus invitados en un evento inolvidable.\u00a0<strong>comida o cena de grupo<\/strong>.<\/p><p>No faltan ocasiones para organizar una fiesta o una salida nocturna.<strong>\u00a0comida de grupo<\/strong>. Ya sea un evento familiar, una fiesta de cumplea\u00f1os, una boda, una comuni\u00f3n, un bautizo o una despedida, nuestro equipo le recibir\u00e1 con los brazos abiertos y se adaptar\u00e1 a cada ocasi\u00f3n.<\/p><p><strong><br \/>Para disfrutar de un ambiente c\u00e1lido y acogedor, elija el\u00a0<a title=\"hotel vannes centre-ville\" href=\"https:\/\/www.kyriad-vannes.fr\/es\/hotel-vannes.html\/\">Kyriad Vannes Centre-Ville<\/a>.<\/strong><\/p><p>\u00a0<\/p>\t\t\t\t\t\t\t\t<\/div>\n\t\t\t\t<\/div>\n\t\t\t\t\t<\/div>\n\t\t\t\t<\/div>\n\t\t<div class=\"elementor-element elementor-element-e147c34 e-flex e-con-boxed e-con e-parent\" data-id=\"e147c34\" data-element_type=\"container\" data-e-type=\"container\">\n\t\t\t\t\t<div class=\"e-con-inner\">\n\t\t\t\t<div class=\"elementor-element elementor-element-7be024f elementor-widget elementor-widget-image\" data-id=\"7be024f\" data-element_type=\"widget\" data-e-type=\"widget\" data-widget_type=\"image.default\">\n\t\t\t\t<div class=\"elementor-widget-container\">\n\t\t\t\t\t\t\t\t\t\t\t\t\t\t\t<img fetchpriority=\"high\" decoding=\"async\" width=\"900\" height=\"600\" src=\"https:\/\/www.kyriad-vannes.fr\/wp-content\/uploads\/2024\/09\/Table_restaurant_A_Image_Sainte_Anne_Vannes.jpg\" class=\"attachment-full size-full wp-image-9256\" alt=\"\" srcset=\"https:\/\/www.kyriad-vannes.fr\/wp-content\/uploads\/2024\/09\/Table_restaurant_A_Image_Sainte_Anne_Vannes.jpg 900w, https:\/\/www.kyriad-vannes.fr\/wp-content\/uploads\/2024\/09\/Table_restaurant_A_Image_Sainte_Anne_Vannes-300x200.jpg 300w, https:\/\/www.kyriad-vannes.fr\/wp-content\/uploads\/2024\/09\/Table_restaurant_A_Image_Sainte_Anne_Vannes-768x512.jpg 768w, https:\/\/www.kyriad-vannes.fr\/wp-content\/uploads\/2024\/09\/Table_restaurant_A_Image_Sainte_Anne_Vannes-18x12.jpg 18w\" sizes=\"(max-width: 900px) 100vw, 900px\" title=\"\">\t\t\t\t\t\t\t\t\t\t\t\t\t\t\t<\/div>\n\t\t\t\t<\/div>\n\t\t\t\t<div class=\"elementor-element elementor-element-555bff8 elementor-widget elementor-widget-text-editor\" data-id=\"555bff8\" data-element_type=\"widget\" data-e-type=\"widget\" data-widget_type=\"text-editor.default\">\n\t\t\t\t<div class=\"elementor-widget-container\">\n\t\t\t\t\t\t\t\t\t<h2 class=\"content_cms\">Celebre sus eventos con estilo<\/h2><p>Sus eventos privados merecen celebrarse por todo lo alto. Y no hay nada mejor que una comida bistron\u00f3mica en un entorno elegante.\u00a0<strong>entorno agradable y acogedor<\/strong>.<\/p><p>Cumplea\u00f1os, bautizos, comuniones, bodas, despedidas... cada ocasi\u00f3n tiene su momento para celebrarlo.<\/p><p>Desea organizar una\u00a0<strong>velada privada<\/strong>\u00bfY un acontecimiento especial? Tambi\u00e9n es posible. A<strong>\u00a0privatizaci\u00f3n de restaurantes<\/strong>\u00a0para organizar una comida en Vannes, \u00a1perfecta para sus fiestas!<\/p><p><strong><br \/>Reserve y alquile un restaurante en Vannes para sus eventos privados: \u00a1no le decepcionar\u00e1! La oportunidad de celebrar sus eventos privados de forma original.<\/strong><\/p><p>\u00a0<\/p><h3 class=\"content_cms\"><strong>Restaurante certificado Ma\u00eetre Restaurateur<\/strong><\/h3><p>Nuestra\u00a0<strong>Restaurante \u00c0 L'Image Sainte-Anne<\/strong>certificado\u00a0<a title=\"certificaci\u00f3n de maestro restaurador\" href=\"https:\/\/www.kyriad-vannes.fr\/es\/actus\/restaurant-vannes-maitre-restaurateur-a-l-image-sainte-anne-34.html\/\">Maestro restaurador<\/a>ofrece una cocina bistron\u00f3mica elaborada con productos frescos de temporada. Nuestro chef se esfuerza por encontrar el equilibrio perfecto para deleitar su paladar y ofrecerle sabores \u00fanicos.<\/p><p>El men\u00fa entre tierra y mar evoluciona con las estaciones para ofrecerle una cocina de la m\u00e1s alta calidad.<strong>\u00a0amplio acento bret\u00f3n.<\/strong>\u00a0Puede estar seguro de sorprender a sus invitados y hacerles las delicias.<\/p><p>La decoraci\u00f3n de nuestro establecimiento combina<strong>\u00a0autenticidad y modernidad<\/strong>. Busque y descubra fotogramas de la ciudad de Vannes en el\u00a0<strong>1900s<\/strong>gracias a nuestra colaboraci\u00f3n con\u00a0<a title=\"archivos municipales de vannes\" href=\"https:\/\/www.mairie-vannes.fr\/archives-municipales\" target=\"_blank\" rel=\"noopener noreferrer nofollow\"><strong>Archivos municipales de Vannes<\/strong><\/a>.<\/p><p>\u00a0<\/p><h3 class=\"content_cms\"><strong>Una velada privada con toda tranquilidad<\/strong><\/h3><p>\u00bfDesea organizar una cena para sus eventos privados y disfrutar al mismo tiempo de una agradable velada? Reserve\u00a0<strong>habitaciones de hotel para sus invitados<\/strong>\u00a0y puede estar seguro de que lo pasar\u00e1 de maravilla.<strong>\u00a0una noche de paz<\/strong>.<\/p><p>Nuestra\u00a0<a title=\"hotel confort en vannes\" href=\"https:\/\/www.kyriad-vannes.fr\/es\/chambre-vannes.html\/\"><strong>habitaciones de hotel<\/strong><\/a>\u00a0son extremadamente c\u00f3modas y est\u00e1n totalmente equipadas para su disfrute.\u00a0<strong>Almohadas de espuma con memoria<\/strong>... en una decoraci\u00f3n que combina tradici\u00f3n y modernidad.<\/p><p>Aproveche esta oportunidad para relajarse y disfrutar.<\/p><p>\u00a0<\/p><p><strong><em>Para pasarlo en grande en Vannes<\/em><\/strong><\/p>\t\t\t\t\t\t\t\t<\/div>\n\t\t\t\t<\/div>\n\t\t\t\t\t<\/div>\n\t\t\t\t<\/div>\n\t\t\t\t<\/div>","protected":false},"excerpt":{"rendered":"<p>Vous souhaitez organiser un\u00a0repas de groupe \u00e0 Vannes\u00a0? L\u2019h\u00f4tel\u00a0Kyriad Vannes Centre-Ville\u00a0et son restaurant\u00a0\u00c0 l\u2019Image Sainte-Anne\u00a0sont l\u00e0 pour vous ! \u00a0 Organisation d&rsquo;\u00e9v\u00e9nements priv\u00e9s Pour l\u2019organisation de vos\u00a0r\u00e9ceptions priv\u00e9es, le restaurant de notre h\u00f4tel propose une salle adapt\u00e9e pour accueillir vos convives lors d\u2019un\u00a0d\u00e9jeuner ou d\u00eener de groupe. Les occasions ne manquent pas pour organiser une [&hellip;]<\/p>\n","protected":false},"author":2,"featured_media":11106,"comment_status":"closed","ping_status":"open","sticky":false,"template":"","format":"standard","meta":{"_acf_changed":false,"inline_featured_image":false,"footnotes":""},"categories":[16],"tags":[],"class_list":["post-9254","post","type-post","status-publish","format-standard","has-post-thumbnail","hentry","category-actualites"],"acf":[],"_links":{"self":[{"href":"https:\/\/www.kyriad-vannes.fr\/es\/wp-json\/wp\/v2\/posts\/9254","targetHints":{"allow":["GET"]}}],"collection":[{"href":"https:\/\/www.kyriad-vannes.fr\/es\/wp-json\/wp\/v2\/posts"}],"about":[{"href":"https:\/\/www.kyriad-vannes.fr\/es\/wp-json\/wp\/v2\/types\/post"}],"author":[{"embeddable":true,"href":"https:\/\/www.kyriad-vannes.fr\/es\/wp-json\/wp\/v2\/users\/2"}],"replies":[{"embeddable":true,"href":"https:\/\/www.kyriad-vannes.fr\/es\/wp-json\/wp\/v2\/comments?post=9254"}],"version-history":[{"count":4,"href":"https:\/\/www.kyriad-vannes.fr\/es\/wp-json\/wp\/v2\/posts\/9254\/revisions"}],"predecessor-version":[{"id":9259,"href":"https:\/\/www.kyriad-vannes.fr\/es\/wp-json\/wp\/v2\/posts\/9254\/revisions\/9259"}],"wp:featuredmedia":[{"embeddable":true,"href":"https:\/\/www.kyriad-vannes.fr\/es\/wp-json\/wp\/v2\/media\/11106"}],"wp:attachment":[{"href":"https:\/\/www.kyriad-vannes.fr\/es\/wp-json\/wp\/v2\/media?parent=9254"}],"wp:term":[{"taxonomy":"category","embeddable":true,"href":"https:\/\/www.kyriad-vannes.fr\/es\/wp-json\/wp\/v2\/categories?post=9254"},{"taxonomy":"post_tag","embeddable":true,"href":"https:\/\/www.kyriad-vannes.fr\/es\/wp-json\/wp\/v2\/tags?post=9254"}],"curies":[{"name":"wp","href":"https:\/\/api.w.org\/{rel}","templated":true}]}}